{"id":40061,"date":"2024-04-19T15:15:24","date_gmt":"2024-04-19T21:15:24","guid":{"rendered":"https:\/\/cuernavaca.gob.mx\/?p=40061"},"modified":"2024-04-19T20:28:39","modified_gmt":"2024-04-20T02:28:39","slug":"f662-19-04-24-continua-cabildo-de-cuernavaca-atendiendo-rezago-de-solicitudes-de-pension","status":"publish","type":"post","link":"https:\/\/cuernavaca.gob.mx\/?p=40061","title":{"rendered":"F662 19\/04\/24 CONTINUA CABILDO DE CUERNAVACA ATENDIENDO REZAGO DE SOLICITUDES DE PENSI\u00d3N"},"content":{"rendered":"<p>Dando continuidad al compromiso asumido desde el inicio de la administraci\u00f3n, el Cabildo del Ayuntamiento de Cuernavaca aprob\u00f3 23 nuevas pensiones por jubilaci\u00f3n, cesant\u00eda en edad avanzada y viudez de trabajadores de diferentes \u00e1reas de la administraci\u00f3n central como un acto de justicia social que busca terminar con el rezago hist\u00f3rico en la materia, siendo un reconocimiento a los a\u00f1os de servicio y dedicaci\u00f3n hacia la sociedad cuernavaquense.<\/p>\n<p>&nbsp;<\/p>\n<p>Algunos de los decretos surgieron de resoluciones administrativas o amparos, mientras que otros son el resultado de haber cumplido de manera natural con el tiempo establecido en la prestaci\u00f3n de servicios y haber alcanzado los derechos que la ley establece, emanando directamente de la Comisi\u00f3n Permanente Dictaminadora de Pensiones.<\/p>\n<p>&nbsp;<\/p>\n<p>El regidor presidente de la Comisi\u00f3n Permanente Dictaminadora de Pensiones, Debendrenath Salazar Solorio, refrend\u00f3 la voluntad del cuerpo colegiado para seguir dignificando los derechos laborales de los trabajadores, tanto de la administraci\u00f3n municipal como de los organismos descentralizados, autorizando en su momento pensiones para el personal del Sistema de Agua Potable y Alcantarillado de Cuernavaca (SAPAC) y del Sistema Municipal DIF Cuernavaca.<\/p>\n<p>&nbsp;<\/p>\n\n\t\t<style type=\"text\/css\">\n\t\t\t#gallery-1 {\n\t\t\t\tmargin: auto;\n\t\t\t}\n\t\t\t#gallery-1 .gallery-item {\n\t\t\t\tfloat: left;\n\t\t\t\tmargin-top: 10px;\n\t\t\t\ttext-align: center;\n\t\t\t\twidth: 33%;\n\t\t\t}\n\t\t\t#gallery-1 img {\n\t\t\t\tborder: 2px solid #cfcfcf;\n\t\t\t}\n\t\t\t#gallery-1 .gallery-caption {\n\t\t\t\tmargin-left: 0;\n\t\t\t}\n\t\t\t\/* see gallery_shortcode() in wp-includes\/media.php *\/\n\t\t<\/style>\n\t\t<div id='gallery-1' class='gallery galleryid-40061 gallery-columns-3 gallery-size-thumbnail'><dl class='gallery-item'>\n\t\t\t<dt class='gallery-icon landscape'>\n\t\t\t\t<a href='https:\/\/cuernavaca.gob.mx\/?attachment_id=40062'><img width=\"150\" height=\"150\" src=\"https:\/\/cuernavaca.gob.mx\/wp-content\/uploads\/2024\/04\/CONTINUA-CABILDO-DE-CUERNAVACA-ATENDIENDO-REZAGO-DE-SOLICITUDES-DE-PENSIO\u0301N-1-150x150.jpg\" class=\"attachment-thumbnail size-thumbnail\" alt=\"\" loading=\"lazy\" \/><\/a>\n\t\t\t<\/dt><\/dl><dl class='gallery-item'>\n\t\t\t<dt class='gallery-icon landscape'>\n\t\t\t\t<a href='https:\/\/cuernavaca.gob.mx\/?attachment_id=40063'><img width=\"150\" height=\"150\" src=\"https:\/\/cuernavaca.gob.mx\/wp-content\/uploads\/2024\/04\/CONTINUA-CABILDO-DE-CUERNAVACA-ATENDIENDO-REZAGO-DE-SOLICITUDES-DE-PENSIO\u0301N-2-150x150.jpg\" class=\"attachment-thumbnail size-thumbnail\" alt=\"\" loading=\"lazy\" \/><\/a>\n\t\t\t<\/dt><\/dl><dl class='gallery-item'>\n\t\t\t<dt class='gallery-icon landscape'>\n\t\t\t\t<a href='https:\/\/cuernavaca.gob.mx\/?attachment_id=40064'><img width=\"150\" height=\"150\" src=\"https:\/\/cuernavaca.gob.mx\/wp-content\/uploads\/2024\/04\/CONTINUA-CABILDO-DE-CUERNAVACA-ATENDIENDO-REZAGO-DE-SOLICITUDES-DE-PENSIO\u0301N-3-150x150.jpg\" class=\"attachment-thumbnail size-thumbnail\" alt=\"\" loading=\"lazy\" \/><\/a>\n\t\t\t<\/dt><\/dl><br style=\"clear: both\" \/>\n\t\t<\/div>\n\n<p>&nbsp;<\/p>\n","protected":false},"excerpt":{"rendered":"<p>Dando continuidad al compromiso asumido desde el inicio de la administraci\u00f3n, el Cabildo del Ayuntamiento de Cuernavaca aprob\u00f3 23 nuevas pensiones por jubilaci\u00f3n, cesant\u00eda en edad avanzada y viudez de trabajadores de diferentes \u00e1reas de la administraci\u00f3n central como un acto de justicia social que busca terminar con el rezago hist\u00f3rico en la materia, siendo [&hellip;]<\/p>\n","protected":false},"author":1,"featured_media":40063,"comment_status":"closed","ping_status":"open","sticky":false,"template":"","format":"standard","meta":[],"categories":[3047],"tags":[121,2591,120,3059,206,1928,127,161,372],"aioseo_notices":[],"_links":{"self":[{"href":"https:\/\/cuernavaca.gob.mx\/index.php?rest_route=\/wp\/v2\/posts\/40061"}],"collection":[{"href":"https:\/\/cuernavaca.gob.mx\/index.php?rest_route=\/wp\/v2\/posts"}],"about":[{"href":"https:\/\/cuernavaca.gob.mx\/index.php?rest_route=\/wp\/v2\/types\/post"}],"author":[{"embeddable":true,"href":"https:\/\/cuernavaca.gob.mx\/index.php?rest_route=\/wp\/v2\/users\/1"}],"replies":[{"embeddable":true,"href":"https:\/\/cuernavaca.gob.mx\/index.php?rest_route=%2Fwp%2Fv2%2Fcomments&post=40061"}],"version-history":[{"count":1,"href":"https:\/\/cuernavaca.gob.mx\/index.php?rest_route=\/wp\/v2\/posts\/40061\/revisions"}],"predecessor-version":[{"id":40065,"href":"https:\/\/cuernavaca.gob.mx\/index.php?rest_route=\/wp\/v2\/posts\/40061\/revisions\/40065"}],"wp:featuredmedia":[{"embeddable":true,"href":"https:\/\/cuernavaca.gob.mx\/index.php?rest_route=\/wp\/v2\/media\/40063"}],"wp:attachment":[{"href":"https:\/\/cuernavaca.gob.mx\/index.php?rest_route=%2Fwp%2Fv2%2Fmedia&parent=40061"}],"wp:term":[{"taxonomy":"category","embeddable":true,"href":"https:\/\/cuernavaca.gob.mx\/index.php?rest_route=%2Fwp%2Fv2%2Fcategories&post=40061"},{"taxonomy":"post_tag","embeddable":true,"href":"https:\/\/cuernavaca.gob.mx\/index.php?rest_route=%2Fwp%2Fv2%2Ftags&post=40061"}],"curies":[{"name":"wp","href":"https:\/\/api.w.org\/{rel}","templated":true}]}}