{"id":40164,"date":"2024-04-24T16:00:50","date_gmt":"2024-04-24T22:00:50","guid":{"rendered":"https:\/\/cuernavaca.gob.mx\/?p=40164"},"modified":"2024-04-24T23:47:37","modified_gmt":"2024-04-25T05:47:37","slug":"f665-24-04-24-alumnos-de-la-uaem-atestiguan-avances-en-el-trabajo-coordinado-que-se-opera-desde-el-c4-cuernavaca-en-materia-de-prevencion","status":"publish","type":"post","link":"https:\/\/cuernavaca.gob.mx\/?p=40164","title":{"rendered":"F665 24\/04\/24 ALUMNOS DE LA UAEM ATESTIGUAN AVANCES EN EL TRABAJO COORDINADO QUE SE OPERA DESDE EL C4 CUERNAVACA EN MATERIA DE PREVENCI\u00d3N"},"content":{"rendered":"<p style=\"font-weight: 400;\">La Secretar\u00eda de Protecci\u00f3n y Auxilio Ciudadano (SEPRAC) de Cuernavaca, contin\u00faa abriendo sus puertas a estudiantes y acad\u00e9micos, para conocer funcionamiento y cumplimiento de objetivos del Centro de Control, Comando, Comunicaciones y C\u00f3mputo (C4).<\/p>\n<p>&nbsp;<\/p>\n<p style=\"font-weight: 400;\">A trav\u00e9s de la Direcci\u00f3n General de Prevenci\u00f3n Social de la Violencia, estudiantes de la Facultad de Seguridad Ciudadana y Ciencias Forenses de la UAEM, acudieron esta ocasi\u00f3n para ser testigos, part\u00edcipes, colaboradores y replicadores de las acciones en materia de seguridad y prevenci\u00f3n del C4 de Cuernavaca,<\/p>\n<p style=\"font-weight: 400;\">\n<p style=\"font-weight: 400;\">Tras la explicaci\u00f3n de parte el Director General del C4, uno de los principales temas de inter\u00e9s de los j\u00f3venes universitarios y acad\u00e9micos fueron, el funcionamiento y despliegue de los Drones para la vigilancia, prevenci\u00f3n y rescate en los diferentes pol\u00edgonos de la ciudad, que se suman desde el aire a la estrategia que en tierra se implementa por parte de la SEPRAC, dando resultados favorables en materia de seguridad.<\/p>\n<p style=\"font-weight: 400;\">\n<p style=\"font-weight: 400;\">*Esta publicaci\u00f3n es de car\u00e1cter informativo, de inter\u00e9s p\u00fablico y ajena a cualquier partido pol\u00edtico.<\/p>\n\n\t\t<style type=\"text\/css\">\n\t\t\t#gallery-1 {\n\t\t\t\tmargin: auto;\n\t\t\t}\n\t\t\t#gallery-1 .gallery-item {\n\t\t\t\tfloat: left;\n\t\t\t\tmargin-top: 10px;\n\t\t\t\ttext-align: center;\n\t\t\t\twidth: 33%;\n\t\t\t}\n\t\t\t#gallery-1 img {\n\t\t\t\tborder: 2px solid #cfcfcf;\n\t\t\t}\n\t\t\t#gallery-1 .gallery-caption {\n\t\t\t\tmargin-left: 0;\n\t\t\t}\n\t\t\t\/* see gallery_shortcode() in wp-includes\/media.php *\/\n\t\t<\/style>\n\t\t<div id='gallery-1' class='gallery galleryid-40164 gallery-columns-3 gallery-size-thumbnail'><dl class='gallery-item'>\n\t\t\t<dt class='gallery-icon landscape'>\n\t\t\t\t<a href='https:\/\/cuernavaca.gob.mx\/?attachment_id=40165'><img width=\"150\" height=\"150\" src=\"https:\/\/cuernavaca.gob.mx\/wp-content\/uploads\/2024\/04\/ALUMNOS-DE-LA-UAEM-ATESTIGUAN-AVANCES-EN-EL-TRABAJO-COORDINADO-QUE-SE-OPERA-DESDE-EL-C4-CUERNAVACA-EN-MATERIA-DE-PREVENCION-1-150x150.jpeg\" class=\"attachment-thumbnail size-thumbnail\" alt=\"\" loading=\"lazy\" \/><\/a>\n\t\t\t<\/dt><\/dl><dl class='gallery-item'>\n\t\t\t<dt class='gallery-icon landscape'>\n\t\t\t\t<a href='https:\/\/cuernavaca.gob.mx\/?attachment_id=40166'><img width=\"150\" height=\"150\" src=\"https:\/\/cuernavaca.gob.mx\/wp-content\/uploads\/2024\/04\/ALUMNOS-DE-LA-UAEM-ATESTIGUAN-AVANCES-EN-EL-TRABAJO-COORDINADO-QUE-SE-OPERA-DESDE-EL-C4-CUERNAVACA-EN-MATERIA-DE-PREVENCION-2-150x150.jpeg\" class=\"attachment-thumbnail size-thumbnail\" alt=\"\" loading=\"lazy\" \/><\/a>\n\t\t\t<\/dt><\/dl><dl class='gallery-item'>\n\t\t\t<dt class='gallery-icon landscape'>\n\t\t\t\t<a href='https:\/\/cuernavaca.gob.mx\/?attachment_id=40167'><img width=\"150\" height=\"150\" src=\"https:\/\/cuernavaca.gob.mx\/wp-content\/uploads\/2024\/04\/ALUMNOS-DE-LA-UAEM-ATESTIGUAN-AVANCES-EN-EL-TRABAJO-COORDINADO-QUE-SE-OPERA-DESDE-EL-C4-CUERNAVACA-EN-MATERIA-DE-PREVENCION-3-150x150.jpeg\" class=\"attachment-thumbnail size-thumbnail\" alt=\"\" loading=\"lazy\" \/><\/a>\n\t\t\t<\/dt><\/dl><br style=\"clear: both\" \/>\n\t\t<\/div>\n\n","protected":false},"excerpt":{"rendered":"<p>La Secretar\u00eda de Protecci\u00f3n y Auxilio Ciudadano (SEPRAC) de Cuernavaca, contin\u00faa abriendo sus puertas a estudiantes y acad\u00e9micos, para conocer funcionamiento y cumplimiento de objetivos del Centro de Control, Comando, Comunicaciones y C\u00f3mputo (C4). &nbsp; A trav\u00e9s de la Direcci\u00f3n General de Prevenci\u00f3n Social de la Violencia, estudiantes de la Facultad de Seguridad Ciudadana y [&hellip;]<\/p>\n","protected":false},"author":1,"featured_media":40166,"comment_status":"closed","ping_status":"open","sticky":false,"template":"","format":"standard","meta":[],"categories":[1],"tags":[3000,3062,121,1510,222,120,206,414,125],"aioseo_notices":[],"_links":{"self":[{"href":"https:\/\/cuernavaca.gob.mx\/index.php?rest_route=\/wp\/v2\/posts\/40164"}],"collection":[{"href":"https:\/\/cuernavaca.gob.mx\/index.php?rest_route=\/wp\/v2\/posts"}],"about":[{"href":"https:\/\/cuernavaca.gob.mx\/index.php?rest_route=\/wp\/v2\/types\/post"}],"author":[{"embeddable":true,"href":"https:\/\/cuernavaca.gob.mx\/index.php?rest_route=\/wp\/v2\/users\/1"}],"replies":[{"embeddable":true,"href":"https:\/\/cuernavaca.gob.mx\/index.php?rest_route=%2Fwp%2Fv2%2Fcomments&post=40164"}],"version-history":[{"count":1,"href":"https:\/\/cuernavaca.gob.mx\/index.php?rest_route=\/wp\/v2\/posts\/40164\/revisions"}],"predecessor-version":[{"id":40168,"href":"https:\/\/cuernavaca.gob.mx\/index.php?rest_route=\/wp\/v2\/posts\/40164\/revisions\/40168"}],"wp:featuredmedia":[{"embeddable":true,"href":"https:\/\/cuernavaca.gob.mx\/index.php?rest_route=\/wp\/v2\/media\/40166"}],"wp:attachment":[{"href":"https:\/\/cuernavaca.gob.mx\/index.php?rest_route=%2Fwp%2Fv2%2Fmedia&parent=40164"}],"wp:term":[{"taxonomy":"category","embeddable":true,"href":"https:\/\/cuernavaca.gob.mx\/index.php?rest_route=%2Fwp%2Fv2%2Fcategories&post=40164"},{"taxonomy":"post_tag","embeddable":true,"href":"https:\/\/cuernavaca.gob.mx\/index.php?rest_route=%2Fwp%2Fv2%2Ftags&post=40164"}],"curies":[{"name":"wp","href":"https:\/\/api.w.org\/{rel}","templated":true}]}}