{"id":40190,"date":"2024-04-25T14:15:53","date_gmt":"2024-04-25T20:15:53","guid":{"rendered":"https:\/\/cuernavaca.gob.mx\/?p=40190"},"modified":"2024-04-25T15:17:41","modified_gmt":"2024-04-25T21:17:41","slug":"b1702-25-04-24-inicia-ayuntamiento-de-cuernavaca-valoracion-para-apuntalar-estructura-del-acueducto-de-gualupita-danado-por-un-camion","status":"publish","type":"post","link":"https:\/\/cuernavaca.gob.mx\/?p=40190","title":{"rendered":"B1702 25\/04\/24 INICIA AYUNTAMIENTO DE CUERNAVACA VALORACI\u00d3N PARA APUNTALAR ESTRUCTURA DEL ACUEDUCTO DE GUALUPITA DA\u00d1ADO POR UN CAMI\u00d3N"},"content":{"rendered":"<ul>\n<li>La obra arquitect\u00f3nica sufri\u00f3 da\u00f1os en su estructura ubicada sobre calle Carlos Cuaglia por el paseo de un cami\u00f3n de carga con dimensiones que sobrepasaban su altura<\/li>\n<li>El INAH ha solicitado la intervenci\u00f3n inmediata del municipio para apuntalar la estructura<\/li>\n<li><\/li>\n<\/ul>\n<p>&nbsp;<\/p>\n<p>El Ayuntamiento de Cuernavaca, a trav\u00e9s de la Secretar\u00eda de Desarrollo Urbano y Obras P\u00fablicas, en coordinaci\u00f3n con el Instituto Nacional de Antropolog\u00eda e Historia (INAH), trabaja en la reparaci\u00f3n del acueducto de Gualupita que sufri\u00f3 afectaciones la tarde del mi\u00e9rcoles en su estructura ubicada en calle Carlos Cuaglia por el paso de un cami\u00f3n de carga con dimensiones que sobrepasaban la altura de esta obra arquitect\u00f3nica de finales del siglo XVIII.<\/p>\n<p>&nbsp;<\/p>\n<p>El secretario de Desarrollo Urbano y Obras P\u00fablicas, Demetrio Chavira de la Torre, explic\u00f3 que desde el mismo mi\u00e9rcoles comenzaron la revisi\u00f3n de la estructura en respuesta a la solicitud hecha por el INAH al municipio para darle una atenci\u00f3n inmediata en relaci\u00f3n a apuntalar la estructura que es de los pocos monumentos que se tienen en la ciudad con tanta historia.<\/p>\n<p>&nbsp;<\/p>\n<p>Con el apoyo de la Secretar\u00eda de Protecci\u00f3n y Auxilio Ciudadano (SEPRAC) la vialidad se cerrar\u00e1 parcialmente, ya que el apuntalamiento esta sobre el arroyo vehicular y se impedir\u00e1 que los veh\u00edculos se estacionen, a fin de salvaguardar la integridad de las personas que aqu\u00ed transitan.<\/p>\n<p>&nbsp;<\/p>\n<p>Chavira de la Torre lament\u00f3 que a pesar de que se cuenta con se\u00f1alamientos de altura m\u00e1xima, los conductores no lo respetan, generando afectaciones graves como esta que derivaron en la detenci\u00f3n del conductor del cami\u00f3n de carga, definiendo el \u00e1rea jur\u00eddica del Ayuntamiento y el INAH la ruta a implementar para que los involucrados paguen por los da\u00f1os ocasionados al acueducto del barrio de Gualupita.<\/p>\n<p>&nbsp;<\/p>\n<p>Puntualiz\u00f3 que entre las posibles soluciones para evitar que esta situaci\u00f3n se repita, est\u00e1n considerando la colocaci\u00f3n de una estructura met\u00e1lica conocida como \u201cporter\u00eda\u201d al inicio de la vialidad que determine su altura y evite el paso de veh\u00edculos que rebasen las dimensiones<\/p>\n<p>&nbsp;<\/p>\n<p>M\u00e1s informaci\u00f3n: *Esta publicaci\u00f3n es de car\u00e1cter informativo, de inter\u00e9s p\u00fablico y ajena a cualquier partido pol\u00edtico.<\/p>\n\n\t\t<style type=\"text\/css\">\n\t\t\t#gallery-1 {\n\t\t\t\tmargin: auto;\n\t\t\t}\n\t\t\t#gallery-1 .gallery-item {\n\t\t\t\tfloat: left;\n\t\t\t\tmargin-top: 10px;\n\t\t\t\ttext-align: center;\n\t\t\t\twidth: 33%;\n\t\t\t}\n\t\t\t#gallery-1 img {\n\t\t\t\tborder: 2px solid #cfcfcf;\n\t\t\t}\n\t\t\t#gallery-1 .gallery-caption {\n\t\t\t\tmargin-left: 0;\n\t\t\t}\n\t\t\t\/* see gallery_shortcode() in wp-includes\/media.php *\/\n\t\t<\/style>\n\t\t<div id='gallery-1' class='gallery galleryid-40190 gallery-columns-3 gallery-size-thumbnail'><dl class='gallery-item'>\n\t\t\t<dt class='gallery-icon portrait'>\n\t\t\t\t<a href='https:\/\/cuernavaca.gob.mx\/?attachment_id=40191'><img width=\"150\" height=\"150\" src=\"https:\/\/cuernavaca.gob.mx\/wp-content\/uploads\/2024\/04\/INICIA-AYUNTAMIENTO-DE-CUERNAVACA-VALORACIO\u0301N-PARA-APUNTALAR-ESTRUCTURA-DEL-ACUEDUCTO-DE-GUALUPITA-DAN\u0303ADO-POR-UN-CAMIO\u0301N-1-150x150.jpg\" class=\"attachment-thumbnail size-thumbnail\" alt=\"\" loading=\"lazy\" \/><\/a>\n\t\t\t<\/dt><\/dl><dl class='gallery-item'>\n\t\t\t<dt class='gallery-icon portrait'>\n\t\t\t\t<a href='https:\/\/cuernavaca.gob.mx\/?attachment_id=40192'><img width=\"150\" height=\"150\" src=\"https:\/\/cuernavaca.gob.mx\/wp-content\/uploads\/2024\/04\/INICIA-AYUNTAMIENTO-DE-CUERNAVACA-VALORACIO\u0301N-PARA-APUNTALAR-ESTRUCTURA-DEL-ACUEDUCTO-DE-GUALUPITA-DAN\u0303ADO-POR-UN-CAMIO\u0301N-2-150x150.jpg\" class=\"attachment-thumbnail size-thumbnail\" alt=\"\" loading=\"lazy\" \/><\/a>\n\t\t\t<\/dt><\/dl><dl class='gallery-item'>\n\t\t\t<dt class='gallery-icon portrait'>\n\t\t\t\t<a href='https:\/\/cuernavaca.gob.mx\/?attachment_id=40193'><img width=\"150\" height=\"150\" src=\"https:\/\/cuernavaca.gob.mx\/wp-content\/uploads\/2024\/04\/INICIA-AYUNTAMIENTO-DE-CUERNAVACA-VALORACIO\u0301N-PARA-APUNTALAR-ESTRUCTURA-DEL-ACUEDUCTO-DE-GUALUPITA-DAN\u0303ADO-POR-UN-CAMIO\u0301N-3-150x150.jpg\" class=\"attachment-thumbnail size-thumbnail\" alt=\"\" loading=\"lazy\" \/><\/a>\n\t\t\t<\/dt><\/dl><br style=\"clear: both\" \/><dl class='gallery-item'>\n\t\t\t<dt class='gallery-icon portrait'>\n\t\t\t\t<a href='https:\/\/cuernavaca.gob.mx\/?attachment_id=40194'><img width=\"150\" height=\"150\" src=\"https:\/\/cuernavaca.gob.mx\/wp-content\/uploads\/2024\/04\/INICIA-AYUNTAMIENTO-DE-CUERNAVACA-VALORACIO\u0301N-PARA-APUNTALAR-ESTRUCTURA-DEL-ACUEDUCTO-DE-GUALUPITA-DAN\u0303ADO-POR-UN-CAMIO\u0301N-4-150x150.jpg\" class=\"attachment-thumbnail size-thumbnail\" alt=\"\" loading=\"lazy\" \/><\/a>\n\t\t\t<\/dt><\/dl><dl class='gallery-item'>\n\t\t\t<dt class='gallery-icon landscape'>\n\t\t\t\t<a href='https:\/\/cuernavaca.gob.mx\/?attachment_id=40195'><img width=\"150\" height=\"150\" src=\"https:\/\/cuernavaca.gob.mx\/wp-content\/uploads\/2024\/04\/INICIA-AYUNTAMIENTO-DE-CUERNAVACA-VALORACIO\u0301N-PARA-APUNTALAR-ESTRUCTURA-DEL-ACUEDUCTO-DE-GUALUPITA-DAN\u0303ADO-POR-UN-CAMIO\u0301N-5-150x150.jpg\" class=\"attachment-thumbnail size-thumbnail\" alt=\"\" loading=\"lazy\" \/><\/a>\n\t\t\t<\/dt><\/dl><dl class='gallery-item'>\n\t\t\t<dt class='gallery-icon portrait'>\n\t\t\t\t<a href='https:\/\/cuernavaca.gob.mx\/?attachment_id=40196'><img width=\"150\" height=\"150\" src=\"https:\/\/cuernavaca.gob.mx\/wp-content\/uploads\/2024\/04\/INICIA-AYUNTAMIENTO-DE-CUERNAVACA-VALORACIO\u0301N-PARA-APUNTALAR-ESTRUCTURA-DEL-ACUEDUCTO-DE-GUALUPITA-DAN\u0303ADO-POR-UN-CAMIO\u0301N-6-150x150.jpg\" class=\"attachment-thumbnail size-thumbnail\" alt=\"\" loading=\"lazy\" \/><\/a>\n\t\t\t<\/dt><\/dl><br style=\"clear: both\" \/>\n\t\t<\/div>\n\n","protected":false},"excerpt":{"rendered":"<p>La obra arquitect\u00f3nica sufri\u00f3 da\u00f1os en su estructura ubicada sobre calle Carlos Cuaglia por el paseo de un cami\u00f3n de carga con dimensiones que sobrepasaban su altura El INAH ha solicitado la intervenci\u00f3n inmediata del municipio para apuntalar la estructura &nbsp; El Ayuntamiento de Cuernavaca, a trav\u00e9s de la Secretar\u00eda de Desarrollo Urbano y Obras [&hellip;]<\/p>\n","protected":false},"author":1,"featured_media":40195,"comment_status":"closed","ping_status":"open","sticky":false,"template":"","format":"standard","meta":[],"categories":[18],"tags":[3386,121,120,206,3399],"aioseo_notices":[],"_links":{"self":[{"href":"https:\/\/cuernavaca.gob.mx\/index.php?rest_route=\/wp\/v2\/posts\/40190"}],"collection":[{"href":"https:\/\/cuernavaca.gob.mx\/index.php?rest_route=\/wp\/v2\/posts"}],"about":[{"href":"https:\/\/cuernavaca.gob.mx\/index.php?rest_route=\/wp\/v2\/types\/post"}],"author":[{"embeddable":true,"href":"https:\/\/cuernavaca.gob.mx\/index.php?rest_route=\/wp\/v2\/users\/1"}],"replies":[{"embeddable":true,"href":"https:\/\/cuernavaca.gob.mx\/index.php?rest_route=%2Fwp%2Fv2%2Fcomments&post=40190"}],"version-history":[{"count":2,"href":"https:\/\/cuernavaca.gob.mx\/index.php?rest_route=\/wp\/v2\/posts\/40190\/revisions"}],"predecessor-version":[{"id":40198,"href":"https:\/\/cuernavaca.gob.mx\/index.php?rest_route=\/wp\/v2\/posts\/40190\/revisions\/40198"}],"wp:featuredmedia":[{"embeddable":true,"href":"https:\/\/cuernavaca.gob.mx\/index.php?rest_route=\/wp\/v2\/media\/40195"}],"wp:attachment":[{"href":"https:\/\/cuernavaca.gob.mx\/index.php?rest_route=%2Fwp%2Fv2%2Fmedia&parent=40190"}],"wp:term":[{"taxonomy":"category","embeddable":true,"href":"https:\/\/cuernavaca.gob.mx\/index.php?rest_route=%2Fwp%2Fv2%2Fcategories&post=40190"},{"taxonomy":"post_tag","embeddable":true,"href":"https:\/\/cuernavaca.gob.mx\/index.php?rest_route=%2Fwp%2Fv2%2Ftags&post=40190"}],"curies":[{"name":"wp","href":"https:\/\/api.w.org\/{rel}","templated":true}]}}