{"id":40199,"date":"2024-04-25T17:04:07","date_gmt":"2024-04-25T23:04:07","guid":{"rendered":"https:\/\/cuernavaca.gob.mx\/?p=40199"},"modified":"2024-04-25T17:04:07","modified_gmt":"2024-04-25T23:04:07","slug":"b1703-25-04-24-cuernavaca-festejara-en-grande-el-dia-de-la-nina-y-el-nino-en-el-museo-de-la-ciudad","status":"publish","type":"post","link":"https:\/\/cuernavaca.gob.mx\/?p=40199","title":{"rendered":"B1703 25\/04\/24 CUERNAVACA FESTEJAR\u00c1 EN GRANDE EL D\u00cdA DE LA NI\u00d1A Y EL NI\u00d1O EN EL MUSEO DE LA CIUDAD"},"content":{"rendered":"<p>\u2022 El recinto cultural y art\u00edstico de la ciudad capital abrir\u00e1 sus puertas por tercer a\u00f1o consecutivo para obras de teatro, cuenta cuentos y conciertos que podr\u00e1n disfrutar de manera gratuita chicos y grandes el fin de semana<\/p>\n<p>En Cuernavaca el D\u00eda de la Ni\u00f1a y el Ni\u00f1o se celebrar\u00e1 a lo grande con distintas actividades gratuitas que tiene preparadas este domingo 28 de abril el Gobierno Municipal, a trav\u00e9s del Instituto de Cultura, donde las familias cuernavaquenses de visitantes que arriben a la ciudad, podr\u00e1n reunirse para festejar a las infancias.<\/p>\n<p>El programa tendr\u00e1 como escenario principal el Museo de la Ciudad de Cuernavaca (MUCiC) que por tercer a\u00f1o consecutivo abrir\u00e1 sus puertas para un d\u00eda lleno de diversi\u00f3n y aprendizaje, donde la cultura y el arte se conjugar\u00e1n con obras de teatro, cuenta cuentos y conciertos a cargo de artistas y grupos locales.<\/p>\n<p>La cartelera comienza en punto de las 11:00 horas con los Exploradores de los Cuentacuentos, cuentos de moralejas infantiles por la compa\u00f1\u00eda teatral ECAPI y la direcci\u00f3n de V\u00edctor Manuel Hern\u00e1ndez Villagr\u00e1n.<\/p>\n<p>A las 11:30 el MUCiC se llenar\u00e1 de m\u00fasica con el espect\u00e1culo danc\u00edstico &#8220;De Cri-Cri un poco&#8221;, cuatro coreograf\u00edas entrem\u00e9s por ECAPI, bajo la direcci\u00f3n de Esther Fern\u00e1ndez &#8220;Cebollita&#8221; y Benjam\u00edn Torres Figueroa.<\/p>\n<p>En punto de las 11:45 horas el escenario albergar\u00e1 el concierto &#8220;Canciones del mundo Disney&#8221; con las voces de Lau Rodr\u00edguez, Joselyn Mart\u00ednez y Oli Miranda de la Colectiva Circe.<\/p>\n<p>A las 12:15 horas se llevar\u00e1 a cabo el concierto infantil &#8220;La Guitarra Volante&#8221; a cargo del grupo Peques\u00f3n y Entre Cuerdas y Trinos bajo la direcci\u00f3n de Gilberto Ram\u00edrez, donde ni\u00f1as y ni\u00f1os morelenses demostrar\u00e1n su talento, impulsando entre la ni\u00f1ez el amor por la m\u00fasica y los instrumentos musicales.<\/p>\n<p>Este d\u00eda lleno de diversi\u00f3n culminar\u00e1 a las 13:00 horas con el musical &#8220;Peter Pan&#8221; a cargo de la compa\u00f1\u00eda teatral ECAPI y la direcci\u00f3n de Esther Fern\u00e1ndez Cebollita.<\/p>\n<p>*Esta publicaci\u00f3n es de car\u00e1cter informativo, de inter\u00e9s p\u00fablico y ajena a cualquier partido pol\u00edtico.<\/p>\n\n\t\t<style type=\"text\/css\">\n\t\t\t#gallery-1 {\n\t\t\t\tmargin: auto;\n\t\t\t}\n\t\t\t#gallery-1 .gallery-item {\n\t\t\t\tfloat: left;\n\t\t\t\tmargin-top: 10px;\n\t\t\t\ttext-align: center;\n\t\t\t\twidth: 33%;\n\t\t\t}\n\t\t\t#gallery-1 img {\n\t\t\t\tborder: 2px solid #cfcfcf;\n\t\t\t}\n\t\t\t#gallery-1 .gallery-caption {\n\t\t\t\tmargin-left: 0;\n\t\t\t}\n\t\t\t\/* see gallery_shortcode() in wp-includes\/media.php *\/\n\t\t<\/style>\n\t\t<div id='gallery-1' class='gallery galleryid-40199 gallery-columns-3 gallery-size-thumbnail'><dl class='gallery-item'>\n\t\t\t<dt class='gallery-icon landscape'>\n\t\t\t\t<a href='https:\/\/cuernavaca.gob.mx\/?attachment_id=40200'><img width=\"150\" height=\"150\" src=\"https:\/\/cuernavaca.gob.mx\/wp-content\/uploads\/2024\/04\/CUERNAVACA-FESTEJARA\u0301-EN-GRANDE-EL-DI\u0301A-DE-LA-NIN\u0303A-Y-EL-NIN\u0303O-EN-EL-MUSEO-DE-LA-CIUDAD-1-150x150.jpg\" class=\"attachment-thumbnail size-thumbnail\" alt=\"\" loading=\"lazy\" \/><\/a>\n\t\t\t<\/dt><\/dl><dl class='gallery-item'>\n\t\t\t<dt class='gallery-icon landscape'>\n\t\t\t\t<a href='https:\/\/cuernavaca.gob.mx\/?attachment_id=40201'><img width=\"150\" height=\"150\" src=\"https:\/\/cuernavaca.gob.mx\/wp-content\/uploads\/2024\/04\/CUERNAVACA-FESTEJARA\u0301-EN-GRANDE-EL-DI\u0301A-DE-LA-NIN\u0303A-Y-EL-NIN\u0303O-EN-EL-MUSEO-DE-LA-CIUDAD-2-150x150.jpg\" class=\"attachment-thumbnail size-thumbnail\" alt=\"\" loading=\"lazy\" \/><\/a>\n\t\t\t<\/dt><\/dl><dl class='gallery-item'>\n\t\t\t<dt class='gallery-icon landscape'>\n\t\t\t\t<a href='https:\/\/cuernavaca.gob.mx\/?attachment_id=40202'><img width=\"150\" height=\"150\" src=\"https:\/\/cuernavaca.gob.mx\/wp-content\/uploads\/2024\/04\/CUERNAVACA-FESTEJARA\u0301-EN-GRANDE-EL-DI\u0301A-DE-LA-NIN\u0303A-Y-EL-NIN\u0303O-EN-EL-MUSEO-DE-LA-CIUDAD-3-150x150.jpg\" class=\"attachment-thumbnail size-thumbnail\" alt=\"\" loading=\"lazy\" \/><\/a>\n\t\t\t<\/dt><\/dl><br style=\"clear: both\" \/><dl class='gallery-item'>\n\t\t\t<dt class='gallery-icon portrait'>\n\t\t\t\t<a href='https:\/\/cuernavaca.gob.mx\/?attachment_id=40203'><img width=\"150\" height=\"150\" src=\"https:\/\/cuernavaca.gob.mx\/wp-content\/uploads\/2024\/04\/CUERNAVACA-FESTEJARA\u0301-EN-GRANDE-EL-DI\u0301A-DE-LA-NIN\u0303A-Y-EL-NIN\u0303O-EN-EL-MUSEO-DE-LA-CIUDAD-4-150x150.jpg\" class=\"attachment-thumbnail size-thumbnail\" alt=\"\" loading=\"lazy\" \/><\/a>\n\t\t\t<\/dt><\/dl>\n\t\t\t<br style='clear: both' \/>\n\t\t<\/div>\n\n","protected":false},"excerpt":{"rendered":"<p>\u2022 El recinto cultural y art\u00edstico de la ciudad capital abrir\u00e1 sus puertas por tercer a\u00f1o consecutivo para obras de teatro, cuenta cuentos y conciertos que podr\u00e1n disfrutar de manera gratuita chicos y grandes el fin de semana En Cuernavaca el D\u00eda de la Ni\u00f1a y el Ni\u00f1o se celebrar\u00e1 a lo grande con distintas [&hellip;]<\/p>\n","protected":false},"author":1,"featured_media":40201,"comment_status":"closed","ping_status":"open","sticky":false,"template":"","format":"standard","meta":[],"categories":[862],"tags":[121,543,586,120,206,3609],"aioseo_notices":[],"_links":{"self":[{"href":"https:\/\/cuernavaca.gob.mx\/index.php?rest_route=\/wp\/v2\/posts\/40199"}],"collection":[{"href":"https:\/\/cuernavaca.gob.mx\/index.php?rest_route=\/wp\/v2\/posts"}],"about":[{"href":"https:\/\/cuernavaca.gob.mx\/index.php?rest_route=\/wp\/v2\/types\/post"}],"author":[{"embeddable":true,"href":"https:\/\/cuernavaca.gob.mx\/index.php?rest_route=\/wp\/v2\/users\/1"}],"replies":[{"embeddable":true,"href":"https:\/\/cuernavaca.gob.mx\/index.php?rest_route=%2Fwp%2Fv2%2Fcomments&post=40199"}],"version-history":[{"count":1,"href":"https:\/\/cuernavaca.gob.mx\/index.php?rest_route=\/wp\/v2\/posts\/40199\/revisions"}],"predecessor-version":[{"id":40204,"href":"https:\/\/cuernavaca.gob.mx\/index.php?rest_route=\/wp\/v2\/posts\/40199\/revisions\/40204"}],"wp:featuredmedia":[{"embeddable":true,"href":"https:\/\/cuernavaca.gob.mx\/index.php?rest_route=\/wp\/v2\/media\/40201"}],"wp:attachment":[{"href":"https:\/\/cuernavaca.gob.mx\/index.php?rest_route=%2Fwp%2Fv2%2Fmedia&parent=40199"}],"wp:term":[{"taxonomy":"category","embeddable":true,"href":"https:\/\/cuernavaca.gob.mx\/index.php?rest_route=%2Fwp%2Fv2%2Fcategories&post=40199"},{"taxonomy":"post_tag","embeddable":true,"href":"https:\/\/cuernavaca.gob.mx\/index.php?rest_route=%2Fwp%2Fv2%2Ftags&post=40199"}],"curies":[{"name":"wp","href":"https:\/\/api.w.org\/{rel}","templated":true}]}}