{"id":40207,"date":"2024-04-26T13:00:01","date_gmt":"2024-04-26T19:00:01","guid":{"rendered":"https:\/\/cuernavaca.gob.mx\/?p=40207"},"modified":"2024-04-26T16:12:47","modified_gmt":"2024-04-26T22:12:47","slug":"b1705-26-04-24-ayuntamiento-de-cuernavaca-capacita-a-funcionarios-de-casilla-para-la-eleccion-extraordinaria-del-ayudante-municipal-de-ahuatepec","status":"publish","type":"post","link":"https:\/\/cuernavaca.gob.mx\/?p=40207","title":{"rendered":"B1704 26\/04\/24 AYUNTAMIENTO DE CUERNAVACA CAPACITA A FUNCIONARIOS DE CASILLA PARA LA ELECCI\u00d3N EXTRAORDINARIA DEL AYUDANTE MUNICIPAL DE AHUATEPEC"},"content":{"rendered":"<p><strong>\u2022 Con el apoyo del IMPEPAC, servidores p\u00fablicos que participaran este domingo 28 de abril como funcionarios de mesa receptora de votaci\u00f3n fueron capacitados<\/strong><\/p>\n<p><strong>\u2022 El Gobierno Municipal hace un llamado a la civilidad, el orden y el respeto en este proceso democr\u00e1tico donde toda la puede participar<\/strong><\/p>\n<p>Conforme al calendario establecido por la Junta Electoral Municipal del Ayuntamiento de Cuernavaca, servidores p\u00fablicos municipales que fungir\u00e1n como funcionarios de mesa receptora de votaci\u00f3n en la elecci\u00f3n extraordinaria a la Ayudant\u00eda Municipal del poblado de Ahuatepec fueron capacitados por el Instituto Morelense de Procesos Electorales y Participaci\u00f3n Ciudadana (IMPEPAC) sobre el correcto desarrollo de este ejercicio.<\/p>\n<p>La capacitaci\u00f3n estuvo a cargo del jefe de Departamento en el \u00e1rea de Capacitaci\u00f3n del IMPEPAC, Carlos Facundo Jaimes Aguilar, quien les explic\u00f3 cu\u00e1les ser\u00e1n sus funciones y el procedimiento que deben seguir para garantizar la legalidad y transparencia en el proceso, desde la instalaci\u00f3n de las casillas hasta el trasladado del paquete electoral a la Junta Electoral Municipal ubicada en la sede Papagayo del Ayuntamiento de Cuernavaca.<\/p>\n<p>Los comicios extraordinarios se llevar\u00e1n a cabo el domingo 28 de abril en un horario de 09:00 a 18:00 horas en la cancha de usos m\u00faltiples del poblado de Ahuatepec, donde se ubican tambi\u00e9n las oficinas de la Ayudant\u00eda Municipal; ah\u00ed se instalar\u00e1n dos casillas de votaci\u00f3n, b\u00e1sica y contigua, para la elecci\u00f3n de los dos candidatos que se registraron a este nuevo proceso.<\/p>\n<p>Cabe recordar que la elecci\u00f3n extraordinaria se estar\u00e1 desarrollando de conformidad con la sentencia emitida por el Tribunal Electoral del Estado de Morelos (TEEM) en autos del juicio ciudadano TEEM\/JDC\/47\/2023-2 y su acumulado TEEM\/JDC\/50\/2023- 2, que establece la nulidad de la elecci\u00f3n de ayudante municipal de Ahuatepec celebrada el 30 de junio del 2023 y que orden\u00f3 a la administraci\u00f3n municipal, a trav\u00e9s de la Junta Electoral Municipal, llevar a cabo una nueva elecci\u00f3n bajo los t\u00e9rminos y condiciones que establece la Ley Electoral, as\u00ed como los usos y costumbres del poblado.<\/p>\n<p>El Ayuntamiento de Cuernavaca exhorto a los habitantes del poblado de Ahuatepec a participar en este proceso y hacer valer su derecho democr\u00e1tico con civilidad, privilegiando la paz, el orden y el respeto.<\/p>\n<p>*Esta publicaci\u00f3n es de car\u00e1cter informativo, de inter\u00e9s p\u00fablico y ajena a cualquier partido pol\u00edtico.<\/p>\n\n\t\t<style type=\"text\/css\">\n\t\t\t#gallery-1 {\n\t\t\t\tmargin: auto;\n\t\t\t}\n\t\t\t#gallery-1 .gallery-item {\n\t\t\t\tfloat: left;\n\t\t\t\tmargin-top: 10px;\n\t\t\t\ttext-align: center;\n\t\t\t\twidth: 33%;\n\t\t\t}\n\t\t\t#gallery-1 img {\n\t\t\t\tborder: 2px solid #cfcfcf;\n\t\t\t}\n\t\t\t#gallery-1 .gallery-caption {\n\t\t\t\tmargin-left: 0;\n\t\t\t}\n\t\t\t\/* see gallery_shortcode() in wp-includes\/media.php *\/\n\t\t<\/style>\n\t\t<div id='gallery-1' class='gallery galleryid-40207 gallery-columns-3 gallery-size-thumbnail'><dl class='gallery-item'>\n\t\t\t<dt class='gallery-icon landscape'>\n\t\t\t\t<a href='https:\/\/cuernavaca.gob.mx\/?attachment_id=40208'><img width=\"150\" height=\"150\" src=\"https:\/\/cuernavaca.gob.mx\/wp-content\/uploads\/2024\/04\/AYUNTAMIENTO-DE-CUERNAVACA-CAPACITA-A-FUNCIONARIOS-DE-CASILLA-PARA-LA-ELECCIO\u0301N-EXTRAORDINARIA-DEL-AYUDANTE-MUNICIPAL-DE-AHUATEPEC-1-150x150.jpg\" class=\"attachment-thumbnail size-thumbnail\" alt=\"\" loading=\"lazy\" \/><\/a>\n\t\t\t<\/dt><\/dl><dl class='gallery-item'>\n\t\t\t<dt class='gallery-icon landscape'>\n\t\t\t\t<a href='https:\/\/cuernavaca.gob.mx\/?attachment_id=40209'><img width=\"150\" height=\"150\" src=\"https:\/\/cuernavaca.gob.mx\/wp-content\/uploads\/2024\/04\/AYUNTAMIENTO-DE-CUERNAVACA-CAPACITA-A-FUNCIONARIOS-DE-CASILLA-PARA-LA-ELECCIO\u0301N-EXTRAORDINARIA-DEL-AYUDANTE-MUNICIPAL-DE-AHUATEPEC-2-150x150.jpg\" class=\"attachment-thumbnail size-thumbnail\" alt=\"\" loading=\"lazy\" \/><\/a>\n\t\t\t<\/dt><\/dl><dl class='gallery-item'>\n\t\t\t<dt class='gallery-icon landscape'>\n\t\t\t\t<a href='https:\/\/cuernavaca.gob.mx\/?attachment_id=40210'><img width=\"150\" height=\"150\" src=\"https:\/\/cuernavaca.gob.mx\/wp-content\/uploads\/2024\/04\/AYUNTAMIENTO-DE-CUERNAVACA-CAPACITA-A-FUNCIONARIOS-DE-CASILLA-PARA-LA-ELECCIO\u0301N-EXTRAORDINARIA-DEL-AYUDANTE-MUNICIPAL-DE-AHUATEPEC-3-150x150.jpg\" class=\"attachment-thumbnail size-thumbnail\" alt=\"\" loading=\"lazy\" \/><\/a>\n\t\t\t<\/dt><\/dl><br style=\"clear: both\" \/><dl class='gallery-item'>\n\t\t\t<dt class='gallery-icon landscape'>\n\t\t\t\t<a href='https:\/\/cuernavaca.gob.mx\/?attachment_id=40211'><img width=\"150\" height=\"150\" src=\"https:\/\/cuernavaca.gob.mx\/wp-content\/uploads\/2024\/04\/AYUNTAMIENTO-DE-CUERNAVACA-CAPACITA-A-FUNCIONARIOS-DE-CASILLA-PARA-LA-ELECCIO\u0301N-EXTRAORDINARIA-DEL-AYUDANTE-MUNICIPAL-DE-AHUATEPEC-4-150x150.jpg\" class=\"attachment-thumbnail size-thumbnail\" alt=\"\" loading=\"lazy\" \/><\/a>\n\t\t\t<\/dt><\/dl><dl class='gallery-item'>\n\t\t\t<dt class='gallery-icon landscape'>\n\t\t\t\t<a href='https:\/\/cuernavaca.gob.mx\/?attachment_id=40212'><img width=\"150\" height=\"150\" src=\"https:\/\/cuernavaca.gob.mx\/wp-content\/uploads\/2024\/04\/AYUNTAMIENTO-DE-CUERNAVACA-CAPACITA-A-FUNCIONARIOS-DE-CASILLA-PARA-LA-ELECCIO\u0301N-EXTRAORDINARIA-DEL-AYUDANTE-MUNICIPAL-DE-AHUATEPEC-5-150x150.jpg\" class=\"attachment-thumbnail size-thumbnail\" alt=\"\" loading=\"lazy\" \/><\/a>\n\t\t\t<\/dt><\/dl>\n\t\t\t<br style='clear: both' \/>\n\t\t<\/div>\n\n","protected":false},"excerpt":{"rendered":"<p>\u2022 Con el apoyo del IMPEPAC, servidores p\u00fablicos que participaran este domingo 28 de abril como funcionarios de mesa receptora de votaci\u00f3n fueron capacitados \u2022 El Gobierno Municipal hace un llamado a la civilidad, el orden y el respeto en este proceso democr\u00e1tico donde toda la puede participar Conforme al calendario establecido por la Junta [&hellip;]<\/p>\n","protected":false},"author":1,"featured_media":40209,"comment_status":"closed","ping_status":"open","sticky":false,"template":"","format":"standard","meta":[],"categories":[20],"tags":[1341,121,321,804,120,206,127,3555],"aioseo_notices":[],"_links":{"self":[{"href":"https:\/\/cuernavaca.gob.mx\/index.php?rest_route=\/wp\/v2\/posts\/40207"}],"collection":[{"href":"https:\/\/cuernavaca.gob.mx\/index.php?rest_route=\/wp\/v2\/posts"}],"about":[{"href":"https:\/\/cuernavaca.gob.mx\/index.php?rest_route=\/wp\/v2\/types\/post"}],"author":[{"embeddable":true,"href":"https:\/\/cuernavaca.gob.mx\/index.php?rest_route=\/wp\/v2\/users\/1"}],"replies":[{"embeddable":true,"href":"https:\/\/cuernavaca.gob.mx\/index.php?rest_route=%2Fwp%2Fv2%2Fcomments&post=40207"}],"version-history":[{"count":2,"href":"https:\/\/cuernavaca.gob.mx\/index.php?rest_route=\/wp\/v2\/posts\/40207\/revisions"}],"predecessor-version":[{"id":40233,"href":"https:\/\/cuernavaca.gob.mx\/index.php?rest_route=\/wp\/v2\/posts\/40207\/revisions\/40233"}],"wp:featuredmedia":[{"embeddable":true,"href":"https:\/\/cuernavaca.gob.mx\/index.php?rest_route=\/wp\/v2\/media\/40209"}],"wp:attachment":[{"href":"https:\/\/cuernavaca.gob.mx\/index.php?rest_route=%2Fwp%2Fv2%2Fmedia&parent=40207"}],"wp:term":[{"taxonomy":"category","embeddable":true,"href":"https:\/\/cuernavaca.gob.mx\/index.php?rest_route=%2Fwp%2Fv2%2Fcategories&post=40207"},{"taxonomy":"post_tag","embeddable":true,"href":"https:\/\/cuernavaca.gob.mx\/index.php?rest_route=%2Fwp%2Fv2%2Ftags&post=40207"}],"curies":[{"name":"wp","href":"https:\/\/api.w.org\/{rel}","templated":true}]}}