{"id":40227,"date":"2024-04-26T16:11:34","date_gmt":"2024-04-26T22:11:34","guid":{"rendered":"https:\/\/cuernavaca.gob.mx\/?p=40227"},"modified":"2024-04-26T16:11:34","modified_gmt":"2024-04-26T22:11:34","slug":"b1706-26-04-24-avala-cabildo-de-cuernavaca-destruccion-de-material-tactico-de-policias-municipales-confinado-tras-cumplir-con-periodo-de-uso","status":"publish","type":"post","link":"https:\/\/cuernavaca.gob.mx\/?p=40227","title":{"rendered":"B1706 26\/04\/24 AVALA CABILDO DE CUERNAVACA DESTRUCCI\u00d3N DE MATERIAL T\u00c1CTICO DE POLIC\u00cdAS MUNICIPALES CONFINADO TRAS CUMPLIR CON PERIODO DE USO"},"content":{"rendered":"<ul>\n<li><strong>Ser\u00e1n 300 chalecos bal\u00edsticos y 580 placas bal\u00edsticas de la SEPRAC que ser\u00e1n desincorporadas y destruidas de acuerdo con los procedimiento y recomendaciones de la SEDENA<\/strong><\/li>\n<li><strong>Los elementos policiacos no se quedar\u00e1n sin equipamiento, ya que la SEPRAC ha adquirido 328 chalecos con sus respectivas placas bal\u00edsticas<\/strong><\/li>\n<\/ul>\n<p>&nbsp;<\/p>\n<p>El Cabildo del Ayuntamiento de Cuernavaca aprob\u00f3 por mayor\u00eda el acuerdo que autoriza la desincorporaci\u00f3n y destrucci\u00f3n de los bienes con estatus de baja definitiva correspondiente a 300 chalecos bal\u00edsticos y 580 placas bal\u00edsticas adscritas a la Secretar\u00eda de Protecci\u00f3n y Auxilio Ciudadano (SEPRAC), al considerar que, tanto por su caducidad como por el desgaste que han tenido, ya no est\u00e1n en condiciones de proteger de manera adecuada a los elementos de la corporaci\u00f3n.<\/p>\n<p>&nbsp;<\/p>\n<p>En el marco de la \u00faltima sesi\u00f3n ordinaria de Cabildo, la titular de SEPRAC, Alicia V\u00e1zquez Luna, inform\u00f3 que el procedimiento se inici\u00f3 en coordinaci\u00f3n con la Sindicatura Municipal, a trav\u00e9s de la Direcci\u00f3n de Patrimonio, que hizo la inspecci\u00f3n correspondiente sobre cada uno de los elementos que se desean desincorporar y destruir, dejando registro de estos materiales que forman parte del patrimonio del Ayuntamiento.<\/p>\n<p>&nbsp;<\/p>\n<p>Detall\u00f3 que la destrucci\u00f3n e incineraci\u00f3n se har\u00e1n en t\u00e9rminos de los procedimientos y recomendaciones hechas por la Secretar\u00eda de la Defensa Nacional (SEDENA), a quien invitar\u00e1n, atendiendo la recomendaci\u00f3n hecha por el regidor Debendrenath Salazar Solorio, para que asistan como testigos especiales, aunado a la participaci\u00f3n del Heroico Cuerpo de Bomberos, de Protecci\u00f3n Civil, de la Sindicatura representada por el director de patrimonio y de la Secretar\u00eda de Desarrollo Sustentable y Servicios P\u00fablicos, que les consigui\u00f3 el lugar adecuado para darles un destino final id\u00f3neo a estos bienes.<\/p>\n<p>&nbsp;<\/p>\n<p>Por su lado, el director de Patrimonio Municipal, Jos\u00e9 Rub\u00e9n Peralta G\u00f3mez, confirm\u00f3 que cada uno de estos bienes cuenta ya con su estatus de baja definitiva en respuesta a la solicitud hecha por la Direcci\u00f3n de Mantenimiento y Control de Armamento de SEPRAC, al considerar que ya cumplieron con su vida \u00fatil y su uso pondr\u00eda en riesgo la integridad f\u00edsica de los elementos.<\/p>\n<p>&nbsp;<\/p>\n<p>A\u00f1adi\u00f3 que gracias a la buena administraci\u00f3n financiera que ha tenido la administraci\u00f3n y al buen destino de los recursos que ha hecho el Cabildo, la SEPRAC pudo adquirir 328 chalecos con sus respectivas placas bal\u00edsticas, dos placas bal\u00edsticas por cada chaleco, que est\u00e1n siendo asignados, por lo cual incluso la SEPRAC tiene m\u00e1s chalecos nuevos de los que se dar\u00e1n de baja y destruir\u00e1n, abonando a la eficiencia y eficacia en sus tareas de protecci\u00f3n hacia la ciudadan\u00eda, as\u00ed como en las de prevenci\u00f3n y persecuci\u00f3n del delito.<\/p>\n<p>*Esta publicaci\u00f3n es de car\u00e1cter informativo, de inter\u00e9s p\u00fablico y ajena a cualquier partido pol\u00edtico.<\/p>\n\n\t\t<style type=\"text\/css\">\n\t\t\t#gallery-1 {\n\t\t\t\tmargin: auto;\n\t\t\t}\n\t\t\t#gallery-1 .gallery-item {\n\t\t\t\tfloat: left;\n\t\t\t\tmargin-top: 10px;\n\t\t\t\ttext-align: center;\n\t\t\t\twidth: 33%;\n\t\t\t}\n\t\t\t#gallery-1 img {\n\t\t\t\tborder: 2px solid #cfcfcf;\n\t\t\t}\n\t\t\t#gallery-1 .gallery-caption {\n\t\t\t\tmargin-left: 0;\n\t\t\t}\n\t\t\t\/* see gallery_shortcode() in wp-includes\/media.php *\/\n\t\t<\/style>\n\t\t<div id='gallery-1' class='gallery galleryid-40227 gallery-columns-3 gallery-size-thumbnail'><dl class='gallery-item'>\n\t\t\t<dt class='gallery-icon landscape'>\n\t\t\t\t<a href='https:\/\/cuernavaca.gob.mx\/?attachment_id=40228'><img width=\"150\" height=\"150\" src=\"https:\/\/cuernavaca.gob.mx\/wp-content\/uploads\/2024\/04\/AVALA-CABILDO-DE-CUERNAVACA-DESTRUCCIO\u0301N-DE-MATERIAL-TA\u0301CTICO-DE-POLICI\u0301AS-MUNICIPALES-CONFINADO-TRAS-CUMPLIR-CON-PERIODO-DE-USO-1-150x150.jpg\" class=\"attachment-thumbnail size-thumbnail\" alt=\"\" loading=\"lazy\" \/><\/a>\n\t\t\t<\/dt><\/dl><dl class='gallery-item'>\n\t\t\t<dt class='gallery-icon landscape'>\n\t\t\t\t<a href='https:\/\/cuernavaca.gob.mx\/?attachment_id=40229'><img width=\"150\" height=\"150\" src=\"https:\/\/cuernavaca.gob.mx\/wp-content\/uploads\/2024\/04\/AVALA-CABILDO-DE-CUERNAVACA-DESTRUCCIO\u0301N-DE-MATERIAL-TA\u0301CTICO-DE-POLICI\u0301AS-MUNICIPALES-CONFINADO-TRAS-CUMPLIR-CON-PERIODO-DE-USO-2-150x150.jpg\" class=\"attachment-thumbnail size-thumbnail\" alt=\"\" loading=\"lazy\" \/><\/a>\n\t\t\t<\/dt><\/dl><dl class='gallery-item'>\n\t\t\t<dt class='gallery-icon landscape'>\n\t\t\t\t<a href='https:\/\/cuernavaca.gob.mx\/?attachment_id=40230'><img width=\"150\" height=\"150\" src=\"https:\/\/cuernavaca.gob.mx\/wp-content\/uploads\/2024\/04\/AVALA-CABILDO-DE-CUERNAVACA-DESTRUCCIO\u0301N-DE-MATERIAL-TA\u0301CTICO-DE-POLICI\u0301AS-MUNICIPALES-CONFINADO-TRAS-CUMPLIR-CON-PERIODO-DE-USO-3-150x150.jpg\" class=\"attachment-thumbnail size-thumbnail\" alt=\"\" loading=\"lazy\" \/><\/a>\n\t\t\t<\/dt><\/dl><br style=\"clear: both\" \/><dl class='gallery-item'>\n\t\t\t<dt class='gallery-icon landscape'>\n\t\t\t\t<a href='https:\/\/cuernavaca.gob.mx\/?attachment_id=40231'><img width=\"150\" height=\"150\" src=\"https:\/\/cuernavaca.gob.mx\/wp-content\/uploads\/2024\/04\/AVALA-CABILDO-DE-CUERNAVACA-DESTRUCCIO\u0301N-DE-MATERIAL-TA\u0301CTICO-DE-POLICI\u0301AS-MUNICIPALES-CONFINADO-TRAS-CUMPLIR-CON-PERIODO-DE-USO-4-150x150.jpg\" class=\"attachment-thumbnail size-thumbnail\" alt=\"\" loading=\"lazy\" \/><\/a>\n\t\t\t<\/dt><\/dl>\n\t\t\t<br style='clear: both' \/>\n\t\t<\/div>\n\n","protected":false},"excerpt":{"rendered":"<p>Ser\u00e1n 300 chalecos bal\u00edsticos y 580 placas bal\u00edsticas de la SEPRAC que ser\u00e1n desincorporadas y destruidas de acuerdo con los procedimiento y recomendaciones de la SEDENA Los elementos policiacos no se quedar\u00e1n sin equipamiento, ya que la SEPRAC ha adquirido 328 chalecos con sus respectivas placas bal\u00edsticas &nbsp; El Cabildo del Ayuntamiento de Cuernavaca aprob\u00f3 [&hellip;]<\/p>\n","protected":false},"author":1,"featured_media":40228,"comment_status":"closed","ping_status":"open","sticky":false,"template":"","format":"standard","meta":[],"categories":[17],"tags":[158,3610,121,120,206,141,3235,127,125],"aioseo_notices":[],"_links":{"self":[{"href":"https:\/\/cuernavaca.gob.mx\/index.php?rest_route=\/wp\/v2\/posts\/40227"}],"collection":[{"href":"https:\/\/cuernavaca.gob.mx\/index.php?rest_route=\/wp\/v2\/posts"}],"about":[{"href":"https:\/\/cuernavaca.gob.mx\/index.php?rest_route=\/wp\/v2\/types\/post"}],"author":[{"embeddable":true,"href":"https:\/\/cuernavaca.gob.mx\/index.php?rest_route=\/wp\/v2\/users\/1"}],"replies":[{"embeddable":true,"href":"https:\/\/cuernavaca.gob.mx\/index.php?rest_route=%2Fwp%2Fv2%2Fcomments&post=40227"}],"version-history":[{"count":1,"href":"https:\/\/cuernavaca.gob.mx\/index.php?rest_route=\/wp\/v2\/posts\/40227\/revisions"}],"predecessor-version":[{"id":40232,"href":"https:\/\/cuernavaca.gob.mx\/index.php?rest_route=\/wp\/v2\/posts\/40227\/revisions\/40232"}],"wp:featuredmedia":[{"embeddable":true,"href":"https:\/\/cuernavaca.gob.mx\/index.php?rest_route=\/wp\/v2\/media\/40228"}],"wp:attachment":[{"href":"https:\/\/cuernavaca.gob.mx\/index.php?rest_route=%2Fwp%2Fv2%2Fmedia&parent=40227"}],"wp:term":[{"taxonomy":"category","embeddable":true,"href":"https:\/\/cuernavaca.gob.mx\/index.php?rest_route=%2Fwp%2Fv2%2Fcategories&post=40227"},{"taxonomy":"post_tag","embeddable":true,"href":"https:\/\/cuernavaca.gob.mx\/index.php?rest_route=%2Fwp%2Fv2%2Ftags&post=40227"}],"curies":[{"name":"wp","href":"https:\/\/api.w.org\/{rel}","templated":true}]}}