{"id":40365,"date":"2024-05-01T13:15:13","date_gmt":"2024-05-01T19:15:13","guid":{"rendered":"https:\/\/cuernavaca.gob.mx\/?p=40365"},"modified":"2024-05-01T13:15:13","modified_gmt":"2024-05-01T19:15:13","slug":"f771-01-05-24-vecinos-de-la-colonia-quintana-roo-atestiguan-inicio-de-la-obra-de-rehabilitacion-de-linea-de-agua-de-las-calles-paseo-chetumal-y-paseo-akumal","status":"publish","type":"post","link":"https:\/\/cuernavaca.gob.mx\/?p=40365","title":{"rendered":"F771 01\/05\/24 VECINOS DE LA COLONIA QUINTANA ROO ATESTIGUAN INICIO DE LA OBRA DE REHABILITACI\u00d3N DE L\u00cdNEA DE AGUA DE LAS CALLES PASEO CHETUMAL Y PASEO AKUMAL"},"content":{"rendered":"<p>En atenci\u00f3n a peticiones ciudadanas, el Ayuntamiento de Cuernavaca, a trav\u00e9s de la Secretar\u00eda de Desarrollo Urbano y Obras P\u00fablicas, inicio con la rehabilitaci\u00f3n de la l\u00ednea de agua potable de tres pulgadas en la colonia Quintana Roo que abarcar\u00e1 calle Paseo Chetumal a calle Paseo Akumal hasta llegar a la privada La Joya, a fin de fortalecer el servicio de distribuci\u00f3n de agua potable que se traducir\u00e1 en una mejor calidad de vida.<\/p>\n<p>El secretario de Desarrollo Urbano y Obras P\u00fablicas, Demetrio Chavira de la Torre, explic\u00f3 a las y los vecinos los trabajos a ejecutar que contemplan como metas la colocaci\u00f3n de un tubo PEAD liso hidr\u00e1ulico RD-11 de cuatro pulgadas de di\u00e1metro en 592 metros, el acostillado de tuber\u00eda con material seleccionado (arena) en 142.80 metros c\u00fabicos y el relleno con material producto de la excavaci\u00f3n compactado con bailarina en 142.80 metros c\u00fabicos.<\/p>\n<p>Adem\u00e1s, en un periodo estimado de 30 d\u00edas y con una inversi\u00f3n de un mill\u00f3n 998 mil 192.77 pesos de recursos propios municipales se har\u00e1 la reposici\u00f3n de 68 tomas domiciliarias de media y colocar\u00e1n un concreto con una resistencia de 250 kilogramos por cent\u00edmetro cuadrado en 357 metros cuadrados, as\u00ed como har\u00e1n la construcci\u00f3n de guarniciones y banquetas.<\/p>\n<p>La s\u00edndica municipal en funciones de presidenta municipal de Cuernavaca, Catalina Ver\u00f3nica Atenco P\u00e9rez y la regidora Mireya Delgado Romero, pidieron el apoyo de los colonos para ser vigilantes del correcto desarrollo de la obra y que se d\u00e9 cumplimiento a cada punto expuesto.<\/p>\n\n\t\t<style type=\"text\/css\">\n\t\t\t#gallery-1 {\n\t\t\t\tmargin: auto;\n\t\t\t}\n\t\t\t#gallery-1 .gallery-item {\n\t\t\t\tfloat: left;\n\t\t\t\tmargin-top: 10px;\n\t\t\t\ttext-align: center;\n\t\t\t\twidth: 33%;\n\t\t\t}\n\t\t\t#gallery-1 img {\n\t\t\t\tborder: 2px solid #cfcfcf;\n\t\t\t}\n\t\t\t#gallery-1 .gallery-caption {\n\t\t\t\tmargin-left: 0;\n\t\t\t}\n\t\t\t\/* see gallery_shortcode() in wp-includes\/media.php *\/\n\t\t<\/style>\n\t\t<div id='gallery-1' class='gallery galleryid-40365 gallery-columns-3 gallery-size-thumbnail'><dl class='gallery-item'>\n\t\t\t<dt class='gallery-icon landscape'>\n\t\t\t\t<a href='https:\/\/cuernavaca.gob.mx\/?attachment_id=40366'><img width=\"150\" height=\"150\" src=\"https:\/\/cuernavaca.gob.mx\/wp-content\/uploads\/2024\/05\/Vecinos-Col-Quintana-Roo-09-150x150.jpg\" class=\"attachment-thumbnail size-thumbnail\" alt=\"\" loading=\"lazy\" \/><\/a>\n\t\t\t<\/dt><\/dl><dl class='gallery-item'>\n\t\t\t<dt class='gallery-icon landscape'>\n\t\t\t\t<a href='https:\/\/cuernavaca.gob.mx\/?attachment_id=40367'><img width=\"150\" height=\"150\" src=\"https:\/\/cuernavaca.gob.mx\/wp-content\/uploads\/2024\/05\/Vecinos-Col-Quintana-Roo-01-150x150.jpg\" class=\"attachment-thumbnail size-thumbnail\" alt=\"\" loading=\"lazy\" \/><\/a>\n\t\t\t<\/dt><\/dl><dl class='gallery-item'>\n\t\t\t<dt class='gallery-icon landscape'>\n\t\t\t\t<a href='https:\/\/cuernavaca.gob.mx\/?attachment_id=40368'><img width=\"150\" height=\"150\" src=\"https:\/\/cuernavaca.gob.mx\/wp-content\/uploads\/2024\/05\/Vecinos-Col-Quintana-Roo-02-150x150.jpg\" class=\"attachment-thumbnail size-thumbnail\" alt=\"\" loading=\"lazy\" \/><\/a>\n\t\t\t<\/dt><\/dl><br style=\"clear: both\" \/><dl class='gallery-item'>\n\t\t\t<dt class='gallery-icon landscape'>\n\t\t\t\t<a href='https:\/\/cuernavaca.gob.mx\/?attachment_id=40369'><img width=\"150\" height=\"150\" src=\"https:\/\/cuernavaca.gob.mx\/wp-content\/uploads\/2024\/05\/Vecinos-Col-Quintana-Roo-03-150x150.jpg\" class=\"attachment-thumbnail size-thumbnail\" alt=\"\" loading=\"lazy\" \/><\/a>\n\t\t\t<\/dt><\/dl><dl class='gallery-item'>\n\t\t\t<dt class='gallery-icon portrait'>\n\t\t\t\t<a href='https:\/\/cuernavaca.gob.mx\/?attachment_id=40370'><img width=\"150\" height=\"150\" src=\"https:\/\/cuernavaca.gob.mx\/wp-content\/uploads\/2024\/05\/Vecinos-Col-Quintana-Roo-04-150x150.jpg\" class=\"attachment-thumbnail size-thumbnail\" alt=\"\" loading=\"lazy\" \/><\/a>\n\t\t\t<\/dt><\/dl><dl class='gallery-item'>\n\t\t\t<dt class='gallery-icon landscape'>\n\t\t\t\t<a href='https:\/\/cuernavaca.gob.mx\/?attachment_id=40371'><img width=\"150\" height=\"150\" src=\"https:\/\/cuernavaca.gob.mx\/wp-content\/uploads\/2024\/05\/Vecinos-Col-Quintana-Roo-05-150x150.jpg\" class=\"attachment-thumbnail size-thumbnail\" alt=\"\" loading=\"lazy\" \/><\/a>\n\t\t\t<\/dt><\/dl><br style=\"clear: both\" \/><dl class='gallery-item'>\n\t\t\t<dt class='gallery-icon landscape'>\n\t\t\t\t<a href='https:\/\/cuernavaca.gob.mx\/?attachment_id=40372'><img width=\"150\" height=\"150\" src=\"https:\/\/cuernavaca.gob.mx\/wp-content\/uploads\/2024\/05\/Vecinos-Col-Quintana-Roo-06-150x150.jpg\" class=\"attachment-thumbnail size-thumbnail\" alt=\"\" loading=\"lazy\" \/><\/a>\n\t\t\t<\/dt><\/dl><dl class='gallery-item'>\n\t\t\t<dt class='gallery-icon landscape'>\n\t\t\t\t<a href='https:\/\/cuernavaca.gob.mx\/?attachment_id=40373'><img width=\"150\" height=\"150\" src=\"https:\/\/cuernavaca.gob.mx\/wp-content\/uploads\/2024\/05\/Vecinos-Col-Quintana-Roo-07-150x150.jpg\" class=\"attachment-thumbnail size-thumbnail\" alt=\"\" loading=\"lazy\" \/><\/a>\n\t\t\t<\/dt><\/dl><dl class='gallery-item'>\n\t\t\t<dt class='gallery-icon landscape'>\n\t\t\t\t<a href='https:\/\/cuernavaca.gob.mx\/?attachment_id=40374'><img width=\"150\" height=\"150\" src=\"https:\/\/cuernavaca.gob.mx\/wp-content\/uploads\/2024\/05\/Vecinos-Col-Quintana-Roo-08-150x150.jpg\" class=\"attachment-thumbnail size-thumbnail\" alt=\"\" loading=\"lazy\" \/><\/a>\n\t\t\t<\/dt><\/dl><br style=\"clear: both\" \/>\n\t\t<\/div>\n\n","protected":false},"excerpt":{"rendered":"<p>En atenci\u00f3n a peticiones ciudadanas, el Ayuntamiento de Cuernavaca, a trav\u00e9s de la Secretar\u00eda de Desarrollo Urbano y Obras P\u00fablicas, inicio con la rehabilitaci\u00f3n de la l\u00ednea de agua potable de tres pulgadas en la colonia Quintana Roo que abarcar\u00e1 calle Paseo Chetumal a calle Paseo Akumal hasta llegar a la privada La Joya, a [&hellip;]<\/p>\n","protected":false},"author":1,"featured_media":40372,"comment_status":"closed","ping_status":"open","sticky":false,"template":"","format":"standard","meta":[],"categories":[20,18,145],"tags":[395,615,916,1810,232,1445],"aioseo_notices":[],"_links":{"self":[{"href":"https:\/\/cuernavaca.gob.mx\/index.php?rest_route=\/wp\/v2\/posts\/40365"}],"collection":[{"href":"https:\/\/cuernavaca.gob.mx\/index.php?rest_route=\/wp\/v2\/posts"}],"about":[{"href":"https:\/\/cuernavaca.gob.mx\/index.php?rest_route=\/wp\/v2\/types\/post"}],"author":[{"embeddable":true,"href":"https:\/\/cuernavaca.gob.mx\/index.php?rest_route=\/wp\/v2\/users\/1"}],"replies":[{"embeddable":true,"href":"https:\/\/cuernavaca.gob.mx\/index.php?rest_route=%2Fwp%2Fv2%2Fcomments&post=40365"}],"version-history":[{"count":1,"href":"https:\/\/cuernavaca.gob.mx\/index.php?rest_route=\/wp\/v2\/posts\/40365\/revisions"}],"predecessor-version":[{"id":40375,"href":"https:\/\/cuernavaca.gob.mx\/index.php?rest_route=\/wp\/v2\/posts\/40365\/revisions\/40375"}],"wp:featuredmedia":[{"embeddable":true,"href":"https:\/\/cuernavaca.gob.mx\/index.php?rest_route=\/wp\/v2\/media\/40372"}],"wp:attachment":[{"href":"https:\/\/cuernavaca.gob.mx\/index.php?rest_route=%2Fwp%2Fv2%2Fmedia&parent=40365"}],"wp:term":[{"taxonomy":"category","embeddable":true,"href":"https:\/\/cuernavaca.gob.mx\/index.php?rest_route=%2Fwp%2Fv2%2Fcategories&post=40365"},{"taxonomy":"post_tag","embeddable":true,"href":"https:\/\/cuernavaca.gob.mx\/index.php?rest_route=%2Fwp%2Fv2%2Ftags&post=40365"}],"curies":[{"name":"wp","href":"https:\/\/api.w.org\/{rel}","templated":true}]}}