{"id":40399,"date":"2024-05-03T16:02:22","date_gmt":"2024-05-03T22:02:22","guid":{"rendered":"https:\/\/cuernavaca.gob.mx\/?p=40399"},"modified":"2024-05-03T16:02:22","modified_gmt":"2024-05-03T22:02:22","slug":"b1716-03-05-24-comunican-a-residentes-comerciantes-y-transporte-del-inicio-de-trabajos-de-rehabilitacion-en-2da-etapa-de-la-avenida-10-de-abril","status":"publish","type":"post","link":"https:\/\/cuernavaca.gob.mx\/?p=40399","title":{"rendered":"B1716 03\/05\/24 COMUNICAN A RESIDENTES, COMERCIANTES Y TRANSPORTE DEL INICIO DE TRABAJOS DE REHABILITACI\u00d3N EN 2DA ETAPA DE LA AVENIDA 10 DE ABRIL"},"content":{"rendered":"<p>\u2022 Esta obra arranca el pr\u00f3ximo lunes 06 de mayo y durante un periodo estimado de 45 d\u00edas inician los trabajos nocturnos de fresado y asfalto<\/p>\n<p>\u2022 No habr\u00e1 cierres en la vialidad durante el d\u00eda, a fin de evitar afectaciones al tr\u00e1nsito vehicular<\/p>\n<p>A partir del pr\u00f3ximo lunes 06 de mayo y durante un periodo estimado de 45 d\u00edas inician los trabajos nocturnos de fresado y asfalto de la avenida 10 de abril en la colonia Vicente Estrada Cajigal del municipio de Cuernavaca, que en esta segunda etapa parten desde calle Geranio hasta calle Ejido, mejorando la conectividad en Cuernavaca con otros poblados y municipios.<\/p>\n<p>Estas acciones est\u00e1n siendo informadas a residentes, comerciantes transporte p\u00fablico y privado, para tomar en cuenta los movimientos de maquinaria y trabajadores para llevar a cabo este trabajo, que implicar\u00e1 modificaciones en las actividades cotidianas a partir de la semana pr\u00f3xima.<\/p>\n<p>Al dar la explicaci\u00f3n t\u00e9cnica a los colonos, el secretario de Desarrollo Urbano y Obras P\u00fablicas del Ayuntamiento de Cuernavaca, Demetrio Chavira de la Torre, detall\u00f3 que se llevar\u00e1 a cabo el fresado en todo el pavimento asf\u00e1ltico fatigado por el paso del tiempo de hasta 10 cent\u00edmetros de espesor en cuatro mil 731.24 metros cuadrados, el riego de liga a base de emulsi\u00f3n asf\u00e1ltica FR- 3 a raz\u00f3n de 0.70 litros por metro cuadrado para finalmente tender una carpeta de cinco cent\u00edmetros de espesor de concreto asf\u00e1ltico en caliente en cuatro mil 731.24 metros cuadrados.<\/p>\n<p>Como parte de la se\u00f1alizaci\u00f3n se aplicar\u00e1 en las guarniciones pintura para tr\u00e1fico base solvente color amarillo en 855.08 metros, mientras que para la vialidad pintura termopl\u00e1stica con microesferas color blanco en mil 282.62 metros, as\u00ed como 257 vialetas reflejantes de un perno de 10&#215;10 y 75 boyas met\u00e1licas.<\/p>\n<p>La s\u00edndica municipal en funciones de presidenta municipal de Cuernavaca, Catalina Ver\u00f3nica Atenco P\u00e9rez, acompa\u00f1\u00f3 a los vecinos en este inicio de los trabajos que tienen un monto de inversi\u00f3n de tres millones 922 mil 505.12 pesos proveniente de recursos propios para el ejercicio fiscal 2024, aclarando que no habr\u00e1 cierres en la vialidad durante el d\u00eda, a fin de evitar afectaciones al tr\u00e1nsito vehicular.<\/p>\n<p>*Esta publicaci\u00f3n es de car\u00e1cter informativo, de inter\u00e9s p\u00fablico y ajena a cualquier partido pol\u00edtico*<\/p>\n\n\t\t<style type=\"text\/css\">\n\t\t\t#gallery-1 {\n\t\t\t\tmargin: auto;\n\t\t\t}\n\t\t\t#gallery-1 .gallery-item {\n\t\t\t\tfloat: left;\n\t\t\t\tmargin-top: 10px;\n\t\t\t\ttext-align: center;\n\t\t\t\twidth: 33%;\n\t\t\t}\n\t\t\t#gallery-1 img {\n\t\t\t\tborder: 2px solid #cfcfcf;\n\t\t\t}\n\t\t\t#gallery-1 .gallery-caption {\n\t\t\t\tmargin-left: 0;\n\t\t\t}\n\t\t\t\/* see gallery_shortcode() in wp-includes\/media.php *\/\n\t\t<\/style>\n\t\t<div id='gallery-1' class='gallery galleryid-40399 gallery-columns-3 gallery-size-thumbnail'><dl class='gallery-item'>\n\t\t\t<dt class='gallery-icon landscape'>\n\t\t\t\t<a href='https:\/\/cuernavaca.gob.mx\/?attachment_id=40400'><img width=\"150\" height=\"150\" src=\"https:\/\/cuernavaca.gob.mx\/wp-content\/uploads\/2024\/05\/COMUNICAN-A-RESIDENTES-COMERCIANTES-Y-TRANSPORTE-DEL-INICIO-DE-TRABAJOS-DE-REHABILITACIO\u0301N-EN-2DA-ETAPA-DE-LA-AVENIDA-10-DE-ABRIL-1-150x150.jpg\" class=\"attachment-thumbnail size-thumbnail\" alt=\"\" loading=\"lazy\" \/><\/a>\n\t\t\t<\/dt><\/dl><dl class='gallery-item'>\n\t\t\t<dt class='gallery-icon landscape'>\n\t\t\t\t<a href='https:\/\/cuernavaca.gob.mx\/?attachment_id=40401'><img width=\"150\" height=\"150\" src=\"https:\/\/cuernavaca.gob.mx\/wp-content\/uploads\/2024\/05\/COMUNICAN-A-RESIDENTES-COMERCIANTES-Y-TRANSPORTE-DEL-INICIO-DE-TRABAJOS-DE-REHABILITACIO\u0301N-EN-2DA-ETAPA-DE-LA-AVENIDA-10-DE-ABRIL-2-150x150.jpg\" class=\"attachment-thumbnail size-thumbnail\" alt=\"\" loading=\"lazy\" \/><\/a>\n\t\t\t<\/dt><\/dl><dl class='gallery-item'>\n\t\t\t<dt class='gallery-icon landscape'>\n\t\t\t\t<a href='https:\/\/cuernavaca.gob.mx\/?attachment_id=40402'><img width=\"150\" height=\"150\" src=\"https:\/\/cuernavaca.gob.mx\/wp-content\/uploads\/2024\/05\/COMUNICAN-A-RESIDENTES-COMERCIANTES-Y-TRANSPORTE-DEL-INICIO-DE-TRABAJOS-DE-REHABILITACIO\u0301N-EN-2DA-ETAPA-DE-LA-AVENIDA-10-DE-ABRIL-3-150x150.jpg\" class=\"attachment-thumbnail size-thumbnail\" alt=\"\" loading=\"lazy\" \/><\/a>\n\t\t\t<\/dt><\/dl><br style=\"clear: both\" \/><dl class='gallery-item'>\n\t\t\t<dt class='gallery-icon landscape'>\n\t\t\t\t<a href='https:\/\/cuernavaca.gob.mx\/?attachment_id=40403'><img width=\"150\" height=\"150\" src=\"https:\/\/cuernavaca.gob.mx\/wp-content\/uploads\/2024\/05\/COMUNICAN-A-RESIDENTES-COMERCIANTES-Y-TRANSPORTE-DEL-INICIO-DE-TRABAJOS-DE-REHABILITACIO\u0301N-EN-2DA-ETAPA-DE-LA-AVENIDA-10-DE-ABRIL-4-150x150.jpg\" class=\"attachment-thumbnail size-thumbnail\" alt=\"\" loading=\"lazy\" \/><\/a>\n\t\t\t<\/dt><\/dl><dl class='gallery-item'>\n\t\t\t<dt class='gallery-icon landscape'>\n\t\t\t\t<a href='https:\/\/cuernavaca.gob.mx\/?attachment_id=40404'><img width=\"150\" height=\"150\" src=\"https:\/\/cuernavaca.gob.mx\/wp-content\/uploads\/2024\/05\/COMUNICAN-A-RESIDENTES-COMERCIANTES-Y-TRANSPORTE-DEL-INICIO-DE-TRABAJOS-DE-REHABILITACIO\u0301N-EN-2DA-ETAPA-DE-LA-AVENIDA-10-DE-ABRIL-5-150x150.jpg\" class=\"attachment-thumbnail size-thumbnail\" alt=\"\" loading=\"lazy\" \/><\/a>\n\t\t\t<\/dt><\/dl><dl class='gallery-item'>\n\t\t\t<dt class='gallery-icon landscape'>\n\t\t\t\t<a href='https:\/\/cuernavaca.gob.mx\/?attachment_id=40405'><img width=\"150\" height=\"150\" src=\"https:\/\/cuernavaca.gob.mx\/wp-content\/uploads\/2024\/05\/COMUNICAN-A-RESIDENTES-COMERCIANTES-Y-TRANSPORTE-DEL-INICIO-DE-TRABAJOS-DE-REHABILITACIO\u0301N-EN-2DA-ETAPA-DE-LA-AVENIDA-10-DE-ABRIL-6-150x150.jpg\" class=\"attachment-thumbnail size-thumbnail\" alt=\"\" loading=\"lazy\" \/><\/a>\n\t\t\t<\/dt><\/dl><br style=\"clear: both\" \/>\n\t\t<\/div>\n\n","protected":false},"excerpt":{"rendered":"<p>\u2022 Esta obra arranca el pr\u00f3ximo lunes 06 de mayo y durante un periodo estimado de 45 d\u00edas inician los trabajos nocturnos de fresado y asfalto \u2022 No habr\u00e1 cierres en la vialidad durante el d\u00eda, a fin de evitar afectaciones al tr\u00e1nsito vehicular A partir del pr\u00f3ximo lunes 06 de mayo y durante un [&hellip;]<\/p>\n","protected":false},"author":1,"featured_media":40400,"comment_status":"closed","ping_status":"open","sticky":false,"template":"","format":"standard","meta":[],"categories":[18],"tags":[121,120,206,1075,213,127],"aioseo_notices":[],"_links":{"self":[{"href":"https:\/\/cuernavaca.gob.mx\/index.php?rest_route=\/wp\/v2\/posts\/40399"}],"collection":[{"href":"https:\/\/cuernavaca.gob.mx\/index.php?rest_route=\/wp\/v2\/posts"}],"about":[{"href":"https:\/\/cuernavaca.gob.mx\/index.php?rest_route=\/wp\/v2\/types\/post"}],"author":[{"embeddable":true,"href":"https:\/\/cuernavaca.gob.mx\/index.php?rest_route=\/wp\/v2\/users\/1"}],"replies":[{"embeddable":true,"href":"https:\/\/cuernavaca.gob.mx\/index.php?rest_route=%2Fwp%2Fv2%2Fcomments&post=40399"}],"version-history":[{"count":1,"href":"https:\/\/cuernavaca.gob.mx\/index.php?rest_route=\/wp\/v2\/posts\/40399\/revisions"}],"predecessor-version":[{"id":40406,"href":"https:\/\/cuernavaca.gob.mx\/index.php?rest_route=\/wp\/v2\/posts\/40399\/revisions\/40406"}],"wp:featuredmedia":[{"embeddable":true,"href":"https:\/\/cuernavaca.gob.mx\/index.php?rest_route=\/wp\/v2\/media\/40400"}],"wp:attachment":[{"href":"https:\/\/cuernavaca.gob.mx\/index.php?rest_route=%2Fwp%2Fv2%2Fmedia&parent=40399"}],"wp:term":[{"taxonomy":"category","embeddable":true,"href":"https:\/\/cuernavaca.gob.mx\/index.php?rest_route=%2Fwp%2Fv2%2Fcategories&post=40399"},{"taxonomy":"post_tag","embeddable":true,"href":"https:\/\/cuernavaca.gob.mx\/index.php?rest_route=%2Fwp%2Fv2%2Ftags&post=40399"}],"curies":[{"name":"wp","href":"https:\/\/api.w.org\/{rel}","templated":true}]}}