{"id":40453,"date":"2024-05-05T13:30:19","date_gmt":"2024-05-05T19:30:19","guid":{"rendered":"https:\/\/cuernavaca.gob.mx\/?p=40453"},"modified":"2024-05-05T15:21:11","modified_gmt":"2024-05-05T21:21:11","slug":"f774-05-05-24-sedena-y-guardia-nacional-se-reunen-con-mandos-operativos-de-la-policia-de-cuernavaca","status":"publish","type":"post","link":"https:\/\/cuernavaca.gob.mx\/?p=40453","title":{"rendered":"F774 05\/05\/24 SEDENA Y GUARDIA NACIONAL, SE RE\u00daNEN CON MANDOS OPERATIVOS DE LA POLIC\u00cdA DE CUERNAVACA"},"content":{"rendered":"<p>Con el objetivo de coordinar acciones operativas y preventivas en el municipio de Cuernavaca; Mandos de la Secretar\u00eda de Protecci\u00f3n y Auxilio Ciudadano (SEPRAC), se reunieron con elementos de la SEDENA y Guardia Nacional.<\/p>\n<p>Durante este encuentro, la titular de la SEPRAC, Alicia V\u00e1zquez Luna, mostr\u00f3 los planes estrat\u00e9gicos, as\u00ed como las acciones operativas en materia de prevenci\u00f3n que se ejecutan, as\u00ed como los operativos a que se implementaran en pr\u00f3ximos d\u00edas de forma conjunta en la ciudad.<\/p>\n<p>En esta reuni\u00f3n asisti\u00f3 el Coronel Israel Padilla Ant\u00fanez, del 21 Batall\u00f3n de Infanter\u00eda, con Oficiales de SEDENA, as\u00ed como mandos y elementos de la Guardia Nacional del 21 Batall\u00f3n y del 6to Batall\u00f3n.<\/p>\n<p>Gracias a esta reuni\u00f3n se logr\u00f3 un intercambio de informaci\u00f3n entre autoridades municipales y federales para trabajar de forma coordinada en Cuernavaca.<\/p>\n<p>*Esta publicaci\u00f3n es de car\u00e1cter informativo, de inter\u00e9s p\u00fablico y ajena a cualquier partido pol\u00edtico. *<\/p>\n\n\t\t<style type=\"text\/css\">\n\t\t\t#gallery-1 {\n\t\t\t\tmargin: auto;\n\t\t\t}\n\t\t\t#gallery-1 .gallery-item {\n\t\t\t\tfloat: left;\n\t\t\t\tmargin-top: 10px;\n\t\t\t\ttext-align: center;\n\t\t\t\twidth: 33%;\n\t\t\t}\n\t\t\t#gallery-1 img {\n\t\t\t\tborder: 2px solid #cfcfcf;\n\t\t\t}\n\t\t\t#gallery-1 .gallery-caption {\n\t\t\t\tmargin-left: 0;\n\t\t\t}\n\t\t\t\/* see gallery_shortcode() in wp-includes\/media.php *\/\n\t\t<\/style>\n\t\t<div id='gallery-1' class='gallery galleryid-40453 gallery-columns-3 gallery-size-thumbnail'><dl class='gallery-item'>\n\t\t\t<dt class='gallery-icon landscape'>\n\t\t\t\t<a href='https:\/\/cuernavaca.gob.mx\/?attachment_id=40454'><img width=\"150\" height=\"150\" src=\"https:\/\/cuernavaca.gob.mx\/wp-content\/uploads\/2024\/05\/SEDENA-Y-GUARDIA-NACIONAL-SE-REU\u0301NEN-CON-MANDOS-OPERATIVOS-DE-LA-POLICI\u0301A-DE-CUERNAVACA-1-150x150.jpg\" class=\"attachment-thumbnail size-thumbnail\" alt=\"\" loading=\"lazy\" \/><\/a>\n\t\t\t<\/dt><\/dl><dl class='gallery-item'>\n\t\t\t<dt class='gallery-icon landscape'>\n\t\t\t\t<a href='https:\/\/cuernavaca.gob.mx\/?attachment_id=40455'><img width=\"150\" height=\"150\" src=\"https:\/\/cuernavaca.gob.mx\/wp-content\/uploads\/2024\/05\/SEDENA-Y-GUARDIA-NACIONAL-SE-REU\u0301NEN-CON-MANDOS-OPERATIVOS-DE-LA-POLICI\u0301A-DE-CUERNAVACA-2-150x150.jpg\" class=\"attachment-thumbnail size-thumbnail\" alt=\"\" loading=\"lazy\" \/><\/a>\n\t\t\t<\/dt><\/dl><dl class='gallery-item'>\n\t\t\t<dt class='gallery-icon landscape'>\n\t\t\t\t<a href='https:\/\/cuernavaca.gob.mx\/?attachment_id=40456'><img width=\"150\" height=\"150\" src=\"https:\/\/cuernavaca.gob.mx\/wp-content\/uploads\/2024\/05\/SEDENA-Y-GUARDIA-NACIONAL-SE-REU\u0301NEN-CON-MANDOS-OPERATIVOS-DE-LA-POLICI\u0301A-DE-CUERNAVACA-3-150x150.jpg\" class=\"attachment-thumbnail size-thumbnail\" alt=\"\" loading=\"lazy\" \/><\/a>\n\t\t\t<\/dt><\/dl><br style=\"clear: both\" \/>\n\t\t<\/div>\n\n","protected":false},"excerpt":{"rendered":"<p>Con el objetivo de coordinar acciones operativas y preventivas en el municipio de Cuernavaca; Mandos de la Secretar\u00eda de Protecci\u00f3n y Auxilio Ciudadano (SEPRAC), se reunieron con elementos de la SEDENA y Guardia Nacional. Durante este encuentro, la titular de la SEPRAC, Alicia V\u00e1zquez Luna, mostr\u00f3 los planes estrat\u00e9gicos, as\u00ed como las acciones operativas en [&hellip;]<\/p>\n","protected":false},"author":1,"featured_media":40455,"comment_status":"closed","ping_status":"open","sticky":false,"template":"","format":"standard","meta":[],"categories":[17],"tags":[2582,3629,1023,2898,120,206,3235,127,125],"aioseo_notices":[],"_links":{"self":[{"href":"https:\/\/cuernavaca.gob.mx\/index.php?rest_route=\/wp\/v2\/posts\/40453"}],"collection":[{"href":"https:\/\/cuernavaca.gob.mx\/index.php?rest_route=\/wp\/v2\/posts"}],"about":[{"href":"https:\/\/cuernavaca.gob.mx\/index.php?rest_route=\/wp\/v2\/types\/post"}],"author":[{"embeddable":true,"href":"https:\/\/cuernavaca.gob.mx\/index.php?rest_route=\/wp\/v2\/users\/1"}],"replies":[{"embeddable":true,"href":"https:\/\/cuernavaca.gob.mx\/index.php?rest_route=%2Fwp%2Fv2%2Fcomments&post=40453"}],"version-history":[{"count":1,"href":"https:\/\/cuernavaca.gob.mx\/index.php?rest_route=\/wp\/v2\/posts\/40453\/revisions"}],"predecessor-version":[{"id":40457,"href":"https:\/\/cuernavaca.gob.mx\/index.php?rest_route=\/wp\/v2\/posts\/40453\/revisions\/40457"}],"wp:featuredmedia":[{"embeddable":true,"href":"https:\/\/cuernavaca.gob.mx\/index.php?rest_route=\/wp\/v2\/media\/40455"}],"wp:attachment":[{"href":"https:\/\/cuernavaca.gob.mx\/index.php?rest_route=%2Fwp%2Fv2%2Fmedia&parent=40453"}],"wp:term":[{"taxonomy":"category","embeddable":true,"href":"https:\/\/cuernavaca.gob.mx\/index.php?rest_route=%2Fwp%2Fv2%2Fcategories&post=40453"},{"taxonomy":"post_tag","embeddable":true,"href":"https:\/\/cuernavaca.gob.mx\/index.php?rest_route=%2Fwp%2Fv2%2Ftags&post=40453"}],"curies":[{"name":"wp","href":"https:\/\/api.w.org\/{rel}","templated":true}]}}