{"id":40468,"date":"2024-05-06T15:00:42","date_gmt":"2024-05-06T21:00:42","guid":{"rendered":"https:\/\/cuernavaca.gob.mx\/?p=40468"},"modified":"2024-05-06T17:59:52","modified_gmt":"2024-05-06T23:59:52","slug":"b1720-06-05-24-refrenda-la-seprac-coordinacion-con-guardia-nacional-y-ejercito-en-materia-de-prevencion-del-delito-en-cuernavaca","status":"publish","type":"post","link":"https:\/\/cuernavaca.gob.mx\/?p=40468","title":{"rendered":"B1720 06\/05\/24 REFRENDA LA SEPRAC COORDINACI\u00d3N CON GUARDIA NACIONAL Y EJ\u00c9RCITO EN MATERIA DE PREVENCI\u00d3N DEL DELITO EN CUERNAVACA"},"content":{"rendered":"<p><strong>\u2022 Tras un intercambio de informaci\u00f3n, Alicia V\u00e1zquez refrend\u00f3 compromiso de la polic\u00eda municipal para mantener un trabajo colaborativo ante la llegada a Morelos de m\u00e1s de 900 elementos castrenses<\/strong><\/p>\n<p><strong>\u2022 La titular de SEPRAC destac\u00f3 la eficiencia con la que se ha desempe\u00f1ado la Central de Emergencias de Cuernavaca y la confianza de la poblaci\u00f3n ante la eficiencia del servicio<\/strong><\/p>\n<p>El Ayuntamiento de Cuernavaca, a trav\u00e9s de la Secretar\u00eda de Protecci\u00f3n y Auxilio Ciudadano (SEPRAC), refrend\u00f3 su compromiso de continuar trabajando de manera coordinada con la Federaci\u00f3n para fortalecer la paz, el orden y la gobernabilidad en la capital morelense, donde se ha mantenido una colaboraci\u00f3n permanente desde el primer d\u00eda con las distintas instancias encargadas de la seguridad a nivel nacional y estatal.<\/p>\n<p>Lo anterior, fue se\u00f1alado tras la llegada a Morelos de m\u00e1s de 900 elementos de la Guardia Nacional, con cuyos mandos sostuvieron una reuni\u00f3n con autoridades de la SEPRAC para presentarles e intercambiar informaci\u00f3n que les permita tener una mejor coordinaci\u00f3n y colaboraci\u00f3n, reconociendo el inter\u00e9s que tiene la Guardia Nacional en Cuernavaca por ser la capital del estado.<\/p>\n<p>En conferencia de prensa semanal, la titular de SEPRAC, Alicia V\u00e1zquez Luna, refiri\u00f3 que en este encuentro con el Coronel de Infanter\u00eda Hissael Padilla Ant\u00fanez del 21\/o. Batall\u00f3n de Infanter\u00eda del Ej\u00e9rcito Mexicano, as\u00ed como con comandantes de la Guardia Nacional, les mostraron la informaci\u00f3n operativa en materia de prevenci\u00f3n que se ejecutan en la ciudad, mostr\u00e1ndoles adem\u00e1s los mapas de calor e informaci\u00f3n m\u00e1s sensible que les permita hacer su labor de primer respondiente, para la cual solicitaron el apoyo de las \u00e1reas jur\u00eddicas y de m\u00e9dicos de la SEPRAC en cuanto a la certificaci\u00f3n de algunos detenidos.<\/p>\n<p>En la reuni\u00f3n tambi\u00e9n se plantearon los operativos que se implementar\u00e1n en pr\u00f3ximos d\u00edas de forma conjunta a favor de la seguridad y tranquilidad de los habitantes, destacando que Cuernavaca cuenta con un n\u00famero para atender emergencias y auxilios del C4, el 777 312 1274, que est\u00e1 funcionando de manera regular, eficiente y eficaz, integrado por seis l\u00edneas de atenci\u00f3n que al mismo tiempo apoyan a la ciudadan\u00eda que lo requiera las 24 horas del d\u00eda.<\/p>\n<p>Ante denuncias p\u00fablicas que se han hecho sobre agresiones a casas de campa\u00f1a de candidatos dadas a conocer a trav\u00e9s de medios de comunicaci\u00f3n, aclar\u00f3 que hasta la tarde del lunes no se ten\u00eda alg\u00fan reporte ni se hab\u00eda solicitado apoyo en el C4, puntualizando que no cuentan con alg\u00fan registro de estos sitios de operaci\u00f3n electoral en el municipio, por lo que solicit\u00f3 de la manera m\u00e1s atenta a los participantes para un cargo de elecci\u00f3n popular que as\u00ed lo deseen, informen sobre la ubicaci\u00f3n para realizar recorridos de prevenci\u00f3n y de proximidad, manteniendo comunicaci\u00f3n con los encargados de estos lugares.<\/p>\n<p>*Esta publicaci\u00f3n es de car\u00e1cter informativo, de inter\u00e9s p\u00fablico y ajena a cualquier partido pol\u00edtico.<\/p>\n\n\t\t<style type=\"text\/css\">\n\t\t\t#gallery-1 {\n\t\t\t\tmargin: auto;\n\t\t\t}\n\t\t\t#gallery-1 .gallery-item {\n\t\t\t\tfloat: left;\n\t\t\t\tmargin-top: 10px;\n\t\t\t\ttext-align: center;\n\t\t\t\twidth: 33%;\n\t\t\t}\n\t\t\t#gallery-1 img {\n\t\t\t\tborder: 2px solid #cfcfcf;\n\t\t\t}\n\t\t\t#gallery-1 .gallery-caption {\n\t\t\t\tmargin-left: 0;\n\t\t\t}\n\t\t\t\/* see gallery_shortcode() in wp-includes\/media.php *\/\n\t\t<\/style>\n\t\t<div id='gallery-1' class='gallery galleryid-40468 gallery-columns-3 gallery-size-thumbnail'><dl class='gallery-item'>\n\t\t\t<dt class='gallery-icon landscape'>\n\t\t\t\t<a href='https:\/\/cuernavaca.gob.mx\/?attachment_id=40469'><img width=\"150\" height=\"150\" src=\"https:\/\/cuernavaca.gob.mx\/wp-content\/uploads\/2024\/05\/REFRENDA-LA-SEPRAC-COORDINACIO\u0301N-CON-GUARDIA-NACIONAL-Y-EJE\u0301RCITO-EN-MATERIA-DE-PREVENCIO\u0301N-DEL-DELITO-EN-CUERNAVACA-1-150x150.jpg\" class=\"attachment-thumbnail size-thumbnail\" alt=\"\" loading=\"lazy\" \/><\/a>\n\t\t\t<\/dt><\/dl><dl class='gallery-item'>\n\t\t\t<dt class='gallery-icon landscape'>\n\t\t\t\t<a href='https:\/\/cuernavaca.gob.mx\/?attachment_id=40470'><img width=\"150\" height=\"150\" src=\"https:\/\/cuernavaca.gob.mx\/wp-content\/uploads\/2024\/05\/REFRENDA-LA-SEPRAC-COORDINACIO\u0301N-CON-GUARDIA-NACIONAL-Y-EJE\u0301RCITO-EN-MATERIA-DE-PREVENCIO\u0301N-DEL-DELITO-EN-CUERNAVACA-2-150x150.jpg\" class=\"attachment-thumbnail size-thumbnail\" alt=\"\" loading=\"lazy\" \/><\/a>\n\t\t\t<\/dt><\/dl>\n\t\t\t<br style='clear: both' \/>\n\t\t<\/div>\n\n<p>&nbsp;<\/p>\n","protected":false},"excerpt":{"rendered":"<p>\u2022 Tras un intercambio de informaci\u00f3n, Alicia V\u00e1zquez refrend\u00f3 compromiso de la polic\u00eda municipal para mantener un trabajo colaborativo ante la llegada a Morelos de m\u00e1s de 900 elementos castrenses \u2022 La titular de SEPRAC destac\u00f3 la eficiencia con la que se ha desempe\u00f1ado la Central de Emergencias de Cuernavaca y la confianza de la [&hellip;]<\/p>\n","protected":false},"author":1,"featured_media":40469,"comment_status":"closed","ping_status":"open","sticky":false,"template":"","format":"standard","meta":[],"categories":[17],"tags":[121,1023,196,120,206,127,414,125],"aioseo_notices":[],"_links":{"self":[{"href":"https:\/\/cuernavaca.gob.mx\/index.php?rest_route=\/wp\/v2\/posts\/40468"}],"collection":[{"href":"https:\/\/cuernavaca.gob.mx\/index.php?rest_route=\/wp\/v2\/posts"}],"about":[{"href":"https:\/\/cuernavaca.gob.mx\/index.php?rest_route=\/wp\/v2\/types\/post"}],"author":[{"embeddable":true,"href":"https:\/\/cuernavaca.gob.mx\/index.php?rest_route=\/wp\/v2\/users\/1"}],"replies":[{"embeddable":true,"href":"https:\/\/cuernavaca.gob.mx\/index.php?rest_route=%2Fwp%2Fv2%2Fcomments&post=40468"}],"version-history":[{"count":1,"href":"https:\/\/cuernavaca.gob.mx\/index.php?rest_route=\/wp\/v2\/posts\/40468\/revisions"}],"predecessor-version":[{"id":40471,"href":"https:\/\/cuernavaca.gob.mx\/index.php?rest_route=\/wp\/v2\/posts\/40468\/revisions\/40471"}],"wp:featuredmedia":[{"embeddable":true,"href":"https:\/\/cuernavaca.gob.mx\/index.php?rest_route=\/wp\/v2\/media\/40469"}],"wp:attachment":[{"href":"https:\/\/cuernavaca.gob.mx\/index.php?rest_route=%2Fwp%2Fv2%2Fmedia&parent=40468"}],"wp:term":[{"taxonomy":"category","embeddable":true,"href":"https:\/\/cuernavaca.gob.mx\/index.php?rest_route=%2Fwp%2Fv2%2Fcategories&post=40468"},{"taxonomy":"post_tag","embeddable":true,"href":"https:\/\/cuernavaca.gob.mx\/index.php?rest_route=%2Fwp%2Fv2%2Ftags&post=40468"}],"curies":[{"name":"wp","href":"https:\/\/api.w.org\/{rel}","templated":true}]}}