{"id":40472,"date":"2024-05-06T15:30:27","date_gmt":"2024-05-06T21:30:27","guid":{"rendered":"https:\/\/cuernavaca.gob.mx\/?p=40472"},"modified":"2024-05-06T18:11:24","modified_gmt":"2024-05-07T00:11:24","slug":"f775-06-05-24-supervisa-sindica-municipal-en-funciones-de-presidenta-municipal-de-cuernavaca-operacion-y-dignificacion-de-espacios-de-la-seprac","status":"publish","type":"post","link":"https:\/\/cuernavaca.gob.mx\/?p=40472","title":{"rendered":"F775 06\/05\/24 SUPERVISA S\u00cdNDICA MUNICIPAL EN FUNCIONES DE PRESIDENTA MUNICIPAL DE CUERNAVACA OPERACI\u00d3N Y DIGNIFICACI\u00d3N DE ESPACIOS DE LA SEPRAC"},"content":{"rendered":"<p>SUPERVISA S\u00cdNDICA MUNICIPAL EN FUNCIONES DE PRESIDENTA MUNICIPAL DE CUERNAVACA OPERACI\u00d3N Y DIGNIFICACI\u00d3N DE ESPACIOS DE LA SEPRAC<\/p>\n<p>&nbsp;<\/p>\n<p>La s\u00edndica municipal en funciones de presidenta municipal de Cuernavaca, Catalina Ver\u00f3nica Atenco P\u00e9rez, realiz\u00f3 este lunes una supervisi\u00f3n en las instalaciones de la Secretar\u00eda de Protecci\u00f3n y Auxilio Ciudadano (SEPRAC) para conocer los avances que se han tenido en el mejoramiento de las \u00e1reas operativas y administrativas que ha sido una prioridad para la administraci\u00f3n municipal.<\/p>\n<p>&nbsp;<\/p>\n<p>Acompa\u00f1ada de la titular de SEPRAC, Alicia V\u00e1zquez Luna, la s\u00edndica municipal en funciones de presidenta municipal de Cuernavaca recorri\u00f3 las diversas \u00e1reas que durante esta administraci\u00f3n se han estado dignificando para lograr una mayor productividad del personal, con quienes convers\u00f3 y felicit\u00f3 por su disposici\u00f3n para mantener los procesos de mejora continua que a su vez garantizan un servicio m\u00e1s eficiente y cordial hacia la poblaci\u00f3n en una dependencia tan importante como es SEPRAC.<\/p>\n<p>&nbsp;<\/p>\n<p>*Esta publicaci\u00f3n es de car\u00e1cter informativo, de inter\u00e9s p\u00fablico y ajena a cualquier partido pol\u00edtico.<\/p>\n\n\t\t<style type=\"text\/css\">\n\t\t\t#gallery-1 {\n\t\t\t\tmargin: auto;\n\t\t\t}\n\t\t\t#gallery-1 .gallery-item {\n\t\t\t\tfloat: left;\n\t\t\t\tmargin-top: 10px;\n\t\t\t\ttext-align: center;\n\t\t\t\twidth: 33%;\n\t\t\t}\n\t\t\t#gallery-1 img {\n\t\t\t\tborder: 2px solid #cfcfcf;\n\t\t\t}\n\t\t\t#gallery-1 .gallery-caption {\n\t\t\t\tmargin-left: 0;\n\t\t\t}\n\t\t\t\/* see gallery_shortcode() in wp-includes\/media.php *\/\n\t\t<\/style>\n\t\t<div id='gallery-1' class='gallery galleryid-40472 gallery-columns-3 gallery-size-thumbnail'><dl class='gallery-item'>\n\t\t\t<dt class='gallery-icon landscape'>\n\t\t\t\t<a href='https:\/\/cuernavaca.gob.mx\/?attachment_id=40473'><img width=\"150\" height=\"150\" src=\"https:\/\/cuernavaca.gob.mx\/wp-content\/uploads\/2024\/05\/SUPERVISA-SI\u0301NDICA-MUNICIPAL-EN-FUNCIONES-DE-PRESIDENTA-MUNICIPAL-DE-CUERNAVACA-OPERACIO\u0301N-Y-DIGNIFICACIO\u0301N-DE-ESPACIOS-DE-LA-SEPRAC-1-150x150.jpg\" class=\"attachment-thumbnail size-thumbnail\" alt=\"\" loading=\"lazy\" \/><\/a>\n\t\t\t<\/dt><\/dl><dl class='gallery-item'>\n\t\t\t<dt class='gallery-icon landscape'>\n\t\t\t\t<a href='https:\/\/cuernavaca.gob.mx\/?attachment_id=40474'><img width=\"150\" height=\"150\" src=\"https:\/\/cuernavaca.gob.mx\/wp-content\/uploads\/2024\/05\/SUPERVISA-SI\u0301NDICA-MUNICIPAL-EN-FUNCIONES-DE-PRESIDENTA-MUNICIPAL-DE-CUERNAVACA-OPERACIO\u0301N-Y-DIGNIFICACIO\u0301N-DE-ESPACIOS-DE-LA-SEPRAC-2-150x150.jpg\" class=\"attachment-thumbnail size-thumbnail\" alt=\"\" loading=\"lazy\" \/><\/a>\n\t\t\t<\/dt><\/dl><dl class='gallery-item'>\n\t\t\t<dt class='gallery-icon landscape'>\n\t\t\t\t<a href='https:\/\/cuernavaca.gob.mx\/?attachment_id=40475'><img width=\"150\" height=\"150\" src=\"https:\/\/cuernavaca.gob.mx\/wp-content\/uploads\/2024\/05\/SUPERVISA-SI\u0301NDICA-MUNICIPAL-EN-FUNCIONES-DE-PRESIDENTA-MUNICIPAL-DE-CUERNAVACA-OPERACIO\u0301N-Y-DIGNIFICACIO\u0301N-DE-ESPACIOS-DE-LA-SEPRAC-3-150x150.jpg\" class=\"attachment-thumbnail size-thumbnail\" alt=\"\" loading=\"lazy\" \/><\/a>\n\t\t\t<\/dt><\/dl><br style=\"clear: both\" \/><dl class='gallery-item'>\n\t\t\t<dt class='gallery-icon landscape'>\n\t\t\t\t<a href='https:\/\/cuernavaca.gob.mx\/?attachment_id=40476'><img width=\"150\" height=\"150\" src=\"https:\/\/cuernavaca.gob.mx\/wp-content\/uploads\/2024\/05\/SUPERVISA-SI\u0301NDICA-MUNICIPAL-EN-FUNCIONES-DE-PRESIDENTA-MUNICIPAL-DE-CUERNAVACA-OPERACIO\u0301N-Y-DIGNIFICACIO\u0301N-DE-ESPACIOS-DE-LA-SEPRAC-4-150x150.jpg\" class=\"attachment-thumbnail size-thumbnail\" alt=\"\" loading=\"lazy\" \/><\/a>\n\t\t\t<\/dt><\/dl><dl class='gallery-item'>\n\t\t\t<dt class='gallery-icon landscape'>\n\t\t\t\t<a href='https:\/\/cuernavaca.gob.mx\/?attachment_id=40477'><img width=\"150\" height=\"150\" src=\"https:\/\/cuernavaca.gob.mx\/wp-content\/uploads\/2024\/05\/SUPERVISA-SI\u0301NDICA-MUNICIPAL-EN-FUNCIONES-DE-PRESIDENTA-MUNICIPAL-DE-CUERNAVACA-OPERACIO\u0301N-Y-DIGNIFICACIO\u0301N-DE-ESPACIOS-DE-LA-SEPRAC-5-150x150.jpg\" class=\"attachment-thumbnail size-thumbnail\" alt=\"\" loading=\"lazy\" \/><\/a>\n\t\t\t<\/dt><\/dl>\n\t\t\t<br style='clear: both' \/>\n\t\t<\/div>\n\n","protected":false},"excerpt":{"rendered":"<p>SUPERVISA S\u00cdNDICA MUNICIPAL EN FUNCIONES DE PRESIDENTA MUNICIPAL DE CUERNAVACA OPERACI\u00d3N Y DIGNIFICACI\u00d3N DE ESPACIOS DE LA SEPRAC &nbsp; La s\u00edndica municipal en funciones de presidenta municipal de Cuernavaca, Catalina Ver\u00f3nica Atenco P\u00e9rez, realiz\u00f3 este lunes una supervisi\u00f3n en las instalaciones de la Secretar\u00eda de Protecci\u00f3n y Auxilio Ciudadano (SEPRAC) para conocer los avances que [&hellip;]<\/p>\n","protected":false},"author":1,"featured_media":40473,"comment_status":"closed","ping_status":"open","sticky":false,"template":"","format":"standard","meta":[],"categories":[17],"tags":[121,120,206,127,414,125],"aioseo_notices":[],"_links":{"self":[{"href":"https:\/\/cuernavaca.gob.mx\/index.php?rest_route=\/wp\/v2\/posts\/40472"}],"collection":[{"href":"https:\/\/cuernavaca.gob.mx\/index.php?rest_route=\/wp\/v2\/posts"}],"about":[{"href":"https:\/\/cuernavaca.gob.mx\/index.php?rest_route=\/wp\/v2\/types\/post"}],"author":[{"embeddable":true,"href":"https:\/\/cuernavaca.gob.mx\/index.php?rest_route=\/wp\/v2\/users\/1"}],"replies":[{"embeddable":true,"href":"https:\/\/cuernavaca.gob.mx\/index.php?rest_route=%2Fwp%2Fv2%2Fcomments&post=40472"}],"version-history":[{"count":1,"href":"https:\/\/cuernavaca.gob.mx\/index.php?rest_route=\/wp\/v2\/posts\/40472\/revisions"}],"predecessor-version":[{"id":40478,"href":"https:\/\/cuernavaca.gob.mx\/index.php?rest_route=\/wp\/v2\/posts\/40472\/revisions\/40478"}],"wp:featuredmedia":[{"embeddable":true,"href":"https:\/\/cuernavaca.gob.mx\/index.php?rest_route=\/wp\/v2\/media\/40473"}],"wp:attachment":[{"href":"https:\/\/cuernavaca.gob.mx\/index.php?rest_route=%2Fwp%2Fv2%2Fmedia&parent=40472"}],"wp:term":[{"taxonomy":"category","embeddable":true,"href":"https:\/\/cuernavaca.gob.mx\/index.php?rest_route=%2Fwp%2Fv2%2Fcategories&post=40472"},{"taxonomy":"post_tag","embeddable":true,"href":"https:\/\/cuernavaca.gob.mx\/index.php?rest_route=%2Fwp%2Fv2%2Ftags&post=40472"}],"curies":[{"name":"wp","href":"https:\/\/api.w.org\/{rel}","templated":true}]}}