{"id":40479,"date":"2024-05-07T12:00:20","date_gmt":"2024-05-07T18:00:20","guid":{"rendered":"https:\/\/cuernavaca.gob.mx\/?p=40479"},"modified":"2024-05-07T12:58:49","modified_gmt":"2024-05-07T18:58:49","slug":"b1721-07-05-24-ayuntamiento-de-cuernavaca-toma-protesta-a-nuevo-ayudante-municipal-de-ahuatepec","status":"publish","type":"post","link":"https:\/\/cuernavaca.gob.mx\/?p=40479","title":{"rendered":"B1721 07\/05\/24 AYUNTAMIENTO DE CUERNAVACA TOMA PROTESTA A NUEVO AYUDANTE MUNICIPAL DE AHUATEPEC"},"content":{"rendered":"<p><strong>\u2022 La s\u00edndica municipal en funciones de presidenta municipal, entreg\u00f3 a Paulino Salas Flores su constancia de mayor\u00eda tras la elecci\u00f3n extraordinaria celebrada el pasado 28 de abril<\/strong><\/p>\n<p><strong>\u2022 Extern\u00f3 la disposici\u00f3n del Gobierno Municipal para sumar esfuerzos en beneficio del bien com\u00fan del poblado<\/strong><\/p>\n<p>Con el compromiso de trabajar de manera coordinada por el bien com\u00fan del poblado de Ahuatepec, este martes la s\u00edndica municipal en funciones de presidenta municipal de Cuernavaca, Catalina Ver\u00f3nica Atenco P\u00e9rez, encabez\u00f3 la ceremonia de toma de protesta y entrega de constancia de mayor\u00eda a Paulino Salas Flores como Ayudante Municipal electo del poblado para el periodo 2024- 2027.<\/p>\n<p>Lo anterior, tras validar y calificar el Cabildo de Cuernavaca la elecci\u00f3n extraordinaria celebrada el pasado 28 de abril en el poblado de Ahuatepec en cumplimiento con lo ordenado por el Tribunal Electoral del Estado de Morelos (TEEM) en la sentencia emitida dentro del expediente TEEM\/JDC\/47\/2023-2 y su acumulado TEEM\/JDC\/50\/2023- 2.<\/p>\n<p>En presencia de integrantes de la planilla verde, Catalina Ver\u00f3nica Atenco, manifest\u00f3 su reconocimiento a las dos planillas participantes que pusieron por encima el bien com\u00fan de la comunidad, sobre intereses personales, teniendo hoy una autoridad auxiliar elegida y respaldada por la mayor\u00eda de los pobladores.<\/p>\n<p>Ante la gran tarea que tienen a su cargo, la Sindica Municipal refrend\u00f3 la disposici\u00f3n del Ayuntamiento de Cuernavaca para sumar esfuerzos en beneficio de Ahuatepec, como parte de la pol\u00edtica de puertas abiertas que han privilegiado en cada una de las colonias y poblados que conforman la ciudad capital.<\/p>\n<p>Finalmente, el ayudante electo de Ahuatepec, Paulino Salas Flores, agradeci\u00f3 el apoyo de los integrantes de su planilla, as\u00ed como la confianza de la comunidad para liderar este importante cargo acompa\u00f1ado de Francisco Salas Ju\u00e1rez en su calidad de ayudante suplente.<\/p>\n<p>*Esta publicaci\u00f3n es de car\u00e1cter informativo, de inter\u00e9s p\u00fablico y ajena a cualquier partido pol\u00edtico.<\/p>\n\n\t\t<style type=\"text\/css\">\n\t\t\t#gallery-1 {\n\t\t\t\tmargin: auto;\n\t\t\t}\n\t\t\t#gallery-1 .gallery-item {\n\t\t\t\tfloat: left;\n\t\t\t\tmargin-top: 10px;\n\t\t\t\ttext-align: center;\n\t\t\t\twidth: 33%;\n\t\t\t}\n\t\t\t#gallery-1 img {\n\t\t\t\tborder: 2px solid #cfcfcf;\n\t\t\t}\n\t\t\t#gallery-1 .gallery-caption {\n\t\t\t\tmargin-left: 0;\n\t\t\t}\n\t\t\t\/* see gallery_shortcode() in wp-includes\/media.php *\/\n\t\t<\/style>\n\t\t<div id='gallery-1' class='gallery galleryid-40479 gallery-columns-3 gallery-size-thumbnail'><dl class='gallery-item'>\n\t\t\t<dt class='gallery-icon landscape'>\n\t\t\t\t<a href='https:\/\/cuernavaca.gob.mx\/?attachment_id=40480'><img width=\"150\" height=\"150\" src=\"https:\/\/cuernavaca.gob.mx\/wp-content\/uploads\/2024\/05\/AYUNTAMIENTO-DE-CUERNAVACA-TOMA-PROTESTA-A-NUEVO-AYUDANTE-MUNICIPAL-DE-AHUATEPEC-AYUNTAMIENTO-DE-CUERNAVACA-TOMA-PROTESTA-A-NUEVO-AYUDANTE-MUNICIPAL-DE-AHUATEPEC-1-150x150.jpg\" class=\"attachment-thumbnail size-thumbnail\" alt=\"\" loading=\"lazy\" \/><\/a>\n\t\t\t<\/dt><\/dl><dl class='gallery-item'>\n\t\t\t<dt class='gallery-icon landscape'>\n\t\t\t\t<a href='https:\/\/cuernavaca.gob.mx\/?attachment_id=40481'><img width=\"150\" height=\"150\" src=\"https:\/\/cuernavaca.gob.mx\/wp-content\/uploads\/2024\/05\/AYUNTAMIENTO-DE-CUERNAVACA-TOMA-PROTESTA-A-NUEVO-AYUDANTE-MUNICIPAL-DE-AHUATEPEC-2-150x150.jpg\" class=\"attachment-thumbnail size-thumbnail\" alt=\"\" loading=\"lazy\" \/><\/a>\n\t\t\t<\/dt><\/dl><dl class='gallery-item'>\n\t\t\t<dt class='gallery-icon landscape'>\n\t\t\t\t<a href='https:\/\/cuernavaca.gob.mx\/?attachment_id=40482'><img width=\"150\" height=\"150\" src=\"https:\/\/cuernavaca.gob.mx\/wp-content\/uploads\/2024\/05\/AYUNTAMIENTO-DE-CUERNAVACA-TOMA-PROTESTA-A-NUEVO-AYUDANTE-MUNICIPAL-DE-AHUATEPEC-3-150x150.jpg\" class=\"attachment-thumbnail size-thumbnail\" alt=\"\" loading=\"lazy\" \/><\/a>\n\t\t\t<\/dt><\/dl><br style=\"clear: both\" \/><dl class='gallery-item'>\n\t\t\t<dt class='gallery-icon landscape'>\n\t\t\t\t<a href='https:\/\/cuernavaca.gob.mx\/?attachment_id=40483'><img width=\"150\" height=\"150\" src=\"https:\/\/cuernavaca.gob.mx\/wp-content\/uploads\/2024\/05\/AYUNTAMIENTO-DE-CUERNAVACA-TOMA-PROTESTA-A-NUEVO-AYUDANTE-MUNICIPAL-DE-AHUATEPEC-4-150x150.jpg\" class=\"attachment-thumbnail size-thumbnail\" alt=\"\" loading=\"lazy\" \/><\/a>\n\t\t\t<\/dt><\/dl><dl class='gallery-item'>\n\t\t\t<dt class='gallery-icon landscape'>\n\t\t\t\t<a href='https:\/\/cuernavaca.gob.mx\/?attachment_id=40484'><img width=\"150\" height=\"150\" src=\"https:\/\/cuernavaca.gob.mx\/wp-content\/uploads\/2024\/05\/AYUNTAMIENTO-DE-CUERNAVACA-TOMA-PROTESTA-A-NUEVO-AYUDANTE-MUNICIPAL-DE-AHUATEPEC-5-150x150.jpg\" class=\"attachment-thumbnail size-thumbnail\" alt=\"\" loading=\"lazy\" \/><\/a>\n\t\t\t<\/dt><\/dl><dl class='gallery-item'>\n\t\t\t<dt class='gallery-icon landscape'>\n\t\t\t\t<a href='https:\/\/cuernavaca.gob.mx\/?attachment_id=40485'><img width=\"150\" height=\"150\" src=\"https:\/\/cuernavaca.gob.mx\/wp-content\/uploads\/2024\/05\/AYUNTAMIENTO-DE-CUERNAVACA-TOMA-PROTESTA-A-NUEVO-AYUDANTE-MUNICIPAL-DE-AHUATEPEC-6-150x150.jpg\" class=\"attachment-thumbnail size-thumbnail\" alt=\"\" loading=\"lazy\" \/><\/a>\n\t\t\t<\/dt><\/dl><br style=\"clear: both\" \/><dl class='gallery-item'>\n\t\t\t<dt class='gallery-icon landscape'>\n\t\t\t\t<a href='https:\/\/cuernavaca.gob.mx\/?attachment_id=40486'><img width=\"150\" height=\"150\" src=\"https:\/\/cuernavaca.gob.mx\/wp-content\/uploads\/2024\/05\/AYUNTAMIENTO-DE-CUERNAVACA-TOMA-PROTESTA-A-NUEVO-AYUDANTE-MUNICIPAL-DE-AHUATEPEC-7-150x150.jpg\" class=\"attachment-thumbnail size-thumbnail\" alt=\"\" loading=\"lazy\" \/><\/a>\n\t\t\t<\/dt><\/dl>\n\t\t\t<br style='clear: both' \/>\n\t\t<\/div>\n\n","protected":false},"excerpt":{"rendered":"<p>\u2022 La s\u00edndica municipal en funciones de presidenta municipal, entreg\u00f3 a Paulino Salas Flores su constancia de mayor\u00eda tras la elecci\u00f3n extraordinaria celebrada el pasado 28 de abril \u2022 Extern\u00f3 la disposici\u00f3n del Gobierno Municipal para sumar esfuerzos en beneficio del bien com\u00fan del poblado Con el compromiso de trabajar de manera coordinada por el [&hellip;]<\/p>\n","protected":false},"author":1,"featured_media":40485,"comment_status":"closed","ping_status":"open","sticky":false,"template":"","format":"standard","meta":[],"categories":[20],"tags":[1341,912,121,321,120,206,127],"aioseo_notices":[],"_links":{"self":[{"href":"https:\/\/cuernavaca.gob.mx\/index.php?rest_route=\/wp\/v2\/posts\/40479"}],"collection":[{"href":"https:\/\/cuernavaca.gob.mx\/index.php?rest_route=\/wp\/v2\/posts"}],"about":[{"href":"https:\/\/cuernavaca.gob.mx\/index.php?rest_route=\/wp\/v2\/types\/post"}],"author":[{"embeddable":true,"href":"https:\/\/cuernavaca.gob.mx\/index.php?rest_route=\/wp\/v2\/users\/1"}],"replies":[{"embeddable":true,"href":"https:\/\/cuernavaca.gob.mx\/index.php?rest_route=%2Fwp%2Fv2%2Fcomments&post=40479"}],"version-history":[{"count":2,"href":"https:\/\/cuernavaca.gob.mx\/index.php?rest_route=\/wp\/v2\/posts\/40479\/revisions"}],"predecessor-version":[{"id":40488,"href":"https:\/\/cuernavaca.gob.mx\/index.php?rest_route=\/wp\/v2\/posts\/40479\/revisions\/40488"}],"wp:featuredmedia":[{"embeddable":true,"href":"https:\/\/cuernavaca.gob.mx\/index.php?rest_route=\/wp\/v2\/media\/40485"}],"wp:attachment":[{"href":"https:\/\/cuernavaca.gob.mx\/index.php?rest_route=%2Fwp%2Fv2%2Fmedia&parent=40479"}],"wp:term":[{"taxonomy":"category","embeddable":true,"href":"https:\/\/cuernavaca.gob.mx\/index.php?rest_route=%2Fwp%2Fv2%2Fcategories&post=40479"},{"taxonomy":"post_tag","embeddable":true,"href":"https:\/\/cuernavaca.gob.mx\/index.php?rest_route=%2Fwp%2Fv2%2Ftags&post=40479"}],"curies":[{"name":"wp","href":"https:\/\/api.w.org\/{rel}","templated":true}]}}