{"id":40489,"date":"2024-05-07T13:15:30","date_gmt":"2024-05-07T19:15:30","guid":{"rendered":"https:\/\/cuernavaca.gob.mx\/?p=40489"},"modified":"2024-05-07T15:11:22","modified_gmt":"2024-05-07T21:11:22","slug":"b1722-07-05-24-continuara-el-pueblo-de-chamilpa-con-obras-para-mejorar-sus-principales-vialidades-ayuntamiento-rehabilita-la-calle-francisco-j-mujica","status":"publish","type":"post","link":"https:\/\/cuernavaca.gob.mx\/?p=40489","title":{"rendered":"B1722 07\/05\/24 CONTINUAR\u00c1 EL PUEBLO DE CHAMILPA CON OBRAS PARA MEJORAR SUS PRINCIPALES VIALIDADES; AYUNTAMIENTO REHABILITA LA CALLE FRANCISCO J. M\u00daJICA"},"content":{"rendered":"<p>CONTINUAR\u00c1 EL PUEBLO DE CHAMILPA CON OBRAS PARA MEJORAR SUS PRINCIPALES VIALIDADES; AYUNTAMIENTO REHABILITA LA CALLE FRANCISCO J. M\u00daJICA<\/p>\n<ul>\n<li>Los trabajos consisten en la pavimentaci\u00f3n con concreto asf\u00e1ltico y adocreto, dando respuesta a las peticiones hechas por integrantes del Comisariado de Bienes Comunales y pobladores<\/li>\n<\/ul>\n<p>&nbsp;<\/p>\n<p>Con pleno respeto a los usos y costumbres y en coordinaci\u00f3n con autoridades del poblado de San Lorenzo Chamilpa, la calle Francisco J. M\u00fajica, uno de los principales accesos a la comunidad, es sujeta por parte del Ayuntamiento de Cuernavaca a trabajos de rehabilitaci\u00f3n con concreto asf\u00e1ltico y adoquinado desde su intersecci\u00f3n con la carretera federal a Tepoztl\u00e1n hasta la Ayudant\u00eda Municipal de acuerdo con las peticiones hechas por los pobladores y las autoridades auxiliares como el Comisariado de Bienes Comunales.<\/p>\n<p>&nbsp;<\/p>\n<p>En la explicaci\u00f3n t\u00e9cnica que se hizo a los vecinos, as\u00ed como a las representaciones del Comisariado y de la Ayudant\u00eda, el secretario de Desarrollo Urbano y Obras P\u00fablicas del Ayuntamiento de Cuernavaca, Demetrio Chavira de la Torre, se\u00f1al\u00f3 que en un tiempo estimado de 60 d\u00edas llevar\u00e1n a cabo el tendido de una carpeta de cinco cent\u00edmetros de espesor de concreto asf\u00e1ltico en caliente desde el kil\u00f3metro 0 al 629.50 en cuatro mil 930.05 metros cuadrados.<\/p>\n<p>&nbsp;<\/p>\n<p>Como parte de estos trabajos se har\u00e1 la construcci\u00f3n de guarniciones de 20x15x40 cent\u00edmetros de espesor con una resistencia de 200 kg\/cm2 y de banquetas de 10 cent\u00edmetros de espesor de concreto con una resistencia de 150 kg\/cm2, ambas en cien metros.<\/p>\n<p>&nbsp;<\/p>\n<p>Posterior a estos trabajos, se inform\u00f3 a pobladores que continuar\u00e1n con la reposici\u00f3n del pavimento adocreto por petici\u00f3n del Comisariado de Bienes Comunales, del kil\u00f3metro 629.50 al 694.82, trabajos que contemplan una longitud de 571.15 metros cuadrados donde existe actualmente el adoqu\u00edn; adem\u00e1s se har\u00e1 la renivelaci\u00f3n de un pozo de visita, de tres registros de agua potable y la nivelaci\u00f3n de un registro de Pemex.<\/p>\n<p>&nbsp;<\/p>\n<p>Ante la s\u00edndica municipal en funciones de presidenta municipal de Cuernavaca, Catalina Ver\u00f3nica Atenco P\u00e9rez y la regidora Mireya Delgado Romero, se detall\u00f3 que toda la vialidad ser\u00e1 balizada como ha ocurrido con otras obras a cargo del Gobierno Municipal y que han solicitado con urgencia los vecinos y en este caso las autoridades auxiliares, estando presentes las representaciones del ayudante municipal y del presidente del Comisariado de Bienes Comunales.<\/p>\n<p>&nbsp;<\/p>\n<p>*Esta publicaci\u00f3n es de car\u00e1cter informativo, de inter\u00e9s p\u00fablico y ajeno a cualquier partido pol\u00edtico*<\/p>\n\n\t\t<style type=\"text\/css\">\n\t\t\t#gallery-1 {\n\t\t\t\tmargin: auto;\n\t\t\t}\n\t\t\t#gallery-1 .gallery-item {\n\t\t\t\tfloat: left;\n\t\t\t\tmargin-top: 10px;\n\t\t\t\ttext-align: center;\n\t\t\t\twidth: 33%;\n\t\t\t}\n\t\t\t#gallery-1 img {\n\t\t\t\tborder: 2px solid #cfcfcf;\n\t\t\t}\n\t\t\t#gallery-1 .gallery-caption {\n\t\t\t\tmargin-left: 0;\n\t\t\t}\n\t\t\t\/* see gallery_shortcode() in wp-includes\/media.php *\/\n\t\t<\/style>\n\t\t<div id='gallery-1' class='gallery galleryid-40489 gallery-columns-3 gallery-size-thumbnail'><dl class='gallery-item'>\n\t\t\t<dt class='gallery-icon portrait'>\n\t\t\t\t<a href='https:\/\/cuernavaca.gob.mx\/?attachment_id=40490'><img width=\"150\" height=\"150\" src=\"https:\/\/cuernavaca.gob.mx\/wp-content\/uploads\/2024\/05\/CONTINUARA\u0301-EL-PUEBLO-DE-CHAMILPA-CON-OBRAS-PARA-MEJORAR-SUS-PRINCIPALES-VIALIDADES-AYUNTAMIENTO-REHABILITA-LA-CALLE-FRANCISCO-J.-MU\u0301JICA-1-150x150.jpg\" class=\"attachment-thumbnail size-thumbnail\" alt=\"\" loading=\"lazy\" \/><\/a>\n\t\t\t<\/dt><\/dl><dl class='gallery-item'>\n\t\t\t<dt class='gallery-icon landscape'>\n\t\t\t\t<a href='https:\/\/cuernavaca.gob.mx\/?attachment_id=40491'><img width=\"150\" height=\"150\" src=\"https:\/\/cuernavaca.gob.mx\/wp-content\/uploads\/2024\/05\/CONTINUARA\u0301-EL-PUEBLO-DE-CHAMILPA-CON-OBRAS-PARA-MEJORAR-SUS-PRINCIPALES-VIALIDADES-AYUNTAMIENTO-REHABILITA-LA-CALLE-FRANCISCO-J.-MU\u0301JICA-2-150x150.jpg\" class=\"attachment-thumbnail size-thumbnail\" alt=\"\" loading=\"lazy\" \/><\/a>\n\t\t\t<\/dt><\/dl><dl class='gallery-item'>\n\t\t\t<dt class='gallery-icon landscape'>\n\t\t\t\t<a href='https:\/\/cuernavaca.gob.mx\/?attachment_id=40492'><img width=\"150\" height=\"150\" src=\"https:\/\/cuernavaca.gob.mx\/wp-content\/uploads\/2024\/05\/CONTINUARA\u0301-EL-PUEBLO-DE-CHAMILPA-CON-OBRAS-PARA-MEJORAR-SUS-PRINCIPALES-VIALIDADES-AYUNTAMIENTO-REHABILITA-LA-CALLE-FRANCISCO-J.-MU\u0301JICA-3-150x150.jpg\" class=\"attachment-thumbnail size-thumbnail\" alt=\"\" loading=\"lazy\" \/><\/a>\n\t\t\t<\/dt><\/dl><br style=\"clear: both\" \/><dl class='gallery-item'>\n\t\t\t<dt class='gallery-icon landscape'>\n\t\t\t\t<a href='https:\/\/cuernavaca.gob.mx\/?attachment_id=40493'><img width=\"150\" height=\"150\" src=\"https:\/\/cuernavaca.gob.mx\/wp-content\/uploads\/2024\/05\/CONTINUARA\u0301-EL-PUEBLO-DE-CHAMILPA-CON-OBRAS-PARA-MEJORAR-SUS-PRINCIPALES-VIALIDADES-AYUNTAMIENTO-REHABILITA-LA-CALLE-FRANCISCO-J.-MU\u0301JICA-4-150x150.jpg\" class=\"attachment-thumbnail size-thumbnail\" alt=\"\" loading=\"lazy\" \/><\/a>\n\t\t\t<\/dt><\/dl><dl class='gallery-item'>\n\t\t\t<dt class='gallery-icon landscape'>\n\t\t\t\t<a href='https:\/\/cuernavaca.gob.mx\/?attachment_id=40494'><img width=\"150\" height=\"150\" src=\"https:\/\/cuernavaca.gob.mx\/wp-content\/uploads\/2024\/05\/CONTINUARA\u0301-EL-PUEBLO-DE-CHAMILPA-CON-OBRAS-PARA-MEJORAR-SUS-PRINCIPALES-VIALIDADES-AYUNTAMIENTO-REHABILITA-LA-CALLE-FRANCISCO-J.-MU\u0301JICA-5-150x150.jpg\" class=\"attachment-thumbnail size-thumbnail\" alt=\"\" loading=\"lazy\" \/><\/a>\n\t\t\t<\/dt><\/dl><dl class='gallery-item'>\n\t\t\t<dt class='gallery-icon landscape'>\n\t\t\t\t<a href='https:\/\/cuernavaca.gob.mx\/?attachment_id=40495'><img width=\"150\" height=\"150\" src=\"https:\/\/cuernavaca.gob.mx\/wp-content\/uploads\/2024\/05\/CONTINUARA\u0301-EL-PUEBLO-DE-CHAMILPA-CON-OBRAS-PARA-MEJORAR-SUS-PRINCIPALES-VIALIDADES-AYUNTAMIENTO-REHABILITA-LA-CALLE-FRANCISCO-J.-MU\u0301JICA-6-150x150.jpg\" class=\"attachment-thumbnail size-thumbnail\" alt=\"\" loading=\"lazy\" \/><\/a>\n\t\t\t<\/dt><\/dl><br style=\"clear: both\" \/><dl class='gallery-item'>\n\t\t\t<dt class='gallery-icon landscape'>\n\t\t\t\t<a href='https:\/\/cuernavaca.gob.mx\/?attachment_id=40496'><img width=\"150\" height=\"150\" src=\"https:\/\/cuernavaca.gob.mx\/wp-content\/uploads\/2024\/05\/CONTINUARA\u0301-EL-PUEBLO-DE-CHAMILPA-CON-OBRAS-PARA-MEJORAR-SUS-PRINCIPALES-VIALIDADES-AYUNTAMIENTO-REHABILITA-LA-CALLE-FRANCISCO-J.-MU\u0301JICA-7-150x150.jpg\" class=\"attachment-thumbnail size-thumbnail\" alt=\"\" loading=\"lazy\" \/><\/a>\n\t\t\t<\/dt><\/dl><dl class='gallery-item'>\n\t\t\t<dt class='gallery-icon landscape'>\n\t\t\t\t<a href='https:\/\/cuernavaca.gob.mx\/?attachment_id=40497'><img width=\"150\" height=\"150\" src=\"https:\/\/cuernavaca.gob.mx\/wp-content\/uploads\/2024\/05\/CONTINUARA\u0301-EL-PUEBLO-DE-CHAMILPA-CON-OBRAS-PARA-MEJORAR-SUS-PRINCIPALES-VIALIDADES-AYUNTAMIENTO-REHABILITA-LA-CALLE-FRANCISCO-J.-MU\u0301JICA-8-150x150.jpg\" class=\"attachment-thumbnail size-thumbnail\" alt=\"\" loading=\"lazy\" \/><\/a>\n\t\t\t<\/dt><\/dl><dl class='gallery-item'>\n\t\t\t<dt class='gallery-icon landscape'>\n\t\t\t\t<a href='https:\/\/cuernavaca.gob.mx\/?attachment_id=40498'><img width=\"150\" height=\"150\" src=\"https:\/\/cuernavaca.gob.mx\/wp-content\/uploads\/2024\/05\/CONTINUARA\u0301-EL-PUEBLO-DE-CHAMILPA-CON-OBRAS-PARA-MEJORAR-SUS-PRINCIPALES-VIALIDADES-AYUNTAMIENTO-REHABILITA-LA-CALLE-FRANCISCO-J.-MU\u0301JICA-9-150x150.jpg\" class=\"attachment-thumbnail size-thumbnail\" alt=\"\" loading=\"lazy\" \/><\/a>\n\t\t\t<\/dt><\/dl><br style=\"clear: both\" \/>\n\t\t<\/div>\n\n","protected":false},"excerpt":{"rendered":"<p>CONTINUAR\u00c1 EL PUEBLO DE CHAMILPA CON OBRAS PARA MEJORAR SUS PRINCIPALES VIALIDADES; AYUNTAMIENTO REHABILITA LA CALLE FRANCISCO J. M\u00daJICA Los trabajos consisten en la pavimentaci\u00f3n con concreto asf\u00e1ltico y adocreto, dando respuesta a las peticiones hechas por integrantes del Comisariado de Bienes Comunales y pobladores &nbsp; Con pleno respeto a los usos y costumbres y [&hellip;]<\/p>\n","protected":false},"author":1,"featured_media":40491,"comment_status":"closed","ping_status":"open","sticky":false,"template":"","format":"standard","meta":[],"categories":[18],"tags":[916,121,515,2376,120,206,213,127],"aioseo_notices":[],"_links":{"self":[{"href":"https:\/\/cuernavaca.gob.mx\/index.php?rest_route=\/wp\/v2\/posts\/40489"}],"collection":[{"href":"https:\/\/cuernavaca.gob.mx\/index.php?rest_route=\/wp\/v2\/posts"}],"about":[{"href":"https:\/\/cuernavaca.gob.mx\/index.php?rest_route=\/wp\/v2\/types\/post"}],"author":[{"embeddable":true,"href":"https:\/\/cuernavaca.gob.mx\/index.php?rest_route=\/wp\/v2\/users\/1"}],"replies":[{"embeddable":true,"href":"https:\/\/cuernavaca.gob.mx\/index.php?rest_route=%2Fwp%2Fv2%2Fcomments&post=40489"}],"version-history":[{"count":1,"href":"https:\/\/cuernavaca.gob.mx\/index.php?rest_route=\/wp\/v2\/posts\/40489\/revisions"}],"predecessor-version":[{"id":40499,"href":"https:\/\/cuernavaca.gob.mx\/index.php?rest_route=\/wp\/v2\/posts\/40489\/revisions\/40499"}],"wp:featuredmedia":[{"embeddable":true,"href":"https:\/\/cuernavaca.gob.mx\/index.php?rest_route=\/wp\/v2\/media\/40491"}],"wp:attachment":[{"href":"https:\/\/cuernavaca.gob.mx\/index.php?rest_route=%2Fwp%2Fv2%2Fmedia&parent=40489"}],"wp:term":[{"taxonomy":"category","embeddable":true,"href":"https:\/\/cuernavaca.gob.mx\/index.php?rest_route=%2Fwp%2Fv2%2Fcategories&post=40489"},{"taxonomy":"post_tag","embeddable":true,"href":"https:\/\/cuernavaca.gob.mx\/index.php?rest_route=%2Fwp%2Fv2%2Ftags&post=40489"}],"curies":[{"name":"wp","href":"https:\/\/api.w.org\/{rel}","templated":true}]}}