{"id":40603,"date":"2024-05-13T13:15:04","date_gmt":"2024-05-13T19:15:04","guid":{"rendered":"https:\/\/cuernavaca.gob.mx\/?p=40603"},"modified":"2024-05-13T16:06:28","modified_gmt":"2024-05-13T22:06:28","slug":"f786-13-05-24-por-medio-de-practicas-deportivas-y-recreativas-la-seprac-y-la-uaem-promueven-la-activacion-fisica-y-recuperacion-de-espacios-publicos","status":"publish","type":"post","link":"https:\/\/cuernavaca.gob.mx\/?p=40603","title":{"rendered":"F786 13\/05\/24 POR MEDIO DE PR\u00c1CTICAS DEPORTIVAS Y RECREATIVAS LA SEPRAC Y LA UAEM PROMUEVEN LA ACTIVACI\u00d3N F\u00cdSICA Y RECUPERACI\u00d3N DE ESPACIOS P\u00daBLICOS"},"content":{"rendered":"<p>La Secretar\u00eda de Protecci\u00f3n y Auxilio Ciudadano (SEPRAC) de Cuernavaca, a trav\u00e9s de la Direcci\u00f3n General de Prevenci\u00f3n Social de la Violencia, en colaboraci\u00f3n con la Facultad de Ciencias del Deporte de la Universidad Aut\u00f3noma del Estado de Morelos (UAEM), llevan a cabo el proyecto &#8220;Act\u00edvate con Beto&#8221;, el cual tiene como objeto reactivar el uso de los lugares p\u00fablicos deportivos de la ciudad por medio de la actividad f\u00edsica de ni\u00f1as, ni\u00f1os, adolescentes y j\u00f3venes para la prevenci\u00f3n de conductas antisociales y la reconstrucci\u00f3n del tejido social.<\/p>\n<p>El proyecto inicio esta semana con la participaci\u00f3n de estudiantes de nivel b\u00e1sico y medio superior de la colonia Altavista de la escuela primaria \u201cVicente Guerrero\u201d, de la secundaria No. 2 \u201cFrancisco Gonz\u00e1lez Bocanegra\u201d, de la preparatoria No. 2 y del CETis 44, quienes por medio de rallys deportivos y el torneo de baloncesto \u201cRompiendo el Silencio: Unidos contra la violencia\u201d han comenzado a apropiarse del Parque Ampliaci\u00f3n Las Piletas, sede de la iniciativa.<\/p>\n<p>&#8220;Act\u00edvate con Beto&#8221; tiene el objetivo de ense\u00f1ar a ni\u00f1as, ni\u00f1os, adolescentes y j\u00f3venes la importancia de rescatar y cuidar los espacios p\u00fablicos de su comunidad, haciendo un uso correcto de ellos, donde adem\u00e1s de pasar un rato de sana convivencia, aprenden y trabajan en equipo, pudiendo ser replicadores de lo aprendido con sus familias, amigas y amigos.<\/p>\n<p>*Esta publicaci\u00f3n es de car\u00e1cter informativo, de inter\u00e9s p\u00fablico y ajena a cualquier partido pol\u00edtico*<\/p>\n\n\t\t<style type=\"text\/css\">\n\t\t\t#gallery-1 {\n\t\t\t\tmargin: auto;\n\t\t\t}\n\t\t\t#gallery-1 .gallery-item {\n\t\t\t\tfloat: left;\n\t\t\t\tmargin-top: 10px;\n\t\t\t\ttext-align: center;\n\t\t\t\twidth: 33%;\n\t\t\t}\n\t\t\t#gallery-1 img {\n\t\t\t\tborder: 2px solid #cfcfcf;\n\t\t\t}\n\t\t\t#gallery-1 .gallery-caption {\n\t\t\t\tmargin-left: 0;\n\t\t\t}\n\t\t\t\/* see gallery_shortcode() in wp-includes\/media.php *\/\n\t\t<\/style>\n\t\t<div id='gallery-1' class='gallery galleryid-40603 gallery-columns-3 gallery-size-thumbnail'><dl class='gallery-item'>\n\t\t\t<dt class='gallery-icon landscape'>\n\t\t\t\t<a href='https:\/\/cuernavaca.gob.mx\/?attachment_id=40604'><img width=\"150\" height=\"150\" src=\"https:\/\/cuernavaca.gob.mx\/wp-content\/uploads\/2024\/05\/POR-MEDIO-DE-PRA\u0301CTICAS-DEPORTIVAS-Y-RECREATIVAS-LA-SEPRAC-Y-LA-UAEM-PROMUEVEN-LA-ACTIVACIO\u0301N-FI\u0301SICA-Y-RECUPERACIO\u0301N-DE-ESPACIOS-PU\u0301BLICOS-1-150x150.jpg\" class=\"attachment-thumbnail size-thumbnail\" alt=\"\" loading=\"lazy\" \/><\/a>\n\t\t\t<\/dt><\/dl><dl class='gallery-item'>\n\t\t\t<dt class='gallery-icon landscape'>\n\t\t\t\t<a href='https:\/\/cuernavaca.gob.mx\/?attachment_id=40605'><img width=\"150\" height=\"150\" src=\"https:\/\/cuernavaca.gob.mx\/wp-content\/uploads\/2024\/05\/POR-MEDIO-DE-PRA\u0301CTICAS-DEPORTIVAS-Y-RECREATIVAS-LA-SEPRAC-Y-LA-UAEM-PROMUEVEN-LA-ACTIVACIO\u0301N-FI\u0301SICA-Y-RECUPERACIO\u0301N-DE-ESPACIOS-PU\u0301BLICOS-2-150x150.jpg\" class=\"attachment-thumbnail size-thumbnail\" alt=\"\" loading=\"lazy\" \/><\/a>\n\t\t\t<\/dt><\/dl><dl class='gallery-item'>\n\t\t\t<dt class='gallery-icon landscape'>\n\t\t\t\t<a href='https:\/\/cuernavaca.gob.mx\/?attachment_id=40606'><img width=\"150\" height=\"150\" src=\"https:\/\/cuernavaca.gob.mx\/wp-content\/uploads\/2024\/05\/POR-MEDIO-DE-PRA\u0301CTICAS-DEPORTIVAS-Y-RECREATIVAS-LA-SEPRAC-Y-LA-UAEM-PROMUEVEN-LA-ACTIVACIO\u0301N-FI\u0301SICA-Y-RECUPERACIO\u0301N-DE-ESPACIOS-PU\u0301BLICOS-3-150x150.jpg\" class=\"attachment-thumbnail size-thumbnail\" alt=\"\" loading=\"lazy\" \/><\/a>\n\t\t\t<\/dt><\/dl><br style=\"clear: both\" \/><dl class='gallery-item'>\n\t\t\t<dt class='gallery-icon landscape'>\n\t\t\t\t<a href='https:\/\/cuernavaca.gob.mx\/?attachment_id=40607'><img width=\"150\" height=\"150\" src=\"https:\/\/cuernavaca.gob.mx\/wp-content\/uploads\/2024\/05\/POR-MEDIO-DE-PRA\u0301CTICAS-DEPORTIVAS-Y-RECREATIVAS-LA-SEPRAC-Y-LA-UAEM-PROMUEVEN-LA-ACTIVACIO\u0301N-FI\u0301SICA-Y-RECUPERACIO\u0301N-DE-ESPACIOS-PU\u0301BLICOS-4-150x150.jpg\" class=\"attachment-thumbnail size-thumbnail\" alt=\"\" loading=\"lazy\" \/><\/a>\n\t\t\t<\/dt><\/dl>\n\t\t\t<br style='clear: both' \/>\n\t\t<\/div>\n\n<p>&nbsp;<\/p>\n","protected":false},"excerpt":{"rendered":"<p>La Secretar\u00eda de Protecci\u00f3n y Auxilio Ciudadano (SEPRAC) de Cuernavaca, a trav\u00e9s de la Direcci\u00f3n General de Prevenci\u00f3n Social de la Violencia, en colaboraci\u00f3n con la Facultad de Ciencias del Deporte de la Universidad Aut\u00f3noma del Estado de Morelos (UAEM), llevan a cabo el proyecto &#8220;Act\u00edvate con Beto&#8221;, el cual tiene como objeto reactivar el [&hellip;]<\/p>\n","protected":false},"author":1,"featured_media":40605,"comment_status":"closed","ping_status":"open","sticky":false,"template":"","format":"standard","meta":[],"categories":[17],"tags":[381,121,190,313,220,120,206,127],"aioseo_notices":[],"_links":{"self":[{"href":"https:\/\/cuernavaca.gob.mx\/index.php?rest_route=\/wp\/v2\/posts\/40603"}],"collection":[{"href":"https:\/\/cuernavaca.gob.mx\/index.php?rest_route=\/wp\/v2\/posts"}],"about":[{"href":"https:\/\/cuernavaca.gob.mx\/index.php?rest_route=\/wp\/v2\/types\/post"}],"author":[{"embeddable":true,"href":"https:\/\/cuernavaca.gob.mx\/index.php?rest_route=\/wp\/v2\/users\/1"}],"replies":[{"embeddable":true,"href":"https:\/\/cuernavaca.gob.mx\/index.php?rest_route=%2Fwp%2Fv2%2Fcomments&post=40603"}],"version-history":[{"count":1,"href":"https:\/\/cuernavaca.gob.mx\/index.php?rest_route=\/wp\/v2\/posts\/40603\/revisions"}],"predecessor-version":[{"id":40608,"href":"https:\/\/cuernavaca.gob.mx\/index.php?rest_route=\/wp\/v2\/posts\/40603\/revisions\/40608"}],"wp:featuredmedia":[{"embeddable":true,"href":"https:\/\/cuernavaca.gob.mx\/index.php?rest_route=\/wp\/v2\/media\/40605"}],"wp:attachment":[{"href":"https:\/\/cuernavaca.gob.mx\/index.php?rest_route=%2Fwp%2Fv2%2Fmedia&parent=40603"}],"wp:term":[{"taxonomy":"category","embeddable":true,"href":"https:\/\/cuernavaca.gob.mx\/index.php?rest_route=%2Fwp%2Fv2%2Fcategories&post=40603"},{"taxonomy":"post_tag","embeddable":true,"href":"https:\/\/cuernavaca.gob.mx\/index.php?rest_route=%2Fwp%2Fv2%2Ftags&post=40603"}],"curies":[{"name":"wp","href":"https:\/\/api.w.org\/{rel}","templated":true}]}}