{"id":40651,"date":"2024-05-15T14:42:45","date_gmt":"2024-05-15T20:42:45","guid":{"rendered":"https:\/\/cuernavaca.gob.mx\/?p=40651"},"modified":"2024-05-15T14:42:45","modified_gmt":"2024-05-15T20:42:45","slug":"b1736-15-05-24-en-trabajo-conjunto-ayuntamiento-de-cuernavaca-y-el-inah-inician-trabajos-de-rescate-y-restauracion-del-acueducto-de-gualupita-del-siglo-xviii","status":"publish","type":"post","link":"https:\/\/cuernavaca.gob.mx\/?p=40651","title":{"rendered":"B1736 15\/05\/24 EN TRABAJO CONJUNTO AYUNTAMIENTO DE CUERNAVACA Y EL INAH INICIAN TRABAJOS DE RESCATE Y RESTAURACI\u00d3N DEL ACUEDUCTO DE GUALUPITA DEL SIGLO XVIII"},"content":{"rendered":"<ul>\n<li><strong>Bajo la coordinaci\u00f3n de la Secretar\u00eda de Desarrollo Urbano y Obras P\u00fablicas del municipio este martes, especialistas apuntalaron la zona da\u00f1ada por golpe ocasionado por cami\u00f3n de carga y evitar su posible colapso<\/strong><\/li>\n<\/ul>\n<p>&nbsp;<\/p>\n<ul>\n<li><strong>El proyecto contempla la consolidaci\u00f3n estructural del \u00e1rea afectada, la construcci\u00f3n de dos arcos met\u00e1licos que delimiten el tr\u00e1nsito de veh\u00edculos de grandes dimensiones, as\u00ed como la colocaci\u00f3n de boyas y se\u00f1alamientos<\/strong><\/li>\n<\/ul>\n<p>En cumplimiento al acuerdo emanado de Cabildo, este mi\u00e9rcoles la Secretar\u00eda de Desarrollo Urbano y Obras P\u00fablicas del Ayuntamiento de Cuernavaca en coordinaci\u00f3n con el Instituto Nacional de Antropolog\u00eda e Historia (INAH), iniciaron los trabajos de rescate y restauraci\u00f3n del \u00e1rea afectada del acueducto de Gualupita que data del Siglo XVIII y considerado patrimonio de la Naci\u00f3n, que fue da\u00f1ada sobre calle Carlos Cuaglia a finales del mes de abril por un cami\u00f3n de carga.<\/p>\n<p>&nbsp;<\/p>\n<p>El secretario de Desarrollo Urbano y Obras P\u00fablicas, Demetrio Chavira de la Torre, detall\u00f3 que los especialistas de la empresa encargada de los trabajos, la cual est\u00e1 certificada por el INAH, son los encargados del apuntalamiento de la zona afectada lo que garantizar\u00e1 que no colapse para posteriormente iniciar con los trabajos de consolidaci\u00f3n estructural en lugares donde el acueducto ha sido golpeado y que tienen m\u00e1s probabilidades de fallo en su estructura.<\/p>\n<p>&nbsp;<\/p>\n<p>Para estos trabajos, el Cabildo autoriz\u00f3 destinar hasta 671 mil 382.60 pesos del Fondo de Emergencias, se\u00f1alando que la consolidaci\u00f3n de la estructura se efectuar\u00e1 con el material y las mismas condiciones que se utilizaron en su momento para construir el acueducto de finales del siglo XVIII, en tanto se invertir\u00e1n cerca de 75 mil pesos para la construcci\u00f3n de dos arcos met\u00e1licos que delimitar\u00e1n el ancho y altura de los veh\u00edculos que pueden transitar por las calles Del Arco y Carlos Cuaglia, a fin de prevenir futuras afectaciones.<\/p>\n<p>&nbsp;<\/p>\n<p>Como parte de los trabajos complementarios, se colocar\u00e1n boyas y se\u00f1alizaci\u00f3n en la vialidad con el objetivo de centrar a los veh\u00edculos, evitando que no pasen por un lado u otro, ya que de acuerdo al arco entre m\u00e1s se orillan menos altura.<\/p>\n<p>&nbsp;<\/p>\n<p>La obra emergente tiene un tiempo estimado de ejecuci\u00f3n de un mes en el que no se cerrar\u00e1 la vialidad, solo cuando se apliquen algunos materiales en el sistema constructivo, toda vez que durante la consolidaci\u00f3n no puede haber vibraciones, aunque previamente ser\u00e1n notificados los vecinos y comerciantes para que tomen las previsiones necesarias.<\/p>\n<p>&nbsp;<\/p>\n<p>Chavira de la Torre indic\u00f3 que conforme a un c\u00e1lculo estructural hecho por el INAH el acueducto cuenta con entre cuatro a cinco puntos de atenci\u00f3n inmediata por los golpes que ha recibido y la falta de mantenimiento desde hace varios a\u00f1os, por lo que se plantea continuar el pr\u00f3ximo a\u00f1o con su restauraci\u00f3n completa, presentando en su momento al Gobierno Federal el proyecto para que sean aprobados los fondos de rescate de esta obra que provey\u00f3 de agua potable al centro de Cuernavaca.<\/p>\n<p>&nbsp;<\/p>\n<p>*Esta publicaci\u00f3n es de car\u00e1cter informativo, de inter\u00e9s p\u00fablico y ajena a cualquier partido pol\u00edtico.<\/p>\n\n\t\t<style type=\"text\/css\">\n\t\t\t#gallery-1 {\n\t\t\t\tmargin: auto;\n\t\t\t}\n\t\t\t#gallery-1 .gallery-item {\n\t\t\t\tfloat: left;\n\t\t\t\tmargin-top: 10px;\n\t\t\t\ttext-align: center;\n\t\t\t\twidth: 33%;\n\t\t\t}\n\t\t\t#gallery-1 img {\n\t\t\t\tborder: 2px solid #cfcfcf;\n\t\t\t}\n\t\t\t#gallery-1 .gallery-caption {\n\t\t\t\tmargin-left: 0;\n\t\t\t}\n\t\t\t\/* see gallery_shortcode() in wp-includes\/media.php *\/\n\t\t<\/style>\n\t\t<div id='gallery-1' class='gallery galleryid-40651 gallery-columns-3 gallery-size-thumbnail'><dl class='gallery-item'>\n\t\t\t<dt class='gallery-icon landscape'>\n\t\t\t\t<a href='https:\/\/cuernavaca.gob.mx\/?attachment_id=40652'><img width=\"150\" height=\"150\" src=\"https:\/\/cuernavaca.gob.mx\/wp-content\/uploads\/2024\/05\/EN-TRABAJO-CONJUNTO-AYUNTAMIENTO-DE-CUERNAVACA-Y-EL-INAH-INICIAN-TRABAJOS-DE-RESCATE-Y-RESTAURACIO\u0301N-DEL-ACUEDUCTO-DE-GUALUPITA-DEL-SIGLO-XVIII-1-150x150.jpg\" class=\"attachment-thumbnail size-thumbnail\" alt=\"\" loading=\"lazy\" \/><\/a>\n\t\t\t<\/dt><\/dl><dl class='gallery-item'>\n\t\t\t<dt class='gallery-icon landscape'>\n\t\t\t\t<a href='https:\/\/cuernavaca.gob.mx\/?attachment_id=40653'><img width=\"150\" height=\"150\" src=\"https:\/\/cuernavaca.gob.mx\/wp-content\/uploads\/2024\/05\/EN-TRABAJO-CONJUNTO-AYUNTAMIENTO-DE-CUERNAVACA-Y-EL-INAH-INICIAN-TRABAJOS-DE-RESCATE-Y-RESTAURACIO\u0301N-DEL-ACUEDUCTO-DE-GUALUPITA-DEL-SIGLO-XVIII-2-150x150.jpg\" class=\"attachment-thumbnail size-thumbnail\" alt=\"\" loading=\"lazy\" \/><\/a>\n\t\t\t<\/dt><\/dl><dl class='gallery-item'>\n\t\t\t<dt class='gallery-icon landscape'>\n\t\t\t\t<a href='https:\/\/cuernavaca.gob.mx\/?attachment_id=40654'><img width=\"150\" height=\"150\" src=\"https:\/\/cuernavaca.gob.mx\/wp-content\/uploads\/2024\/05\/EN-TRABAJO-CONJUNTO-AYUNTAMIENTO-DE-CUERNAVACA-Y-EL-INAH-INICIAN-TRABAJOS-DE-RESCATE-Y-RESTAURACIO\u0301N-DEL-ACUEDUCTO-DE-GUALUPITA-DEL-SIGLO-XVIII-3-150x150.jpg\" class=\"attachment-thumbnail size-thumbnail\" alt=\"\" loading=\"lazy\" \/><\/a>\n\t\t\t<\/dt><\/dl><br style=\"clear: both\" \/><dl class='gallery-item'>\n\t\t\t<dt class='gallery-icon landscape'>\n\t\t\t\t<a href='https:\/\/cuernavaca.gob.mx\/?attachment_id=40655'><img width=\"150\" height=\"150\" src=\"https:\/\/cuernavaca.gob.mx\/wp-content\/uploads\/2024\/05\/EN-TRABAJO-CONJUNTO-AYUNTAMIENTO-DE-CUERNAVACA-Y-EL-INAH-INICIAN-TRABAJOS-DE-RESCATE-Y-RESTAURACIO\u0301N-DEL-ACUEDUCTO-DE-GUALUPITA-DEL-SIGLO-XVIII-4-150x150.jpg\" class=\"attachment-thumbnail size-thumbnail\" alt=\"\" loading=\"lazy\" \/><\/a>\n\t\t\t<\/dt><\/dl><dl class='gallery-item'>\n\t\t\t<dt class='gallery-icon landscape'>\n\t\t\t\t<a href='https:\/\/cuernavaca.gob.mx\/?attachment_id=40656'><img width=\"150\" height=\"150\" src=\"https:\/\/cuernavaca.gob.mx\/wp-content\/uploads\/2024\/05\/EN-TRABAJO-CONJUNTO-AYUNTAMIENTO-DE-CUERNAVACA-Y-EL-INAH-INICIAN-TRABAJOS-DE-RESCATE-Y-RESTAURACIO\u0301N-DEL-ACUEDUCTO-DE-GUALUPITA-DEL-SIGLO-XVIII-5-150x150.jpg\" class=\"attachment-thumbnail size-thumbnail\" alt=\"\" loading=\"lazy\" \/><\/a>\n\t\t\t<\/dt><\/dl><dl class='gallery-item'>\n\t\t\t<dt class='gallery-icon landscape'>\n\t\t\t\t<a href='https:\/\/cuernavaca.gob.mx\/?attachment_id=40657'><img width=\"150\" height=\"150\" src=\"https:\/\/cuernavaca.gob.mx\/wp-content\/uploads\/2024\/05\/EN-TRABAJO-CONJUNTO-AYUNTAMIENTO-DE-CUERNAVACA-Y-EL-INAH-INICIAN-TRABAJOS-DE-RESCATE-Y-RESTAURACIO\u0301N-DEL-ACUEDUCTO-DE-GUALUPITA-DEL-SIGLO-XVIII-6-150x150.jpg\" class=\"attachment-thumbnail size-thumbnail\" alt=\"\" loading=\"lazy\" \/><\/a>\n\t\t\t<\/dt><\/dl><br style=\"clear: both\" \/><dl class='gallery-item'>\n\t\t\t<dt class='gallery-icon landscape'>\n\t\t\t\t<a href='https:\/\/cuernavaca.gob.mx\/?attachment_id=40658'><img width=\"150\" height=\"150\" src=\"https:\/\/cuernavaca.gob.mx\/wp-content\/uploads\/2024\/05\/EN-TRABAJO-CONJUNTO-AYUNTAMIENTO-DE-CUERNAVACA-Y-EL-INAH-INICIAN-TRABAJOS-DE-RESCATE-Y-RESTAURACIO\u0301N-DEL-ACUEDUCTO-DE-GUALUPITA-DEL-SIGLO-XVIII-7-150x150.jpg\" class=\"attachment-thumbnail size-thumbnail\" alt=\"\" loading=\"lazy\" \/><\/a>\n\t\t\t<\/dt><\/dl><dl class='gallery-item'>\n\t\t\t<dt class='gallery-icon landscape'>\n\t\t\t\t<a href='https:\/\/cuernavaca.gob.mx\/?attachment_id=40659'><img width=\"150\" height=\"150\" src=\"https:\/\/cuernavaca.gob.mx\/wp-content\/uploads\/2024\/05\/EN-TRABAJO-CONJUNTO-AYUNTAMIENTO-DE-CUERNAVACA-Y-EL-INAH-INICIAN-TRABAJOS-DE-RESCATE-Y-RESTAURACIO\u0301N-DEL-ACUEDUCTO-DE-GUALUPITA-DEL-SIGLO-XVIII-8-150x150.jpg\" class=\"attachment-thumbnail size-thumbnail\" alt=\"\" loading=\"lazy\" \/><\/a>\n\t\t\t<\/dt><\/dl><dl class='gallery-item'>\n\t\t\t<dt class='gallery-icon landscape'>\n\t\t\t\t<a href='https:\/\/cuernavaca.gob.mx\/?attachment_id=40660'><img width=\"150\" height=\"150\" src=\"https:\/\/cuernavaca.gob.mx\/wp-content\/uploads\/2024\/05\/EN-TRABAJO-CONJUNTO-AYUNTAMIENTO-DE-CUERNAVACA-Y-EL-INAH-INICIAN-TRABAJOS-DE-RESCATE-Y-RESTAURACIO\u0301N-DEL-ACUEDUCTO-DE-GUALUPITA-DEL-SIGLO-XVIII-9-150x150.jpg\" class=\"attachment-thumbnail size-thumbnail\" alt=\"\" loading=\"lazy\" \/><\/a>\n\t\t\t<\/dt><\/dl><br style=\"clear: both\" \/><dl class='gallery-item'>\n\t\t\t<dt class='gallery-icon landscape'>\n\t\t\t\t<a href='https:\/\/cuernavaca.gob.mx\/?attachment_id=40661'><img width=\"150\" height=\"150\" src=\"https:\/\/cuernavaca.gob.mx\/wp-content\/uploads\/2024\/05\/EN-TRABAJO-CONJUNTO-AYUNTAMIENTO-DE-CUERNAVACA-Y-EL-INAH-INICIAN-TRABAJOS-DE-RESCATE-Y-RESTAURACIO\u0301N-DEL-ACUEDUCTO-DE-GUALUPITA-DEL-SIGLO-XVIII-10-150x150.jpg\" class=\"attachment-thumbnail size-thumbnail\" alt=\"\" loading=\"lazy\" \/><\/a>\n\t\t\t<\/dt><\/dl>\n\t\t\t<br style='clear: both' \/>\n\t\t<\/div>\n\n","protected":false},"excerpt":{"rendered":"<p>Bajo la coordinaci\u00f3n de la Secretar\u00eda de Desarrollo Urbano y Obras P\u00fablicas del municipio este martes, especialistas apuntalaron la zona da\u00f1ada por golpe ocasionado por cami\u00f3n de carga y evitar su posible colapso &nbsp; El proyecto contempla la consolidaci\u00f3n estructural del \u00e1rea afectada, la construcci\u00f3n de dos arcos met\u00e1licos que delimiten el tr\u00e1nsito de veh\u00edculos [&hellip;]<\/p>\n","protected":false},"author":1,"featured_media":40653,"comment_status":"closed","ping_status":"open","sticky":false,"template":"","format":"standard","meta":[],"categories":[18],"tags":[121,120,206,1075,213,127],"aioseo_notices":[],"_links":{"self":[{"href":"https:\/\/cuernavaca.gob.mx\/index.php?rest_route=\/wp\/v2\/posts\/40651"}],"collection":[{"href":"https:\/\/cuernavaca.gob.mx\/index.php?rest_route=\/wp\/v2\/posts"}],"about":[{"href":"https:\/\/cuernavaca.gob.mx\/index.php?rest_route=\/wp\/v2\/types\/post"}],"author":[{"embeddable":true,"href":"https:\/\/cuernavaca.gob.mx\/index.php?rest_route=\/wp\/v2\/users\/1"}],"replies":[{"embeddable":true,"href":"https:\/\/cuernavaca.gob.mx\/index.php?rest_route=%2Fwp%2Fv2%2Fcomments&post=40651"}],"version-history":[{"count":1,"href":"https:\/\/cuernavaca.gob.mx\/index.php?rest_route=\/wp\/v2\/posts\/40651\/revisions"}],"predecessor-version":[{"id":40662,"href":"https:\/\/cuernavaca.gob.mx\/index.php?rest_route=\/wp\/v2\/posts\/40651\/revisions\/40662"}],"wp:featuredmedia":[{"embeddable":true,"href":"https:\/\/cuernavaca.gob.mx\/index.php?rest_route=\/wp\/v2\/media\/40653"}],"wp:attachment":[{"href":"https:\/\/cuernavaca.gob.mx\/index.php?rest_route=%2Fwp%2Fv2%2Fmedia&parent=40651"}],"wp:term":[{"taxonomy":"category","embeddable":true,"href":"https:\/\/cuernavaca.gob.mx\/index.php?rest_route=%2Fwp%2Fv2%2Fcategories&post=40651"},{"taxonomy":"post_tag","embeddable":true,"href":"https:\/\/cuernavaca.gob.mx\/index.php?rest_route=%2Fwp%2Fv2%2Ftags&post=40651"}],"curies":[{"name":"wp","href":"https:\/\/api.w.org\/{rel}","templated":true}]}}