{"id":40663,"date":"2024-05-15T16:18:27","date_gmt":"2024-05-15T22:18:27","guid":{"rendered":"https:\/\/cuernavaca.gob.mx\/?p=40663"},"modified":"2024-05-15T16:18:27","modified_gmt":"2024-05-15T22:18:27","slug":"f787-15-05-24-cabildo-de-cuernavaca-analiza-la-integracion-de-la-consejeria-juridica-al-gabinete","status":"publish","type":"post","link":"https:\/\/cuernavaca.gob.mx\/?p=40663","title":{"rendered":"F787 15\/05\/24 CABILDO DE CUERNAVACA ANALIZA LA INTEGRACI\u00d3N DE LA CONSEJER\u00cdA JUR\u00cdDICA AL GABINETE"},"content":{"rendered":"<p>Con el prop\u00f3sito de mejorar el funcionamiento de la Consejer\u00eda Jur\u00eddica, el Cabildo de Cuernavaca someti\u00f3 a revisi\u00f3n la viabilidad de la iniciativa con proyecto de reforma a los art\u00edculos 13, 109 y 112 del Reglamento de Gobierno y la Administraci\u00f3n Municipal para integrarla al gabinete, dot\u00e1ndola de mayor jerarqu\u00eda.<\/p>\n<p>&nbsp;<\/p>\n<p>La propuesta que es impulsada por la regidora presidenta de las Comisiones de Coordinaci\u00f3n de Organismos Descentralizados, Protecci\u00f3n Ambiental y Desarrollo Sustentable y Diversidad Sexual, Wendi Salinas Ruiz, considera la separaci\u00f3n de algunas \u00e1reas y la creaci\u00f3n de un Departamento Administrativo en atenci\u00f3n a la independencia que adquirir\u00e1.<\/p>\n<p>&nbsp;<\/p>\n<p>A trav\u00e9s de esta separaci\u00f3n espec\u00edfica de la Sindicatura Municipal se le dar\u00e1n los elementos necesarios para fortalecer el trabajo de defensa de los intereses jur\u00eddicos del Ayuntamiento.<\/p>\n<p>&nbsp;<\/p>\n<p>La iniciativa fue turnada a la Comisi\u00f3n de Gobernaci\u00f3n y Reglamentaci\u00f3n para su an\u00e1lisis y aprobaci\u00f3n, sum\u00e1ndose a la revisi\u00f3n la s\u00edndica municipal en funciones de presidenta municipal de Cuernavaca.<\/p>\n<p>&nbsp;<\/p>\n<p>*Esta publicaci\u00f3n es de car\u00e1cter informativo, de inter\u00e9s p\u00fablico y ajena a cualquier partido pol\u00edtico.<\/p>\n\n\t\t<style type=\"text\/css\">\n\t\t\t#gallery-1 {\n\t\t\t\tmargin: auto;\n\t\t\t}\n\t\t\t#gallery-1 .gallery-item {\n\t\t\t\tfloat: left;\n\t\t\t\tmargin-top: 10px;\n\t\t\t\ttext-align: center;\n\t\t\t\twidth: 33%;\n\t\t\t}\n\t\t\t#gallery-1 img {\n\t\t\t\tborder: 2px solid #cfcfcf;\n\t\t\t}\n\t\t\t#gallery-1 .gallery-caption {\n\t\t\t\tmargin-left: 0;\n\t\t\t}\n\t\t\t\/* see gallery_shortcode() in wp-includes\/media.php *\/\n\t\t<\/style>\n\t\t<div id='gallery-1' class='gallery galleryid-40663 gallery-columns-3 gallery-size-thumbnail'><dl class='gallery-item'>\n\t\t\t<dt class='gallery-icon landscape'>\n\t\t\t\t<a href='https:\/\/cuernavaca.gob.mx\/?attachment_id=40664'><img width=\"150\" height=\"150\" src=\"https:\/\/cuernavaca.gob.mx\/wp-content\/uploads\/2024\/05\/CABILDO-DE-CUERNAVACA-ANALIZA-LA-INTEGRACIO\u0301N-DE-LA-CONSEJERI\u0301A-JURI\u0301DICA-AL-GABINETE-1-150x150.jpg\" class=\"attachment-thumbnail size-thumbnail\" alt=\"\" loading=\"lazy\" \/><\/a>\n\t\t\t<\/dt><\/dl><dl class='gallery-item'>\n\t\t\t<dt class='gallery-icon landscape'>\n\t\t\t\t<a href='https:\/\/cuernavaca.gob.mx\/?attachment_id=40665'><img width=\"150\" height=\"150\" src=\"https:\/\/cuernavaca.gob.mx\/wp-content\/uploads\/2024\/05\/CABILDO-DE-CUERNAVACA-ANALIZA-LA-INTEGRACIO\u0301N-DE-LA-CONSEJERI\u0301A-JURI\u0301DICA-AL-GABINETE-2-150x150.jpg\" class=\"attachment-thumbnail size-thumbnail\" alt=\"\" loading=\"lazy\" \/><\/a>\n\t\t\t<\/dt><\/dl><dl class='gallery-item'>\n\t\t\t<dt class='gallery-icon landscape'>\n\t\t\t\t<a href='https:\/\/cuernavaca.gob.mx\/?attachment_id=40666'><img width=\"150\" height=\"150\" src=\"https:\/\/cuernavaca.gob.mx\/wp-content\/uploads\/2024\/05\/CABILDO-DE-CUERNAVACA-ANALIZA-LA-INTEGRACIO\u0301N-DE-LA-CONSEJERI\u0301A-JURI\u0301DICA-AL-GABINETE-3-150x150.jpg\" class=\"attachment-thumbnail size-thumbnail\" alt=\"\" loading=\"lazy\" \/><\/a>\n\t\t\t<\/dt><\/dl><br style=\"clear: both\" \/><dl class='gallery-item'>\n\t\t\t<dt class='gallery-icon landscape'>\n\t\t\t\t<a href='https:\/\/cuernavaca.gob.mx\/?attachment_id=40667'><img width=\"150\" height=\"150\" src=\"https:\/\/cuernavaca.gob.mx\/wp-content\/uploads\/2024\/05\/CABILDO-DE-CUERNAVACA-ANALIZA-LA-INTEGRACIO\u0301N-DE-LA-CONSEJERI\u0301A-JURI\u0301DICA-AL-GABINETE-4-150x150.jpg\" class=\"attachment-thumbnail size-thumbnail\" alt=\"\" loading=\"lazy\" \/><\/a>\n\t\t\t<\/dt><\/dl>\n\t\t\t<br style='clear: both' \/>\n\t\t<\/div>\n\n","protected":false},"excerpt":{"rendered":"<p>Con el prop\u00f3sito de mejorar el funcionamiento de la Consejer\u00eda Jur\u00eddica, el Cabildo de Cuernavaca someti\u00f3 a revisi\u00f3n la viabilidad de la iniciativa con proyecto de reforma a los art\u00edculos 13, 109 y 112 del Reglamento de Gobierno y la Administraci\u00f3n Municipal para integrarla al gabinete, dot\u00e1ndola de mayor jerarqu\u00eda. &nbsp; La propuesta que es [&hellip;]<\/p>\n","protected":false},"author":1,"featured_media":40664,"comment_status":"closed","ping_status":"open","sticky":false,"template":"","format":"standard","meta":[],"categories":[3047],"tags":[121,120,206,127],"aioseo_notices":[],"_links":{"self":[{"href":"https:\/\/cuernavaca.gob.mx\/index.php?rest_route=\/wp\/v2\/posts\/40663"}],"collection":[{"href":"https:\/\/cuernavaca.gob.mx\/index.php?rest_route=\/wp\/v2\/posts"}],"about":[{"href":"https:\/\/cuernavaca.gob.mx\/index.php?rest_route=\/wp\/v2\/types\/post"}],"author":[{"embeddable":true,"href":"https:\/\/cuernavaca.gob.mx\/index.php?rest_route=\/wp\/v2\/users\/1"}],"replies":[{"embeddable":true,"href":"https:\/\/cuernavaca.gob.mx\/index.php?rest_route=%2Fwp%2Fv2%2Fcomments&post=40663"}],"version-history":[{"count":1,"href":"https:\/\/cuernavaca.gob.mx\/index.php?rest_route=\/wp\/v2\/posts\/40663\/revisions"}],"predecessor-version":[{"id":40668,"href":"https:\/\/cuernavaca.gob.mx\/index.php?rest_route=\/wp\/v2\/posts\/40663\/revisions\/40668"}],"wp:featuredmedia":[{"embeddable":true,"href":"https:\/\/cuernavaca.gob.mx\/index.php?rest_route=\/wp\/v2\/media\/40664"}],"wp:attachment":[{"href":"https:\/\/cuernavaca.gob.mx\/index.php?rest_route=%2Fwp%2Fv2%2Fmedia&parent=40663"}],"wp:term":[{"taxonomy":"category","embeddable":true,"href":"https:\/\/cuernavaca.gob.mx\/index.php?rest_route=%2Fwp%2Fv2%2Fcategories&post=40663"},{"taxonomy":"post_tag","embeddable":true,"href":"https:\/\/cuernavaca.gob.mx\/index.php?rest_route=%2Fwp%2Fv2%2Ftags&post=40663"}],"curies":[{"name":"wp","href":"https:\/\/api.w.org\/{rel}","templated":true}]}}