{"id":40669,"date":"2024-05-16T18:53:40","date_gmt":"2024-05-17T00:53:40","guid":{"rendered":"https:\/\/cuernavaca.gob.mx\/?p=40669"},"modified":"2024-05-16T18:53:40","modified_gmt":"2024-05-17T00:53:40","slug":"jefatura-de-personas-desaparecidas-de-la-seprac-en-coordinacion-con-la-fiscalia-especializada-implementan-operativo-de-busqueda-en-la-colonia-buenavista-del-monte","status":"publish","type":"post","link":"https:\/\/cuernavaca.gob.mx\/?p=40669","title":{"rendered":"JEFATURA DE PERSONAS DESAPARECIDAS DE LA SEPRAC EN COORDINACI\u00d3N CON LA FISCAL\u00cdA ESPECIALIZADA IMPLEMENTAN OPERATIVO DE B\u00daSQUEDA EN LA COLONIA BUENAVISTA DEL MONTE"},"content":{"rendered":"<p>La Secretar\u00eda de Protecci\u00f3n y Auxilio Ciudadano de Cuernavaca, por medio de la Jefatura de Personas Desaparecidas en coordinaci\u00f3n con la Fiscal\u00eda Especializada en Materia de Desaparici\u00f3n Forzada de Personas del Estado de Morelos, implementaron un Operativo de B\u00fasqueda y Rescate de Personas en la zona de Subida Chama de la Colonia Buenavista del Monte.<\/p>\n<p>Con el apoyo de Pilotos Drone de la SEPRAC, se implement\u00f3 una b\u00fasqueda a\u00e9rea en la zona previamente identificada, de acuerdo a los indicios de las investigaciones de la Fiscal\u00eda General del Estado de Morelos.<\/p>\n<p>El Operativo concluy\u00f3 sin ninguna novedad; sin embargo, la coordinaci\u00f3n y coadyuvancia entre instituciones, seguir\u00e1 fortaleciendo las estrategias de seguridad y prevenci\u00f3n.<\/p>\n\n\t\t<style type=\"text\/css\">\n\t\t\t#gallery-1 {\n\t\t\t\tmargin: auto;\n\t\t\t}\n\t\t\t#gallery-1 .gallery-item {\n\t\t\t\tfloat: left;\n\t\t\t\tmargin-top: 10px;\n\t\t\t\ttext-align: center;\n\t\t\t\twidth: 33%;\n\t\t\t}\n\t\t\t#gallery-1 img {\n\t\t\t\tborder: 2px solid #cfcfcf;\n\t\t\t}\n\t\t\t#gallery-1 .gallery-caption {\n\t\t\t\tmargin-left: 0;\n\t\t\t}\n\t\t\t\/* see gallery_shortcode() in wp-includes\/media.php *\/\n\t\t<\/style>\n\t\t<div id='gallery-1' class='gallery galleryid-40669 gallery-columns-3 gallery-size-thumbnail'><dl class='gallery-item'>\n\t\t\t<dt class='gallery-icon landscape'>\n\t\t\t\t<a href='https:\/\/cuernavaca.gob.mx\/?attachment_id=40670'><img width=\"150\" height=\"150\" src=\"https:\/\/cuernavaca.gob.mx\/wp-content\/uploads\/2024\/05\/Busqueda-con-Drone-SEPRAC-01-150x150.jpg\" class=\"attachment-thumbnail size-thumbnail\" alt=\"\" loading=\"lazy\" \/><\/a>\n\t\t\t<\/dt><\/dl><dl class='gallery-item'>\n\t\t\t<dt class='gallery-icon landscape'>\n\t\t\t\t<a href='https:\/\/cuernavaca.gob.mx\/?attachment_id=40671'><img width=\"150\" height=\"150\" src=\"https:\/\/cuernavaca.gob.mx\/wp-content\/uploads\/2024\/05\/Busqueda-con-Drone-SEPRAC-02-150x150.jpg\" class=\"attachment-thumbnail size-thumbnail\" alt=\"\" loading=\"lazy\" \/><\/a>\n\t\t\t<\/dt><\/dl><dl class='gallery-item'>\n\t\t\t<dt class='gallery-icon landscape'>\n\t\t\t\t<a href='https:\/\/cuernavaca.gob.mx\/?attachment_id=40672'><img width=\"150\" height=\"150\" src=\"https:\/\/cuernavaca.gob.mx\/wp-content\/uploads\/2024\/05\/Busqueda-con-Drone-SEPRAC-03-150x150.jpg\" class=\"attachment-thumbnail size-thumbnail\" alt=\"\" loading=\"lazy\" \/><\/a>\n\t\t\t<\/dt><\/dl><br style=\"clear: both\" \/>\n\t\t<\/div>\n\n","protected":false},"excerpt":{"rendered":"<p>La Secretar\u00eda de Protecci\u00f3n y Auxilio Ciudadano de Cuernavaca, por medio de la Jefatura de Personas Desaparecidas en coordinaci\u00f3n con la Fiscal\u00eda Especializada en Materia de Desaparici\u00f3n Forzada de Personas del Estado de Morelos, implementaron un Operativo de B\u00fasqueda y Rescate de Personas en la zona de Subida Chama de la Colonia Buenavista del Monte. [&hellip;]<\/p>\n","protected":false},"author":1,"featured_media":40671,"comment_status":"closed","ping_status":"open","sticky":false,"template":"","format":"standard","meta":[],"categories":[20,17],"tags":[1915,2248,3637,1012,243,252],"aioseo_notices":[],"_links":{"self":[{"href":"https:\/\/cuernavaca.gob.mx\/index.php?rest_route=\/wp\/v2\/posts\/40669"}],"collection":[{"href":"https:\/\/cuernavaca.gob.mx\/index.php?rest_route=\/wp\/v2\/posts"}],"about":[{"href":"https:\/\/cuernavaca.gob.mx\/index.php?rest_route=\/wp\/v2\/types\/post"}],"author":[{"embeddable":true,"href":"https:\/\/cuernavaca.gob.mx\/index.php?rest_route=\/wp\/v2\/users\/1"}],"replies":[{"embeddable":true,"href":"https:\/\/cuernavaca.gob.mx\/index.php?rest_route=%2Fwp%2Fv2%2Fcomments&post=40669"}],"version-history":[{"count":1,"href":"https:\/\/cuernavaca.gob.mx\/index.php?rest_route=\/wp\/v2\/posts\/40669\/revisions"}],"predecessor-version":[{"id":40673,"href":"https:\/\/cuernavaca.gob.mx\/index.php?rest_route=\/wp\/v2\/posts\/40669\/revisions\/40673"}],"wp:featuredmedia":[{"embeddable":true,"href":"https:\/\/cuernavaca.gob.mx\/index.php?rest_route=\/wp\/v2\/media\/40671"}],"wp:attachment":[{"href":"https:\/\/cuernavaca.gob.mx\/index.php?rest_route=%2Fwp%2Fv2%2Fmedia&parent=40669"}],"wp:term":[{"taxonomy":"category","embeddable":true,"href":"https:\/\/cuernavaca.gob.mx\/index.php?rest_route=%2Fwp%2Fv2%2Fcategories&post=40669"},{"taxonomy":"post_tag","embeddable":true,"href":"https:\/\/cuernavaca.gob.mx\/index.php?rest_route=%2Fwp%2Fv2%2Ftags&post=40669"}],"curies":[{"name":"wp","href":"https:\/\/api.w.org\/{rel}","templated":true}]}}