{"id":40683,"date":"2024-05-16T19:13:28","date_gmt":"2024-05-17T01:13:28","guid":{"rendered":"https:\/\/cuernavaca.gob.mx\/?p=40683"},"modified":"2024-05-16T19:13:28","modified_gmt":"2024-05-17T01:13:28","slug":"b1738-16-05-23-vecinos-de-la-colonia-lomas-de-ahuatlan-reciben-obra-de-reconstruccion-con-pavimento-de-las-calles-lomas-de-ahuatlan-y-gustavo-petriccioli","status":"publish","type":"post","link":"https:\/\/cuernavaca.gob.mx\/?p=40683","title":{"rendered":"B1738 16\/05\/23 VECINOS DE LA COLONIA LOMAS DE AHUATL\u00c1N RECIBEN OBRA DE RECONSTRUCCI\u00d3N CON PAVIMENTO DE LAS CALLES LOMAS DE AHUATL\u00c1N Y GUSTAVO PETRICCIOLI"},"content":{"rendered":"<p><strong>\u2022 Con esta intervenci\u00f3n se da respuesta a peticiones ciudadanas, otorgando una vialidad en \u00f3ptimas condiciones para la movilidad de miles de personas que habitan en esta colonia y transitan por ella<\/strong><\/p>\n<p>Vecinos de la colonia Lomas de Ahuatl\u00e1n inauguraron este jueves la obra de reencarpetamiento con concreto hidr\u00e1ulico de las calles Lomas de Ahuatl\u00e1n y Gustavo Petriccioli, con la cual el Ayuntamiento de Cuernavaca, a trav\u00e9s de la Secretar\u00eda de Desarrollo Urbano y Obras P\u00fablicas, da respuesta a una petici\u00f3n hecha por la comunidad desde hace varios a\u00f1os, abonando a que la capital morelense cuente con calles m\u00e1s seguras y en \u00f3ptimas condiciones donde transitar.<\/p>\n<p>En un ejercicio de transparencia y rendici\u00f3n de cuentas, el secretario de Desarrollo Urbano y Obras P\u00fablicas, Demetrio Chavira de la Torre, inform\u00f3 que la obra tuvo una inversi\u00f3n de siete millones 274 mil 472.18 pesos proveniente del Fondo de Infraestructura Regional Municipal 2024; en un periodo de 60 d\u00edas realizaron el suministro e instalaci\u00f3n de tuber\u00eda PAD RD-13.5 de ocho pulgadas de di\u00e1metro en 312 metros lineales.<\/p>\n<p>Ante l\u00edderes de la colonia y comerciantes que estuvieron acompa\u00f1ados de la s\u00edndica municipal en funciones de presidenta municipal de Cuernavaca, Catalina Ver\u00f3nica Atenco P\u00e9rez, detall\u00f3 que tambi\u00e9n efectuaron la demolici\u00f3n del pavimento de concreto simple de 15 cent\u00edmetros con retroexcavadora y martillo neum\u00e1tico en dos mil 673 metros cuadrados que dio paso a la aplicaci\u00f3n del pavimento de concreto hidr\u00e1ulico premezclado con una resistencia de 250 kg\/cm2 de 15 cent\u00edmetros de espesor con una edad de tres d\u00edas para poder usar en un menor tiempo la vialidad en dos mil 673 metros cuadrados.<\/p>\n<p>De igual forma, la renivelaci\u00f3n de siete pozos de visita y de dos registros de agua potable con tapa de fierro fundido, la construcci\u00f3n de una rejilla pluvial en zona de tr\u00e1fico en 17.21 metros lineales, as\u00ed como la aplicaci\u00f3n de pintura para tr\u00e1fico color amarillo con microesferas en guarniciones en 982 metros lineales, de la pintura para tr\u00e1fico con balizamiento y l\u00ednea continua o franjas de piso en 60 metros cuadrados y el suministro y aplicaci\u00f3n de pintura blanca termopl\u00e1stica con microesferas en mil 548.10 metros lineales.<\/p>\n<p>Cabe resaltar que esta fue la primera etapa de intervenci\u00f3n de calle Gustavo Petriccioli, donde se llevar\u00e1 a cabo tambi\u00e9n el cambio de l\u00ednea de agua en la parte superior y posterior a la obra, garantizando con ello una infraestructura que durar\u00e1 muchos a\u00f1os y con mejores servicios municipales.<\/p>\n\n\t\t<style type=\"text\/css\">\n\t\t\t#gallery-1 {\n\t\t\t\tmargin: auto;\n\t\t\t}\n\t\t\t#gallery-1 .gallery-item {\n\t\t\t\tfloat: left;\n\t\t\t\tmargin-top: 10px;\n\t\t\t\ttext-align: center;\n\t\t\t\twidth: 33%;\n\t\t\t}\n\t\t\t#gallery-1 img {\n\t\t\t\tborder: 2px solid #cfcfcf;\n\t\t\t}\n\t\t\t#gallery-1 .gallery-caption {\n\t\t\t\tmargin-left: 0;\n\t\t\t}\n\t\t\t\/* see gallery_shortcode() in wp-includes\/media.php *\/\n\t\t<\/style>\n\t\t<div id='gallery-1' class='gallery galleryid-40683 gallery-columns-3 gallery-size-thumbnail'><dl class='gallery-item'>\n\t\t\t<dt class='gallery-icon landscape'>\n\t\t\t\t<a href='https:\/\/cuernavaca.gob.mx\/?attachment_id=40684'><img width=\"150\" height=\"150\" src=\"https:\/\/cuernavaca.gob.mx\/wp-content\/uploads\/2024\/05\/Pavimento-Ahuatlan-y-Petriccioli-01-150x150.jpg\" class=\"attachment-thumbnail size-thumbnail\" alt=\"\" loading=\"lazy\" \/><\/a>\n\t\t\t<\/dt><\/dl><dl class='gallery-item'>\n\t\t\t<dt class='gallery-icon landscape'>\n\t\t\t\t<a href='https:\/\/cuernavaca.gob.mx\/?attachment_id=40685'><img width=\"150\" height=\"150\" src=\"https:\/\/cuernavaca.gob.mx\/wp-content\/uploads\/2024\/05\/Pavimento-Ahuatlan-y-Petriccioli-02-150x150.jpg\" class=\"attachment-thumbnail size-thumbnail\" alt=\"\" loading=\"lazy\" \/><\/a>\n\t\t\t<\/dt><\/dl><dl class='gallery-item'>\n\t\t\t<dt class='gallery-icon landscape'>\n\t\t\t\t<a href='https:\/\/cuernavaca.gob.mx\/?attachment_id=40686'><img width=\"150\" height=\"150\" src=\"https:\/\/cuernavaca.gob.mx\/wp-content\/uploads\/2024\/05\/Pavimento-Ahuatlan-y-Petriccioli-03-150x150.jpg\" class=\"attachment-thumbnail size-thumbnail\" alt=\"\" loading=\"lazy\" \/><\/a>\n\t\t\t<\/dt><\/dl><br style=\"clear: both\" \/><dl class='gallery-item'>\n\t\t\t<dt class='gallery-icon landscape'>\n\t\t\t\t<a href='https:\/\/cuernavaca.gob.mx\/?attachment_id=40687'><img width=\"150\" height=\"150\" src=\"https:\/\/cuernavaca.gob.mx\/wp-content\/uploads\/2024\/05\/Pavimento-Ahuatlan-y-Petriccioli-04-150x150.jpg\" class=\"attachment-thumbnail size-thumbnail\" alt=\"\" loading=\"lazy\" \/><\/a>\n\t\t\t<\/dt><\/dl><dl class='gallery-item'>\n\t\t\t<dt class='gallery-icon landscape'>\n\t\t\t\t<a href='https:\/\/cuernavaca.gob.mx\/?attachment_id=40688'><img width=\"150\" height=\"150\" src=\"https:\/\/cuernavaca.gob.mx\/wp-content\/uploads\/2024\/05\/Pavimento-Ahuatlan-y-Petriccioli-05-150x150.jpg\" class=\"attachment-thumbnail size-thumbnail\" alt=\"\" loading=\"lazy\" \/><\/a>\n\t\t\t<\/dt><\/dl>\n\t\t\t<br style='clear: both' \/>\n\t\t<\/div>\n\n","protected":false},"excerpt":{"rendered":"<p>\u2022 Con esta intervenci\u00f3n se da respuesta a peticiones ciudadanas, otorgando una vialidad en \u00f3ptimas condiciones para la movilidad de miles de personas que habitan en esta colonia y transitan por ella Vecinos de la colonia Lomas de Ahuatl\u00e1n inauguraron este jueves la obra de reencarpetamiento con concreto hidr\u00e1ulico de las calles Lomas de Ahuatl\u00e1n [&hellip;]<\/p>\n","protected":false},"author":1,"featured_media":40688,"comment_status":"closed","ping_status":"open","sticky":false,"template":"","format":"standard","meta":[],"categories":[20,18],"tags":[395,1610,3640,596,356,1960,3641],"aioseo_notices":[],"_links":{"self":[{"href":"https:\/\/cuernavaca.gob.mx\/index.php?rest_route=\/wp\/v2\/posts\/40683"}],"collection":[{"href":"https:\/\/cuernavaca.gob.mx\/index.php?rest_route=\/wp\/v2\/posts"}],"about":[{"href":"https:\/\/cuernavaca.gob.mx\/index.php?rest_route=\/wp\/v2\/types\/post"}],"author":[{"embeddable":true,"href":"https:\/\/cuernavaca.gob.mx\/index.php?rest_route=\/wp\/v2\/users\/1"}],"replies":[{"embeddable":true,"href":"https:\/\/cuernavaca.gob.mx\/index.php?rest_route=%2Fwp%2Fv2%2Fcomments&post=40683"}],"version-history":[{"count":1,"href":"https:\/\/cuernavaca.gob.mx\/index.php?rest_route=\/wp\/v2\/posts\/40683\/revisions"}],"predecessor-version":[{"id":40689,"href":"https:\/\/cuernavaca.gob.mx\/index.php?rest_route=\/wp\/v2\/posts\/40683\/revisions\/40689"}],"wp:featuredmedia":[{"embeddable":true,"href":"https:\/\/cuernavaca.gob.mx\/index.php?rest_route=\/wp\/v2\/media\/40688"}],"wp:attachment":[{"href":"https:\/\/cuernavaca.gob.mx\/index.php?rest_route=%2Fwp%2Fv2%2Fmedia&parent=40683"}],"wp:term":[{"taxonomy":"category","embeddable":true,"href":"https:\/\/cuernavaca.gob.mx\/index.php?rest_route=%2Fwp%2Fv2%2Fcategories&post=40683"},{"taxonomy":"post_tag","embeddable":true,"href":"https:\/\/cuernavaca.gob.mx\/index.php?rest_route=%2Fwp%2Fv2%2Ftags&post=40683"}],"curies":[{"name":"wp","href":"https:\/\/api.w.org\/{rel}","templated":true}]}}