{"id":40762,"date":"2024-05-20T16:00:55","date_gmt":"2024-05-20T22:00:55","guid":{"rendered":"https:\/\/cuernavaca.gob.mx\/?p=40762"},"modified":"2024-05-20T16:28:33","modified_gmt":"2024-05-20T22:28:33","slug":"f790-20-05-24-por-los-danos-que-presenta-en-su-estructura-el-acueducto-de-gualupita-del-siglo-xviii-la-calle-carlos-cuaglia-estara-cerrada-para-realizar-los-trabajos-de-restauracion","status":"publish","type":"post","link":"https:\/\/cuernavaca.gob.mx\/?p=40762","title":{"rendered":"F790 20\/05\/24 POR LOS DA\u00d1OS QUE PRESENTA EN SU ESTRUCTURA EL ACUEDUCTO DE GUALUPITA DEL SIGLO XVIII, LA CALLE CARLOS CUAGLIA ESTAR\u00c1 CERRADA PARA REALIZAR LOS TRABAJOS DE RESTAURACI\u00d3N"},"content":{"rendered":"<p>Al encontrar una fractura mayor en el arco m\u00e1s grande del acueducto de Gualupita, la Secretar\u00eda de Desarrollo Urbano y Obras P\u00fablicas en coordinaci\u00f3n con el Instituto Nacional de Antropolog\u00eda e Historia (INAH), se determin\u00f3 cerrar al tr\u00e1nsito vehicular y peatonal la calle Carlos Cuaglia en el barrio de Gualupita por los trabajos de restauraci\u00f3n que consisten en el apuntalamiento con andamios de carga para asegurar que la estructura que data del Siglo XVIII no colapse.<\/p>\n<p>&nbsp;<\/p>\n<p>Lo anterior, al detectar en el marco de revisi\u00f3n de las fisuras al retirar los aplanados del acueducto que en realidad presenta problemas estructurales, registrando una fractura que deriva de los golpes que ha padecido por el paso de camiones, la falta de mantenimiento y la erosi\u00f3n con el tiempo, siendo de suma relevancia su atenci\u00f3n profesional, ya que, ante un sismo, el paso de veh\u00edculos y alg\u00fan golpe era inminente la ca\u00edda de la estructura.<\/p>\n<p>&nbsp;<\/p>\n<p>Por tal motivo y ante las instrucciones asentadas en bit\u00e1cora del INAH se debe apuntalar con andamios de carga para poder generar las condiciones de apuntalamiento y asegurar que no colapse la estructura, posteriormente iniciar\u00e1n con el dise\u00f1o de la cercha en piso para iniciar esta misma semana con la consolidaci\u00f3n de la estructura, retirando todo lo que est\u00e1 suelto para volverlo a coser piedra por piedra.<\/p>\n<p>&nbsp;<\/p>\n<p>El secretario de Desarrollo Urbano y Obras P\u00fablicas de Cuernavaca, Demetrio Chavira de la Torre, precis\u00f3 que estos trabajos se estar\u00e1n efectuando en el mismo periodo y con el mismo monto presupuestal asignados y aprobados por el Cabildo, dejando un carril abierto para el tr\u00e1nsito de veh\u00edculos ligeros para alguna emergencia, aunque la idea es continuar con la vialidad cerrada dado el peligro de colapso en la estructura.<\/p>\n<p>*Esta publicaci\u00f3n es de car\u00e1cter informativo, de inter\u00e9s p\u00fablico y ajeno a cualquier partido pol\u00edtico.<\/p>\n\n\t\t<style type=\"text\/css\">\n\t\t\t#gallery-1 {\n\t\t\t\tmargin: auto;\n\t\t\t}\n\t\t\t#gallery-1 .gallery-item {\n\t\t\t\tfloat: left;\n\t\t\t\tmargin-top: 10px;\n\t\t\t\ttext-align: center;\n\t\t\t\twidth: 33%;\n\t\t\t}\n\t\t\t#gallery-1 img {\n\t\t\t\tborder: 2px solid #cfcfcf;\n\t\t\t}\n\t\t\t#gallery-1 .gallery-caption {\n\t\t\t\tmargin-left: 0;\n\t\t\t}\n\t\t\t\/* see gallery_shortcode() in wp-includes\/media.php *\/\n\t\t<\/style>\n\t\t<div id='gallery-1' class='gallery galleryid-40762 gallery-columns-3 gallery-size-thumbnail'><dl class='gallery-item'>\n\t\t\t<dt class='gallery-icon landscape'>\n\t\t\t\t<a href='https:\/\/cuernavaca.gob.mx\/?attachment_id=40763'><img width=\"150\" height=\"150\" src=\"https:\/\/cuernavaca.gob.mx\/wp-content\/uploads\/2024\/05\/POR-LOS-DAN\u0303OS-QUE-PRESENTA-EN-SU-ESTRUCTURA-EL-ACUEDUCTO-DE-GUALUPITA-DEL-SIGLO-XVIII-LA-CALLE-CARLOS-CUAGLIA-ESTARA\u0301-CERRADA-PARA-REALIZAR-LOS-TRABAJOS-DE-RESTAURACIO\u0301N-4-150x150.jpg\" class=\"attachment-thumbnail size-thumbnail\" alt=\"\" loading=\"lazy\" \/><\/a>\n\t\t\t<\/dt><\/dl><dl class='gallery-item'>\n\t\t\t<dt class='gallery-icon landscape'>\n\t\t\t\t<a href='https:\/\/cuernavaca.gob.mx\/?attachment_id=40764'><img width=\"150\" height=\"150\" src=\"https:\/\/cuernavaca.gob.mx\/wp-content\/uploads\/2024\/05\/POR-LOS-DAN\u0303OS-QUE-PRESENTA-EN-SU-ESTRUCTURA-EL-ACUEDUCTO-DE-GUALUPITA-DEL-SIGLO-XVIII-LA-CALLE-CARLOS-CUAGLIA-ESTARA\u0301-CERRADA-PARA-REALIZAR-LOS-TRABAJOS-DE-RESTAURACIO\u0301N-3-150x150.jpg\" class=\"attachment-thumbnail size-thumbnail\" alt=\"\" loading=\"lazy\" \/><\/a>\n\t\t\t<\/dt><\/dl><dl class='gallery-item'>\n\t\t\t<dt class='gallery-icon landscape'>\n\t\t\t\t<a href='https:\/\/cuernavaca.gob.mx\/?attachment_id=40765'><img width=\"150\" height=\"150\" src=\"https:\/\/cuernavaca.gob.mx\/wp-content\/uploads\/2024\/05\/POR-LOS-DAN\u0303OS-QUE-PRESENTA-EN-SU-ESTRUCTURA-EL-ACUEDUCTO-DE-GUALUPITA-DEL-SIGLO-XVIII-LA-CALLE-CARLOS-CUAGLIA-ESTARA\u0301-CERRADA-PARA-REALIZAR-LOS-TRABAJOS-DE-RESTAURACIO\u0301N-2-150x150.jpg\" class=\"attachment-thumbnail size-thumbnail\" alt=\"\" loading=\"lazy\" \/><\/a>\n\t\t\t<\/dt><\/dl><br style=\"clear: both\" \/><dl class='gallery-item'>\n\t\t\t<dt class='gallery-icon landscape'>\n\t\t\t\t<a href='https:\/\/cuernavaca.gob.mx\/?attachment_id=40766'><img width=\"150\" height=\"150\" src=\"https:\/\/cuernavaca.gob.mx\/wp-content\/uploads\/2024\/05\/POR-LOS-DAN\u0303OS-QUE-PRESENTA-EN-SU-ESTRUCTURA-EL-ACUEDUCTO-DE-GUALUPITA-DEL-SIGLO-XVIII-LA-CALLE-CARLOS-CUAGLIA-ESTARA\u0301-CERRADA-PARA-REALIZAR-LOS-TRABAJOS-DE-RESTAURACIO\u0301N-1-150x150.jpg\" class=\"attachment-thumbnail size-thumbnail\" alt=\"\" loading=\"lazy\" \/><\/a>\n\t\t\t<\/dt><\/dl>\n\t\t\t<br style='clear: both' \/>\n\t\t<\/div>\n\n<p>&nbsp;<\/p>\n","protected":false},"excerpt":{"rendered":"<p>Al encontrar una fractura mayor en el arco m\u00e1s grande del acueducto de Gualupita, la Secretar\u00eda de Desarrollo Urbano y Obras P\u00fablicas en coordinaci\u00f3n con el Instituto Nacional de Antropolog\u00eda e Historia (INAH), se determin\u00f3 cerrar al tr\u00e1nsito vehicular y peatonal la calle Carlos Cuaglia en el barrio de Gualupita por los trabajos de restauraci\u00f3n [&hellip;]<\/p>\n","protected":false},"author":1,"featured_media":40763,"comment_status":"closed","ping_status":"open","sticky":false,"template":"","format":"standard","meta":[],"categories":[18],"tags":[916,121,515,120,206,356,232,127],"aioseo_notices":[],"_links":{"self":[{"href":"https:\/\/cuernavaca.gob.mx\/index.php?rest_route=\/wp\/v2\/posts\/40762"}],"collection":[{"href":"https:\/\/cuernavaca.gob.mx\/index.php?rest_route=\/wp\/v2\/posts"}],"about":[{"href":"https:\/\/cuernavaca.gob.mx\/index.php?rest_route=\/wp\/v2\/types\/post"}],"author":[{"embeddable":true,"href":"https:\/\/cuernavaca.gob.mx\/index.php?rest_route=\/wp\/v2\/users\/1"}],"replies":[{"embeddable":true,"href":"https:\/\/cuernavaca.gob.mx\/index.php?rest_route=%2Fwp%2Fv2%2Fcomments&post=40762"}],"version-history":[{"count":1,"href":"https:\/\/cuernavaca.gob.mx\/index.php?rest_route=\/wp\/v2\/posts\/40762\/revisions"}],"predecessor-version":[{"id":40767,"href":"https:\/\/cuernavaca.gob.mx\/index.php?rest_route=\/wp\/v2\/posts\/40762\/revisions\/40767"}],"wp:featuredmedia":[{"embeddable":true,"href":"https:\/\/cuernavaca.gob.mx\/index.php?rest_route=\/wp\/v2\/media\/40763"}],"wp:attachment":[{"href":"https:\/\/cuernavaca.gob.mx\/index.php?rest_route=%2Fwp%2Fv2%2Fmedia&parent=40762"}],"wp:term":[{"taxonomy":"category","embeddable":true,"href":"https:\/\/cuernavaca.gob.mx\/index.php?rest_route=%2Fwp%2Fv2%2Fcategories&post=40762"},{"taxonomy":"post_tag","embeddable":true,"href":"https:\/\/cuernavaca.gob.mx\/index.php?rest_route=%2Fwp%2Fv2%2Ftags&post=40762"}],"curies":[{"name":"wp","href":"https:\/\/api.w.org\/{rel}","templated":true}]}}