{"id":40771,"date":"2024-05-20T16:00:03","date_gmt":"2024-05-20T22:00:03","guid":{"rendered":"https:\/\/cuernavaca.gob.mx\/?p=40771"},"modified":"2024-05-22T16:04:28","modified_gmt":"2024-05-22T22:04:28","slug":"b1747-20-05-24-amigos-y-familiares-del-maestro-adalberto-rios-szalay-rinden-merecido-homenaje-postumo-en-el-museo-de-la-ciudad-de-cuernavaca","status":"publish","type":"post","link":"https:\/\/cuernavaca.gob.mx\/?p=40771","title":{"rendered":"B1747 20\/05\/24 AMIGOS Y FAMILIARES DEL MAESTRO ADALBERTO R\u00cdOS SZALAY RINDEN MERECIDO HOMENAJE P\u00d3STUMO EN EL MUSEO DE LA CIUDAD DE CUERNAVACA"},"content":{"rendered":"<ul>\n<li><strong>Fue realizado en el Museo de la Ciudad de Cuernavaca donde se exalt\u00f3 su capacidad como conversador, con un sentido del humor tan suyo, exigente con su trabajo y su gran legado fotogr\u00e1fico<\/strong><\/li>\n<\/ul>\n<p>Su inteligencia, agudeza, sinceridad, extraordinario conversador, con un sentido del humor tan suyo, negro en muchas ocasiones, perspicaz, exigente con su trabajo y con quienes colaboraban con \u00e9l, dedicado, sin dobleces, siempre acompa\u00f1ado de su c\u00e1mara Leica, que fue c\u00f3mplice de su perspectiva y mirada \u00fanicas del entorno, que no dudo en inmortalizarlo en sus fotograf\u00edas, es como familiares y amigos evocaron al Maestro Adalberto R\u00edos Szalay, en el homenaje p\u00f3stumo realizado en el Museo de la Ciudad de Cuernavaca.<\/p>\n<p>Organizado por el Instituto de Cultura de Cuernavaca de la Secretar\u00eda de Desarrollo Humano y Participaci\u00f3n Social, que encabeza Laura Hern\u00e1ndez Cruz, en conjunto con el Consejo de Cultura y las Artes del Ayuntamiento de Cuernavaca, familiares y amistades que aportaron lo necesario para lograr esta ceremonia, Adalberto R\u00edos Szalay, fue reconocido por el trabajo que por m\u00e1s de 50 a\u00f1os que no solo se limit\u00f3 a lo fotogr\u00e1fico, sino trascendi\u00f3 tambi\u00e9n en los \u00e1mbitos antropol\u00f3gicos, hist\u00f3ricos, acad\u00e9micos, gastron\u00f3micos, literarios, period\u00edsticos y como un ind\u00f3mito y visionario servidor p\u00fablico.<\/p>\n<p>Su arraigo y amor por Cuernavaca, ciudad que lo vio nacer en 1943, donde se form\u00f3 con una educaci\u00f3n verdaderamente pedag\u00f3gica, como lo asegur\u00f3 en sus testimonios y platicas recurrentes, en una escuela donde dijo, fomentaban el amor a sus or\u00edgenes, a su cultura, a sus tradiciones el Jard\u00edn de Ni\u00f1os \u201cResurgimiento\u201d del cual se refiere con orgullo en diferentes conversaciones.<\/p>\n<p>Amistades que en diferentes momentos de su vida lleg\u00f3 a cosechar, se refirieron a Adalberto R\u00edos Szalay en emotivas y anecd\u00f3ticas participaciones durante este homenaje, como es el caso de Cecile Camil, Mar\u00eda Helena Gonz\u00e1lez, Miguel \u00c1ngel Cuevas, Marcela Tostado, Carlos Villase\u00f1or, Graciela Mota, Gustavo Garibay, Lya Guti\u00e9rrez Quintanilla, Roberto Abe Camil, el director del Instituto de Cultura de Cuernavaca, Juan Contreras de Oteyza, quienes coincidieron en la calidad humana de este morelense por excelencia, que en sus diferentes etapas de trayectoria no tuvo recato en expresar lo que pensaba, lo que ve\u00eda y lo que idealizaba, siempre fiel a sus convicciones.<\/p>\n<p>Su hijo Ernesto R\u00edos Lanz, previo a la presentaci\u00f3n del video con testimoniales y otograf\u00edas del \u201cArchivo Compartidos Tres R\u00edos\u201d, agradeci\u00f3 la suma de esfuerzos para lograr este homenaje a su padre, quien tambi\u00e9n fue un incansable viajero, dentro y fuera del pa\u00eds, con un reconocimiento de personajes con quienes teji\u00f3 amistad en naciones de Hispanoam\u00e9rica particularmente, y que v\u00eda video mensajes, dieron testimonios de su relaci\u00f3n fraterna con el maestro Adalberto, que no gustaba de ceremonias para entregarle reconocimientos a su persona.<\/p>\n<p>Su gran preocupaci\u00f3n, manifestaron los participantes y quienes aportaron lo necesario para este evento, como es el caso de Sergio R\u00edos Szalay, hermano menor del Maestro Adalberto, es que el legado fotogr\u00e1fico que registr\u00f3 por varias d\u00e9cadas, tenga un buen resguardo, y que mejor que sea la Universidad Autonom\u00eda del Estado de Morelos (UAEM), donde en muchas ocasiones se\u00f1al\u00f3 que fuera el sitio donde este patrimonio quedar\u00e1 custodiado, un tema que dar\u00e1n seguimiento quienes tambi\u00e9n compartieron catedra y cabina de radio en su paso por Radio UAEM, la Facultad de Arquitectura y la Escuela de Turismo de la m\u00e1xima Casa de Estudios del Estado.<\/p>\n<p>Finalmente, para cerrar este de viarios homenajes contemplados, su amigo y colaborador en su etapa como Director del Instituto de Cultura de Morelos, Jes\u00fas Peredo, toc\u00f3 y cant\u00f3 el Corrido suriano dedicado al Maestro de varias generaciones, Adalberto R\u00edos Szalay.<\/p>\n","protected":false},"excerpt":{"rendered":"<p>Fue realizado en el Museo de la Ciudad de Cuernavaca donde se exalt\u00f3 su capacidad como conversador, con un sentido del humor tan suyo, exigente con su trabajo y su gran legado fotogr\u00e1fico Su inteligencia, agudeza, sinceridad, extraordinario conversador, con un sentido del humor tan suyo, negro en muchas ocasiones, perspicaz, exigente con su trabajo [&hellip;]<\/p>\n","protected":false},"author":1,"featured_media":40786,"comment_status":"closed","ping_status":"open","sticky":false,"template":"","format":"standard","meta":[],"categories":[2292],"tags":[121,3088,1570,120,127],"aioseo_notices":[],"_links":{"self":[{"href":"https:\/\/cuernavaca.gob.mx\/index.php?rest_route=\/wp\/v2\/posts\/40771"}],"collection":[{"href":"https:\/\/cuernavaca.gob.mx\/index.php?rest_route=\/wp\/v2\/posts"}],"about":[{"href":"https:\/\/cuernavaca.gob.mx\/index.php?rest_route=\/wp\/v2\/types\/post"}],"author":[{"embeddable":true,"href":"https:\/\/cuernavaca.gob.mx\/index.php?rest_route=\/wp\/v2\/users\/1"}],"replies":[{"embeddable":true,"href":"https:\/\/cuernavaca.gob.mx\/index.php?rest_route=%2Fwp%2Fv2%2Fcomments&post=40771"}],"version-history":[{"count":2,"href":"https:\/\/cuernavaca.gob.mx\/index.php?rest_route=\/wp\/v2\/posts\/40771\/revisions"}],"predecessor-version":[{"id":40815,"href":"https:\/\/cuernavaca.gob.mx\/index.php?rest_route=\/wp\/v2\/posts\/40771\/revisions\/40815"}],"wp:featuredmedia":[{"embeddable":true,"href":"https:\/\/cuernavaca.gob.mx\/index.php?rest_route=\/wp\/v2\/media\/40786"}],"wp:attachment":[{"href":"https:\/\/cuernavaca.gob.mx\/index.php?rest_route=%2Fwp%2Fv2%2Fmedia&parent=40771"}],"wp:term":[{"taxonomy":"category","embeddable":true,"href":"https:\/\/cuernavaca.gob.mx\/index.php?rest_route=%2Fwp%2Fv2%2Fcategories&post=40771"},{"taxonomy":"post_tag","embeddable":true,"href":"https:\/\/cuernavaca.gob.mx\/index.php?rest_route=%2Fwp%2Fv2%2Ftags&post=40771"}],"curies":[{"name":"wp","href":"https:\/\/api.w.org\/{rel}","templated":true}]}}