{"id":40795,"date":"2024-05-21T14:00:38","date_gmt":"2024-05-21T20:00:38","guid":{"rendered":"https:\/\/cuernavaca.gob.mx\/?p=40795"},"modified":"2024-05-21T15:00:13","modified_gmt":"2024-05-21T21:00:13","slug":"b1748-21-05-24-inicia-ayuntamiento-de-cuernavaca-con-trabajos-de-reubicacion-de-fosas-ubicadas-en-la-zona-cero-del-panteon-de-la-paz","status":"publish","type":"post","link":"https:\/\/cuernavaca.gob.mx\/?p=40795","title":{"rendered":"B1748 21\/05\/24 INICIA AYUNTAMIENTO DE CUERNAVACA CON TRABAJOS DE REUBICACI\u00d3N DE FOSAS UBICADAS EN LA ZONA CERO DEL PANTE\u00d3N DE LA PAZ"},"content":{"rendered":"<p><strong>\u2022 A trav\u00e9s de un aviso a la opini\u00f3n p\u00fablica se solicita a las personas que tengan el derecho de uso sobre una fosa que tienen hasta el 24 de mayo para determinar la disposici\u00f3n final de los restos mortales de sus familiares<\/strong><\/p>\n<p><strong>\u2022 Son m\u00e1s de 500 tumbas las que se ubican en la zona de riesgo del pante\u00f3n que colindan con el pared\u00f3n de la colonia Los Pilares y que abarca las secciones 1, 3, 5, 7, 9, 11 y 13<\/strong><\/p>\n<p>El Comit\u00e9 Municipal de Protecci\u00f3n Civil de Cuernavaca informa que a partir del lunes 27 de mayo del presente a\u00f1o comenzar\u00e1n los trabajos relativos a la exhumaci\u00f3n de los restos mortales que se encuentran ubicados en la ZONA CERO del pante\u00f3n de La Paz, que colinda con el pared\u00f3n de la colonia Los Pilares, a efecto de llevar a cabo la reubicaci\u00f3n de fosas dentro del mismo recinto o la acci\u00f3n que determinen las autoridades, que legalmente est\u00e9n facultados para disponer el destino y manejo digno de los restos humanos que yacen en el citado cementerio.<\/p>\n<p>El secretario del Ayuntamiento de Cuernavaca y presidente del Comit\u00e9 Municipal de Protecci\u00f3n Civil de Cuernavaca, Carlos de la Rosa Segura, indic\u00f3 que conjuntamente con el Cabildo se determin\u00f3 empezar con las acciones de mitigaci\u00f3n de la zona de riesgo del pante\u00f3n, particularmente la remoci\u00f3n y reubicaci\u00f3n de aquellas tumbas que forman parte de la ZONA CERO que comprende 10 metros de ancho por cerca de 200 metros de largo en calle Bugambilias para continuar con la estabilizaci\u00f3n parcial del talud del pante\u00f3n.<\/p>\n<p>En este sentido, subray\u00f3 que se est\u00e1 solicitando a las personas que tengan el derecho de uso sobre una fosa y que a\u00fan no acuden a la Direcci\u00f3n General del pante\u00f3n de la Paz a comparecer a m\u00e1s tardar el 24 de mayo del presente a\u00f1o para determinar la disposici\u00f3n de los restos mortales de sus afines, ya que de lo contrario el Ayuntamiento deber\u00e1 proceder a llevar a cabo las acciones legales y ejecutivas conducentes derivado de la contingencia y urgencia del traslado de los mismos ante el probable riesgo de nuevos deslaves.<\/p>\n<p>Carlos de la Rosa precis\u00f3 que, desde hace dos a\u00f1os tras el deslave del pared\u00f3n en el pante\u00f3n de la Paz, la Secretar\u00eda de Desarrollo Sustentable y Servicios P\u00fablicos en coordinaci\u00f3n con la Oficial\u00eda del Registro Civil ha mantenido las labores de concientizaci\u00f3n e informaci\u00f3n con los due\u00f1os de las m\u00e1s de 500 tumbas que se ubican en esta zona de riesgo que abarca las secciones 1, 3, 5, 7, 9, 11 y 13, de las cuales han encontrado que 125 no se encuentran ocupadas y 120 cuentan con adeudos en sus pagos, a quienes invit\u00f3 a regularizarse.<\/p>\n<p>A la fecha se han reubicado algunos cuerpos a otros panteones conforme a la decisi\u00f3n de sus familiares, aunque dentro del pante\u00f3n la Secretar\u00eda de Desarrollo Sustentable y Servicios P\u00fablicos considera la construcci\u00f3n de un promedio de 400 fosas, donde habr\u00e1n de ser reubicados aquellos restos que cuerpos de los cuales ha sido imposible localizar a sus familiares, considerando tambi\u00e9n ocupar despu\u00e9s de la primera contingencia que se ataque en el pante\u00f3n las m\u00e1s de tres mil fosas que han localizado con adeudos y que son muy antiguas, para las cuales los propietarios habr\u00e1n de ser notificados.<\/p>\n<p>Para estos trabajos, as\u00ed como para la estabilizaci\u00f3n parcial del talud, Carlos de la Rosa se\u00f1al\u00f3 que, del monto de inversi\u00f3n autorizado por el Cabildo, el Ayuntamiento de Cuernavaca absorber\u00e1 el monto por la exhumaci\u00f3n, inhumaci\u00f3n, trasladado y en su caso la cremaci\u00f3n si es necesario, de los restos mortales, por lo cual los deudos no asumen ning\u00fan pago a excepci\u00f3n de que tengan adeudos pendientes con el pante\u00f3n.<\/p>\n<p>*Esta publicaci\u00f3n es de car\u00e1cter informativo, de inter\u00e9s p\u00fablico y ajeno a cualquier partido pol\u00edtico.<\/p>\n\n\t\t<style type=\"text\/css\">\n\t\t\t#gallery-1 {\n\t\t\t\tmargin: auto;\n\t\t\t}\n\t\t\t#gallery-1 .gallery-item {\n\t\t\t\tfloat: left;\n\t\t\t\tmargin-top: 10px;\n\t\t\t\ttext-align: center;\n\t\t\t\twidth: 33%;\n\t\t\t}\n\t\t\t#gallery-1 img {\n\t\t\t\tborder: 2px solid #cfcfcf;\n\t\t\t}\n\t\t\t#gallery-1 .gallery-caption {\n\t\t\t\tmargin-left: 0;\n\t\t\t}\n\t\t\t\/* see gallery_shortcode() in wp-includes\/media.php *\/\n\t\t<\/style>\n\t\t<div id='gallery-1' class='gallery galleryid-40795 gallery-columns-3 gallery-size-thumbnail'><dl class='gallery-item'>\n\t\t\t<dt class='gallery-icon landscape'>\n\t\t\t\t<a href='https:\/\/cuernavaca.gob.mx\/?attachment_id=40796'><img width=\"150\" height=\"150\" src=\"https:\/\/cuernavaca.gob.mx\/wp-content\/uploads\/2024\/05\/INICIA-AYUNTAMIENTO-DE-CUERNAVACA-CON-TRABAJOS-DE-REUBICACIO\u0301N-DE-FOSAS-UBICADAS-EN-LA-ZONA-CERO-DEL-PANTEO\u0301N-DE-LA-PAZ-2-150x150.jpg\" class=\"attachment-thumbnail size-thumbnail\" alt=\"\" loading=\"lazy\" \/><\/a>\n\t\t\t<\/dt><\/dl><dl class='gallery-item'>\n\t\t\t<dt class='gallery-icon landscape'>\n\t\t\t\t<a href='https:\/\/cuernavaca.gob.mx\/?attachment_id=40797'><img width=\"150\" height=\"150\" src=\"https:\/\/cuernavaca.gob.mx\/wp-content\/uploads\/2024\/05\/INICIA-AYUNTAMIENTO-DE-CUERNAVACA-CON-TRABAJOS-DE-REUBICACIO\u0301N-DE-FOSAS-UBICADAS-EN-LA-ZONA-CERO-DEL-PANTEO\u0301N-DE-LA-PAZ-3-150x150.jpg\" class=\"attachment-thumbnail size-thumbnail\" alt=\"\" loading=\"lazy\" \/><\/a>\n\t\t\t<\/dt><\/dl><dl class='gallery-item'>\n\t\t\t<dt class='gallery-icon landscape'>\n\t\t\t\t<a href='https:\/\/cuernavaca.gob.mx\/?attachment_id=40798'><img width=\"150\" height=\"150\" src=\"https:\/\/cuernavaca.gob.mx\/wp-content\/uploads\/2024\/05\/INICIA-AYUNTAMIENTO-DE-CUERNAVACA-CON-TRABAJOS-DE-REUBICACIO\u0301N-DE-FOSAS-UBICADAS-EN-LA-ZONA-CERO-DEL-PANTEO\u0301N-DE-LA-PAZ-4-150x150.jpg\" class=\"attachment-thumbnail size-thumbnail\" alt=\"\" loading=\"lazy\" \/><\/a>\n\t\t\t<\/dt><\/dl><br style=\"clear: both\" \/><dl class='gallery-item'>\n\t\t\t<dt class='gallery-icon landscape'>\n\t\t\t\t<a href='https:\/\/cuernavaca.gob.mx\/?attachment_id=40799'><img width=\"150\" height=\"150\" src=\"https:\/\/cuernavaca.gob.mx\/wp-content\/uploads\/2024\/05\/INICIA-AYUNTAMIENTO-DE-CUERNAVACA-CON-TRABAJOS-DE-REUBICACIO\u0301N-DE-FOSAS-UBICADAS-EN-LA-ZONA-CERO-DEL-PANTEO\u0301N-DE-LA-PAZ-5-150x150.jpg\" class=\"attachment-thumbnail size-thumbnail\" alt=\"\" loading=\"lazy\" \/><\/a>\n\t\t\t<\/dt><\/dl><dl class='gallery-item'>\n\t\t\t<dt class='gallery-icon landscape'>\n\t\t\t\t<a href='https:\/\/cuernavaca.gob.mx\/?attachment_id=40800'><img width=\"150\" height=\"150\" src=\"https:\/\/cuernavaca.gob.mx\/wp-content\/uploads\/2024\/05\/INICIA-AYUNTAMIENTO-DE-CUERNAVACA-CON-TRABAJOS-DE-REUBICACIO\u0301N-DE-FOSAS-UBICADAS-EN-LA-ZONA-CERO-DEL-PANTEO\u0301N-DE-LA-PAZ-6-150x150.jpg\" class=\"attachment-thumbnail size-thumbnail\" alt=\"\" loading=\"lazy\" \/><\/a>\n\t\t\t<\/dt><\/dl>\n\t\t\t<br style='clear: both' \/>\n\t\t<\/div>\n\n","protected":false},"excerpt":{"rendered":"<p>\u2022 A trav\u00e9s de un aviso a la opini\u00f3n p\u00fablica se solicita a las personas que tengan el derecho de uso sobre una fosa que tienen hasta el 24 de mayo para determinar la disposici\u00f3n final de los restos mortales de sus familiares \u2022 Son m\u00e1s de 500 tumbas las que se ubican en la [&hellip;]<\/p>\n","protected":false},"author":1,"featured_media":40799,"comment_status":"closed","ping_status":"open","sticky":false,"template":"","format":"standard","meta":[],"categories":[2227],"tags":[121,120,206,971,3661,127,172],"aioseo_notices":[],"_links":{"self":[{"href":"https:\/\/cuernavaca.gob.mx\/index.php?rest_route=\/wp\/v2\/posts\/40795"}],"collection":[{"href":"https:\/\/cuernavaca.gob.mx\/index.php?rest_route=\/wp\/v2\/posts"}],"about":[{"href":"https:\/\/cuernavaca.gob.mx\/index.php?rest_route=\/wp\/v2\/types\/post"}],"author":[{"embeddable":true,"href":"https:\/\/cuernavaca.gob.mx\/index.php?rest_route=\/wp\/v2\/users\/1"}],"replies":[{"embeddable":true,"href":"https:\/\/cuernavaca.gob.mx\/index.php?rest_route=%2Fwp%2Fv2%2Fcomments&post=40795"}],"version-history":[{"count":1,"href":"https:\/\/cuernavaca.gob.mx\/index.php?rest_route=\/wp\/v2\/posts\/40795\/revisions"}],"predecessor-version":[{"id":40801,"href":"https:\/\/cuernavaca.gob.mx\/index.php?rest_route=\/wp\/v2\/posts\/40795\/revisions\/40801"}],"wp:featuredmedia":[{"embeddable":true,"href":"https:\/\/cuernavaca.gob.mx\/index.php?rest_route=\/wp\/v2\/media\/40799"}],"wp:attachment":[{"href":"https:\/\/cuernavaca.gob.mx\/index.php?rest_route=%2Fwp%2Fv2%2Fmedia&parent=40795"}],"wp:term":[{"taxonomy":"category","embeddable":true,"href":"https:\/\/cuernavaca.gob.mx\/index.php?rest_route=%2Fwp%2Fv2%2Fcategories&post=40795"},{"taxonomy":"post_tag","embeddable":true,"href":"https:\/\/cuernavaca.gob.mx\/index.php?rest_route=%2Fwp%2Fv2%2Ftags&post=40795"}],"curies":[{"name":"wp","href":"https:\/\/api.w.org\/{rel}","templated":true}]}}