{"id":40802,"date":"2024-05-21T15:00:28","date_gmt":"2024-05-21T21:00:28","guid":{"rendered":"https:\/\/cuernavaca.gob.mx\/?p=40802"},"modified":"2024-05-21T17:04:03","modified_gmt":"2024-05-21T23:04:03","slug":"b1749-21-05-24-inicia-ayuntamiento-de-cuernavaca-32-procedimientos-contra-propietarios-de-espectaculares-irregulares","status":"publish","type":"post","link":"https:\/\/cuernavaca.gob.mx\/?p=40802","title":{"rendered":"B1749 21\/05\/24 INICIA AYUNTAMIENTO DE CUERNAVACA 32 PROCEDIMIENTOS CONTRA PROPIETARIOS DE ESPECTACULARES IRREGULARES"},"content":{"rendered":"<p><strong>\u2022 Algunos de estas estructuras han sido ubicados en las avenidas principales de la ciudad y en el Paseo Expr\u00e9s<\/strong><\/p>\n<p><strong>\u2022 Este trabajo de revisi\u00f3n se lleva a cabo por la Coordinaci\u00f3n Municipal de Protecci\u00f3n Civil en conjunto con la Secretar\u00eda del Ayuntamiento<\/strong><\/p>\n<p>El Ayuntamiento de Cuernavaca, a trav\u00e9s de la Coordinaci\u00f3n Municipal de Protecci\u00f3n Civil, la Secretar\u00eda del Ayuntamiento y la Direcci\u00f3n de Verificaci\u00f3n Normativa, ha iniciado 32 procedimientos contra espectaculares que no est\u00e1n regulados, aplicando por deficiencias administrativas multas que van desde los nueve mil hasta los 32 mil pesos dependiendo el tama\u00f1o del anuncio.<\/p>\n<p>El director general de Pol\u00edtica Municipal del Ayuntamiento de Cuernavaca, Arturo Santana Salgado, se\u00f1al\u00f3 que algunos de estos espectaculares han sido ubicados en las avenidas principales de la ciudad y en el Paseo Expr\u00e9s, donde de 24 anuncios revisados la totalidad de los mismos se encuentran fuera de la ley.<\/p>\n<p>Para iniciar los procedimientos se solicita a la Secretar\u00eda de Desarrollo Urbano y Obras P\u00fablicas de Cuernavaca informaci\u00f3n sobre los espectaculares que no se han regulado para en base a ello llevar a cabo una inspecci\u00f3n conjunta con Protecci\u00f3n Civil Municipal que inicia el procedimiento en materia de seguridad, mientras que la Secretar\u00eda del Ayuntamiento lo inicia respecto a deficiencias administrativas, regularmente por la falta de permisos.<\/p>\n<p>Puntualiz\u00f3 que al iniciar los procedimientos las empresas o particulares encargados tienen que retirar de manera inmediata los espectaculares hasta que obtengan su licencia con los requisitos establecidos por el \u00e1rea de Obras P\u00fablicas, solicitando a la par a los due\u00f1os de los inmuebles donde se instalan los permisos correspondientes.<\/p>\n<p>En este contexto, Arturo Santana mencion\u00f3 como ejemplo el espectacular que colaps\u00f3 en la glorieta de Los Caballitos cerca del mercado Adolfo L\u00f3pez Mateos derivado de la intensa lluvia que se registr\u00f3 la tarde del domingo, para el cual iniciaron una sanci\u00f3n directa de cancelaci\u00f3n de la licencia y su respectiva multa, destacando que el pago por da\u00f1os a terceros no est\u00e1n considerados dentro de la multa.<\/p>\n<p>Cabe destacar que la Coordinaci\u00f3n Municipal de Protecci\u00f3n Civil realiza de manera permanente revisiones a todos los espectaculares ubicados dentro del municipio, a fin de salvaguardar la seguridad y patrimonio de la poblaci\u00f3n.<\/p>\n<p>&nbsp;<\/p>\n<p>*Esta publicaci\u00f3n es de car\u00e1cter informativo, de inter\u00e9s p\u00fablico y ajeno a cualquier partido pol\u00edtico.<\/p>\n\n\t\t<style type=\"text\/css\">\n\t\t\t#gallery-1 {\n\t\t\t\tmargin: auto;\n\t\t\t}\n\t\t\t#gallery-1 .gallery-item {\n\t\t\t\tfloat: left;\n\t\t\t\tmargin-top: 10px;\n\t\t\t\ttext-align: center;\n\t\t\t\twidth: 33%;\n\t\t\t}\n\t\t\t#gallery-1 img {\n\t\t\t\tborder: 2px solid #cfcfcf;\n\t\t\t}\n\t\t\t#gallery-1 .gallery-caption {\n\t\t\t\tmargin-left: 0;\n\t\t\t}\n\t\t\t\/* see gallery_shortcode() in wp-includes\/media.php *\/\n\t\t<\/style>\n\t\t<div id='gallery-1' class='gallery galleryid-40802 gallery-columns-3 gallery-size-thumbnail'><dl class='gallery-item'>\n\t\t\t<dt class='gallery-icon landscape'>\n\t\t\t\t<a href='https:\/\/cuernavaca.gob.mx\/?attachment_id=40803'><img width=\"150\" height=\"150\" src=\"https:\/\/cuernavaca.gob.mx\/wp-content\/uploads\/2024\/05\/INICIA-AYUNTAMIENTO-DE-CUERNAVACA-32-PROCEDIMIENTOS-CONTRA-PROPIETARIOS-DE-ESPECTACULARES-IRREGULARES-1-150x150.jpg\" class=\"attachment-thumbnail size-thumbnail\" alt=\"\" loading=\"lazy\" \/><\/a>\n\t\t\t<\/dt><\/dl><dl class='gallery-item'>\n\t\t\t<dt class='gallery-icon landscape'>\n\t\t\t\t<a href='https:\/\/cuernavaca.gob.mx\/?attachment_id=40804'><img width=\"150\" height=\"150\" src=\"https:\/\/cuernavaca.gob.mx\/wp-content\/uploads\/2024\/05\/INICIA-AYUNTAMIENTO-DE-CUERNAVACA-32-PROCEDIMIENTOS-CONTRA-PROPIETARIOS-DE-ESPECTACULARES-IRREGULARES-2-150x150.jpg\" class=\"attachment-thumbnail size-thumbnail\" alt=\"\" loading=\"lazy\" \/><\/a>\n\t\t\t<\/dt><\/dl><dl class='gallery-item'>\n\t\t\t<dt class='gallery-icon landscape'>\n\t\t\t\t<a href='https:\/\/cuernavaca.gob.mx\/?attachment_id=40805'><img width=\"150\" height=\"150\" src=\"https:\/\/cuernavaca.gob.mx\/wp-content\/uploads\/2024\/05\/INICIA-AYUNTAMIENTO-DE-CUERNAVACA-32-PROCEDIMIENTOS-CONTRA-PROPIETARIOS-DE-ESPECTACULARES-IRREGULARES-3-150x150.jpg\" class=\"attachment-thumbnail size-thumbnail\" alt=\"\" loading=\"lazy\" \/><\/a>\n\t\t\t<\/dt><\/dl><br style=\"clear: both\" \/><dl class='gallery-item'>\n\t\t\t<dt class='gallery-icon landscape'>\n\t\t\t\t<a href='https:\/\/cuernavaca.gob.mx\/?attachment_id=40806'><img width=\"150\" height=\"150\" src=\"https:\/\/cuernavaca.gob.mx\/wp-content\/uploads\/2024\/05\/INICIA-AYUNTAMIENTO-DE-CUERNAVACA-32-PROCEDIMIENTOS-CONTRA-PROPIETARIOS-DE-ESPECTACULARES-IRREGULARES-4-150x150.jpg\" class=\"attachment-thumbnail size-thumbnail\" alt=\"\" loading=\"lazy\" \/><\/a>\n\t\t\t<\/dt><\/dl>\n\t\t\t<br style='clear: both' \/>\n\t\t<\/div>\n\n","protected":false},"excerpt":{"rendered":"<p>\u2022 Algunos de estas estructuras han sido ubicados en las avenidas principales de la ciudad y en el Paseo Expr\u00e9s \u2022 Este trabajo de revisi\u00f3n se lleva a cabo por la Coordinaci\u00f3n Municipal de Protecci\u00f3n Civil en conjunto con la Secretar\u00eda del Ayuntamiento El Ayuntamiento de Cuernavaca, a trav\u00e9s de la Coordinaci\u00f3n Municipal de Protecci\u00f3n [&hellip;]<\/p>\n","protected":false},"author":1,"featured_media":40804,"comment_status":"closed","ping_status":"open","sticky":false,"template":"","format":"standard","meta":[],"categories":[20],"tags":[121,3662,120,206,127,172,1318],"aioseo_notices":[],"_links":{"self":[{"href":"https:\/\/cuernavaca.gob.mx\/index.php?rest_route=\/wp\/v2\/posts\/40802"}],"collection":[{"href":"https:\/\/cuernavaca.gob.mx\/index.php?rest_route=\/wp\/v2\/posts"}],"about":[{"href":"https:\/\/cuernavaca.gob.mx\/index.php?rest_route=\/wp\/v2\/types\/post"}],"author":[{"embeddable":true,"href":"https:\/\/cuernavaca.gob.mx\/index.php?rest_route=\/wp\/v2\/users\/1"}],"replies":[{"embeddable":true,"href":"https:\/\/cuernavaca.gob.mx\/index.php?rest_route=%2Fwp%2Fv2%2Fcomments&post=40802"}],"version-history":[{"count":1,"href":"https:\/\/cuernavaca.gob.mx\/index.php?rest_route=\/wp\/v2\/posts\/40802\/revisions"}],"predecessor-version":[{"id":40807,"href":"https:\/\/cuernavaca.gob.mx\/index.php?rest_route=\/wp\/v2\/posts\/40802\/revisions\/40807"}],"wp:featuredmedia":[{"embeddable":true,"href":"https:\/\/cuernavaca.gob.mx\/index.php?rest_route=\/wp\/v2\/media\/40804"}],"wp:attachment":[{"href":"https:\/\/cuernavaca.gob.mx\/index.php?rest_route=%2Fwp%2Fv2%2Fmedia&parent=40802"}],"wp:term":[{"taxonomy":"category","embeddable":true,"href":"https:\/\/cuernavaca.gob.mx\/index.php?rest_route=%2Fwp%2Fv2%2Fcategories&post=40802"},{"taxonomy":"post_tag","embeddable":true,"href":"https:\/\/cuernavaca.gob.mx\/index.php?rest_route=%2Fwp%2Fv2%2Ftags&post=40802"}],"curies":[{"name":"wp","href":"https:\/\/api.w.org\/{rel}","templated":true}]}}