{"id":40808,"date":"2024-05-21T17:08:04","date_gmt":"2024-05-21T23:08:04","guid":{"rendered":"https:\/\/cuernavaca.gob.mx\/?p=40808"},"modified":"2024-05-21T17:08:04","modified_gmt":"2024-05-21T23:08:04","slug":"f791-21-05-24-para-mejorar-el-suministro-de-agua-potable-inicia-la-rehabilitacion-de-la-linea-de-agua-potable-en-la-colonia-ampliacion-satelite","status":"publish","type":"post","link":"https:\/\/cuernavaca.gob.mx\/?p=40808","title":{"rendered":"F791 21\/05\/24 PARA MEJORAR EL SUMINISTRO DE AGUA POTABLE, INICIA LA REHABILITACI\u00d3N DE LA L\u00cdNEA DE AGUA POTABLE EN LA COLONIA AMPLIACI\u00d3N SAT\u00c9LITE"},"content":{"rendered":"<p>Durante un tiempo estimado de 30 d\u00edas naturales, el Ayuntamiento de Cuernavaca, a trav\u00e9s de la Secretar\u00eda de Desarrollo Urbano y Obras P\u00fablicas, estar\u00e1 realizando la rehabilitaci\u00f3n de la l\u00ednea de agua potable de 2.5 pulgadas de la calle Amapola en la colonia Ampliaci\u00f3n Sat\u00e9lite que garantizar\u00e1 un mejor servicio del vital l\u00edquido en los hogares.<\/p>\n<p>&nbsp;<\/p>\n<p>Al dar la explicaci\u00f3n t\u00e9cnica de los trabajos a los vecinos, el secretario de Desarrollo Urbano y Obras P\u00fablicas, Demetrio Chavira de la Torre, aclar\u00f3 que la vialidad no se cerrar\u00e1, ya que la obra se realizar\u00e1 s\u00f3lo en un lado de la calle, la cual consiste de acuerdo con un estudio hecho por el Sistema de Agua Potable y Alcantarillado de Cuernavaca (SAPAC) en la colocaci\u00f3n de un tubo PEAD liso hidr\u00e1ulico RD- 13.5 de 2 1\/2 pulgadas de di\u00e1metro en 324.50 metros lineales.<\/p>\n<p>&nbsp;<\/p>\n<p>Con un monto de inversi\u00f3n de 916 mil 647.05 pesos proveniente del FAISMUN se har\u00e1 el relleno con material producto de la excavaci\u00f3n compactado en 124.61 metros c\u00fabicos, la base para el mejoramiento del terreno con material de banco en 38.94 metros c\u00fabicos, el riego de impregnaci\u00f3n a base de emulsi\u00f3n asf\u00e1ltica a raz\u00f3n de 1.50 litros\/m2 en 194.70 metros cuadrado.<\/p>\n<p>&nbsp;<\/p>\n<p>Para finalizar se construir\u00e1 la carpeta de cinco cent\u00edmetros de espesor de concreto asf\u00e1ltico en caliento en 194.70 metros cuadrados y se har\u00e1 la reposici\u00f3n de 30 tomas domiciliarias de 1\/2 pulgada por seis metros.<\/p>\n<p>&nbsp;<\/p>\n<p>*Esta publicaci\u00f3n es de car\u00e1cter informativo, de inter\u00e9s p\u00fablico y ajeno a cualquier partido pol\u00edtico.<\/p>\n\n\t\t<style type=\"text\/css\">\n\t\t\t#gallery-1 {\n\t\t\t\tmargin: auto;\n\t\t\t}\n\t\t\t#gallery-1 .gallery-item {\n\t\t\t\tfloat: left;\n\t\t\t\tmargin-top: 10px;\n\t\t\t\ttext-align: center;\n\t\t\t\twidth: 33%;\n\t\t\t}\n\t\t\t#gallery-1 img {\n\t\t\t\tborder: 2px solid #cfcfcf;\n\t\t\t}\n\t\t\t#gallery-1 .gallery-caption {\n\t\t\t\tmargin-left: 0;\n\t\t\t}\n\t\t\t\/* see gallery_shortcode() in wp-includes\/media.php *\/\n\t\t<\/style>\n\t\t<div id='gallery-1' class='gallery galleryid-40808 gallery-columns-3 gallery-size-thumbnail'><dl class='gallery-item'>\n\t\t\t<dt class='gallery-icon landscape'>\n\t\t\t\t<a href='https:\/\/cuernavaca.gob.mx\/?attachment_id=40809'><img width=\"150\" height=\"150\" src=\"https:\/\/cuernavaca.gob.mx\/wp-content\/uploads\/2024\/05\/PARA-MEJORAR-EL-SUMINISTRO-DE-AGUA-POTABLE-INICIA-LA-REHABILITACIO\u0301N-DE-LA-LI\u0301NEA-DE-AGUA-POTABLE-EN-LA-COLONIA-AMPLIACIO\u0301N-SATE\u0301LITE-1-150x150.jpg\" class=\"attachment-thumbnail size-thumbnail\" alt=\"\" loading=\"lazy\" \/><\/a>\n\t\t\t<\/dt><\/dl><dl class='gallery-item'>\n\t\t\t<dt class='gallery-icon landscape'>\n\t\t\t\t<a href='https:\/\/cuernavaca.gob.mx\/?attachment_id=40810'><img width=\"150\" height=\"150\" src=\"https:\/\/cuernavaca.gob.mx\/wp-content\/uploads\/2024\/05\/PARA-MEJORAR-EL-SUMINISTRO-DE-AGUA-POTABLE-INICIA-LA-REHABILITACIO\u0301N-DE-LA-LI\u0301NEA-DE-AGUA-POTABLE-EN-LA-COLONIA-AMPLIACIO\u0301N-SATE\u0301LITE-2-150x150.jpg\" class=\"attachment-thumbnail size-thumbnail\" alt=\"\" loading=\"lazy\" \/><\/a>\n\t\t\t<\/dt><\/dl><dl class='gallery-item'>\n\t\t\t<dt class='gallery-icon landscape'>\n\t\t\t\t<a href='https:\/\/cuernavaca.gob.mx\/?attachment_id=40811'><img width=\"150\" height=\"150\" src=\"https:\/\/cuernavaca.gob.mx\/wp-content\/uploads\/2024\/05\/PARA-MEJORAR-EL-SUMINISTRO-DE-AGUA-POTABLE-INICIA-LA-REHABILITACIO\u0301N-DE-LA-LI\u0301NEA-DE-AGUA-POTABLE-EN-LA-COLONIA-AMPLIACIO\u0301N-SATE\u0301LITE-3-150x150.jpg\" class=\"attachment-thumbnail size-thumbnail\" alt=\"\" loading=\"lazy\" \/><\/a>\n\t\t\t<\/dt><\/dl><br style=\"clear: both\" \/><dl class='gallery-item'>\n\t\t\t<dt class='gallery-icon landscape'>\n\t\t\t\t<a href='https:\/\/cuernavaca.gob.mx\/?attachment_id=40812'><img width=\"150\" height=\"150\" src=\"https:\/\/cuernavaca.gob.mx\/wp-content\/uploads\/2024\/05\/PARA-MEJORAR-EL-SUMINISTRO-DE-AGUA-POTABLE-INICIA-LA-REHABILITACIO\u0301N-DE-LA-LI\u0301NEA-DE-AGUA-POTABLE-EN-LA-COLONIA-AMPLIACIO\u0301N-SATE\u0301LITE-4-150x150.jpg\" class=\"attachment-thumbnail size-thumbnail\" alt=\"\" loading=\"lazy\" \/><\/a>\n\t\t\t<\/dt><\/dl>\n\t\t\t<br style='clear: both' \/>\n\t\t<\/div>\n\n<p>&nbsp;<\/p>\n","protected":false},"excerpt":{"rendered":"<p>Durante un tiempo estimado de 30 d\u00edas naturales, el Ayuntamiento de Cuernavaca, a trav\u00e9s de la Secretar\u00eda de Desarrollo Urbano y Obras P\u00fablicas, estar\u00e1 realizando la rehabilitaci\u00f3n de la l\u00ednea de agua potable de 2.5 pulgadas de la calle Amapola en la colonia Ampliaci\u00f3n Sat\u00e9lite que garantizar\u00e1 un mejor servicio del vital l\u00edquido en los [&hellip;]<\/p>\n","protected":false},"author":1,"featured_media":40809,"comment_status":"closed","ping_status":"open","sticky":false,"template":"","format":"standard","meta":[],"categories":[18],"tags":[395,615,916,121,120,206,1075,213,127],"aioseo_notices":[],"_links":{"self":[{"href":"https:\/\/cuernavaca.gob.mx\/index.php?rest_route=\/wp\/v2\/posts\/40808"}],"collection":[{"href":"https:\/\/cuernavaca.gob.mx\/index.php?rest_route=\/wp\/v2\/posts"}],"about":[{"href":"https:\/\/cuernavaca.gob.mx\/index.php?rest_route=\/wp\/v2\/types\/post"}],"author":[{"embeddable":true,"href":"https:\/\/cuernavaca.gob.mx\/index.php?rest_route=\/wp\/v2\/users\/1"}],"replies":[{"embeddable":true,"href":"https:\/\/cuernavaca.gob.mx\/index.php?rest_route=%2Fwp%2Fv2%2Fcomments&post=40808"}],"version-history":[{"count":1,"href":"https:\/\/cuernavaca.gob.mx\/index.php?rest_route=\/wp\/v2\/posts\/40808\/revisions"}],"predecessor-version":[{"id":40813,"href":"https:\/\/cuernavaca.gob.mx\/index.php?rest_route=\/wp\/v2\/posts\/40808\/revisions\/40813"}],"wp:featuredmedia":[{"embeddable":true,"href":"https:\/\/cuernavaca.gob.mx\/index.php?rest_route=\/wp\/v2\/media\/40809"}],"wp:attachment":[{"href":"https:\/\/cuernavaca.gob.mx\/index.php?rest_route=%2Fwp%2Fv2%2Fmedia&parent=40808"}],"wp:term":[{"taxonomy":"category","embeddable":true,"href":"https:\/\/cuernavaca.gob.mx\/index.php?rest_route=%2Fwp%2Fv2%2Fcategories&post=40808"},{"taxonomy":"post_tag","embeddable":true,"href":"https:\/\/cuernavaca.gob.mx\/index.php?rest_route=%2Fwp%2Fv2%2Ftags&post=40808"}],"curies":[{"name":"wp","href":"https:\/\/api.w.org\/{rel}","templated":true}]}}