{"id":40892,"date":"2024-05-25T14:00:24","date_gmt":"2024-05-25T20:00:24","guid":{"rendered":"https:\/\/cuernavaca.gob.mx\/?p=40892"},"modified":"2024-05-27T08:40:22","modified_gmt":"2024-05-27T14:40:22","slug":"b1755-25-05-24","status":"publish","type":"post","link":"https:\/\/cuernavaca.gob.mx\/?p=40892","title":{"rendered":"B1755 25\/05\/24 DA CUMPLIMIENTO LA POLICIA DE CUERNAVACA A DETENCIONES DE PRESUNTOS RESPONSABLES DE DELITOS Y FALTAS DIVERSAS"},"content":{"rendered":"<p><strong>\u2022 En una semana pasada se puso a disposici\u00f3n a 67 personas, algunas con antecedentes por distintos delitos que se presume da\u00f1an la seguridad de la poblaci\u00f3n<\/strong><\/p>\n<p><strong>La Secretar\u00eda de Protecci\u00f3n y Auxilio Ciudadano (SEPRAC) de Cuernavaca inform\u00f3 que del 13 al 19 de mayo del presente a\u00f1o se detuvieron a 67 personas, de las cuales nueve fueron puestas a disposici\u00f3n del Ministerio P\u00fablico y 58 al Juez C\u00edvico.<\/strong><\/p>\n<p>Entre las acciones relevantes de esta semana se ubican la detenci\u00f3n el 07 de mayo en la colonia Centro de Sergio Iv\u00e1n \u201cN\u201d, por su probable participaci\u00f3n en el delito de lesiones en agravio de una persona del sexo femenino, su pareja sentimental, quien fue puesto a disposici\u00f3n del Ministerio P\u00fablico. Se le asegur\u00f3 una motocicleta marca Italika, tipo 200Z, color negro con naranja, serie 3SCK5ELC4P1011087.<\/p>\n<p>El 15 de mayo en la colonia Teopanzolco se detuvo y puso a disposici\u00f3n del Ministerio P\u00fablico a Abimael \u201cN\u201d por poseer un veh\u00edculo marca Mini Cooper, submarca Countryman, color blanco, a\u00f1o 2018, serie WMWYS9101J3D86430, con alteraciones en sus medios identificativos. En tanto el 16 de mayo en la colonia Santa Mar\u00eda Ahuacatitl\u00e1n se detuvo y puso a disposici\u00f3n del Ministerio P\u00fablico a Carlos Omar \u201cN\u201d y Jos\u00e9 \u00c1ngel \u201cN\u201d por su probable participaci\u00f3n en el delito de robo, a quienes les aseguraron un veh\u00edculo marca Ford pick up color rojo, con placas de circulaci\u00f3n HB8059B del estado de Guerrero.<\/p>\n<p>De igual forma, el 16 de mayo en la colonia Chulavista se detuvo y se puso a disposici\u00f3n del Ministerio P\u00fablico a Carlo Sebasti\u00e1n \u201cN\u201d por su probable participaci\u00f3n en el delito de robo derivado de denuncias hechas a trav\u00e9s de redes sociales donde se difundi\u00f3 la fotograf\u00eda de un veh\u00edculo que al parecer estuvo involucrado en un robo a casa habitaci\u00f3n en la colonia Lomas de San Ant\u00f3n. Se le asegur\u00f3 un veh\u00edculo marca Chrysler, submarca Town &amp; Country color arena.<\/p>\n<p>Tambi\u00e9n el 16 de mayo, pero en la colonia Plan de Ayala se detuvo y puso a disposici\u00f3n del Ministerio P\u00fablico a Omar \u201cN\u201d por poseer dos cargadores de arma de fuego larga. Se le aseguraron dos cargadores abastecidos con cartuchos calibre 223, as\u00ed como un veh\u00edculo marca Chevrolet, submarca Equinox, color blanco, placas de circulaci\u00f3n MDW67A del Estado de M\u00e9xico. Estas dos \u00faltimas detenciones fueron informadas la semana pasada a la ciudadan\u00eda.<\/p>\n<p>El 17 de mayo en el poblado de Tetela del Monte se detuvo y puso a disposici\u00f3n del Ministerio P\u00fablico a Xavier Adri\u00e1n \u201cN\u201d por su probable participaci\u00f3n en el delito de abuso de confianza en agravio de la cadena comercial \u201cOxxo\u201d y el 19 de mayo en la colonia Sat\u00e9lite se detuvo y puso a disposici\u00f3n del Ministerio P\u00fablico a Mois\u00e9s Aar\u00f3n y\/o Job Jes\u00fas \u201cN\u201d por su probable participaci\u00f3n en el delito de robo.<\/p>\n<p>La persona detenida ha sido puesta a disposici\u00f3n del Ministerio P\u00fablico en dos ocasiones, por delitos contra la salud asentado en la carpeta FDCLS01\/184\/2018 y por robo a negocio establecido en el expediente SC01\/5326\/2018, as\u00ed como al Juez C\u00edvico en tres ocasiones por alterar el orden.<\/p>\n<p>Finalmente, el 19 de mayo en la colonia La Pradera se detuvo y se puso a disposici\u00f3n del Ministerio P\u00fablico a Jes\u00fas \u201cN\u201d por su probable participaci\u00f3n en el delito de robo de veh\u00edculo, asegur\u00e1ndole un veh\u00edculo marca Chevrolet, submarca Chevy Monza, color vino, a\u00f1o 2005, serie 3G1SE51X85S171232 y placas de circulaci\u00f3n MTM614A.<\/p>\n<p>*Esta publicaci\u00f3n es de car\u00e1cter informativo, de inter\u00e9s p\u00fablico y ajena a cualquier partido pol\u00edtico.<\/p>\n\n\t\t<style type=\"text\/css\">\n\t\t\t#gallery-1 {\n\t\t\t\tmargin: auto;\n\t\t\t}\n\t\t\t#gallery-1 .gallery-item {\n\t\t\t\tfloat: left;\n\t\t\t\tmargin-top: 10px;\n\t\t\t\ttext-align: center;\n\t\t\t\twidth: 33%;\n\t\t\t}\n\t\t\t#gallery-1 img {\n\t\t\t\tborder: 2px solid #cfcfcf;\n\t\t\t}\n\t\t\t#gallery-1 .gallery-caption {\n\t\t\t\tmargin-left: 0;\n\t\t\t}\n\t\t\t\/* see gallery_shortcode() in wp-includes\/media.php *\/\n\t\t<\/style>\n\t\t<div id='gallery-1' class='gallery galleryid-40892 gallery-columns-3 gallery-size-thumbnail'><dl class='gallery-item'>\n\t\t\t<dt class='gallery-icon landscape'>\n\t\t\t\t<a href='https:\/\/cuernavaca.gob.mx\/?attachment_id=40893'><img width=\"150\" height=\"150\" src=\"https:\/\/cuernavaca.gob.mx\/wp-content\/uploads\/2024\/05\/DA-CUMPLIMIENTO-LA-POLICIA-DE-CUERNAVACA-A-DETENCIONES-DE-PRESUNTOS-RESPONSABLES-DE-DELITOS-Y-FALTAS-DIVERSAS-1-150x150.jpg\" class=\"attachment-thumbnail size-thumbnail\" alt=\"\" loading=\"lazy\" srcset=\"https:\/\/cuernavaca.gob.mx\/wp-content\/uploads\/2024\/05\/DA-CUMPLIMIENTO-LA-POLICIA-DE-CUERNAVACA-A-DETENCIONES-DE-PRESUNTOS-RESPONSABLES-DE-DELITOS-Y-FALTAS-DIVERSAS-1-150x150.jpg 150w, https:\/\/cuernavaca.gob.mx\/wp-content\/uploads\/2024\/05\/DA-CUMPLIMIENTO-LA-POLICIA-DE-CUERNAVACA-A-DETENCIONES-DE-PRESUNTOS-RESPONSABLES-DE-DELITOS-Y-FALTAS-DIVERSAS-1-300x300.jpg 300w, https:\/\/cuernavaca.gob.mx\/wp-content\/uploads\/2024\/05\/DA-CUMPLIMIENTO-LA-POLICIA-DE-CUERNAVACA-A-DETENCIONES-DE-PRESUNTOS-RESPONSABLES-DE-DELITOS-Y-FALTAS-DIVERSAS-1-1024x1024.jpg 1024w, https:\/\/cuernavaca.gob.mx\/wp-content\/uploads\/2024\/05\/DA-CUMPLIMIENTO-LA-POLICIA-DE-CUERNAVACA-A-DETENCIONES-DE-PRESUNTOS-RESPONSABLES-DE-DELITOS-Y-FALTAS-DIVERSAS-1-768x768.jpg 768w, https:\/\/cuernavaca.gob.mx\/wp-content\/uploads\/2024\/05\/DA-CUMPLIMIENTO-LA-POLICIA-DE-CUERNAVACA-A-DETENCIONES-DE-PRESUNTOS-RESPONSABLES-DE-DELITOS-Y-FALTAS-DIVERSAS-1-600x600.jpg 600w, https:\/\/cuernavaca.gob.mx\/wp-content\/uploads\/2024\/05\/DA-CUMPLIMIENTO-LA-POLICIA-DE-CUERNAVACA-A-DETENCIONES-DE-PRESUNTOS-RESPONSABLES-DE-DELITOS-Y-FALTAS-DIVERSAS-1-560x560.jpg 560w, https:\/\/cuernavaca.gob.mx\/wp-content\/uploads\/2024\/05\/DA-CUMPLIMIENTO-LA-POLICIA-DE-CUERNAVACA-A-DETENCIONES-DE-PRESUNTOS-RESPONSABLES-DE-DELITOS-Y-FALTAS-DIVERSAS-1.jpg 1080w\" sizes=\"(max-width: 150px) 100vw, 150px\" \/><\/a>\n\t\t\t<\/dt><\/dl><dl class='gallery-item'>\n\t\t\t<dt class='gallery-icon landscape'>\n\t\t\t\t<a href='https:\/\/cuernavaca.gob.mx\/?attachment_id=40894'><img width=\"150\" height=\"150\" src=\"https:\/\/cuernavaca.gob.mx\/wp-content\/uploads\/2024\/05\/DA-CUMPLIMIENTO-LA-POLICIA-DE-CUERNAVACA-A-DETENCIONES-DE-PRESUNTOS-RESPONSABLES-DE-DELITOS-Y-FALTAS-DIVERSAS-2-150x150.jpg\" class=\"attachment-thumbnail size-thumbnail\" alt=\"\" loading=\"lazy\" \/><\/a>\n\t\t\t<\/dt><\/dl><dl class='gallery-item'>\n\t\t\t<dt class='gallery-icon landscape'>\n\t\t\t\t<a href='https:\/\/cuernavaca.gob.mx\/?attachment_id=40895'><img width=\"150\" height=\"150\" src=\"https:\/\/cuernavaca.gob.mx\/wp-content\/uploads\/2024\/05\/DA-CUMPLIMIENTO-LA-POLICIA-DE-CUERNAVACA-A-DETENCIONES-DE-PRESUNTOS-RESPONSABLES-DE-DELITOS-Y-FALTAS-DIVERSAS-3-150x150.jpg\" class=\"attachment-thumbnail size-thumbnail\" alt=\"\" loading=\"lazy\" \/><\/a>\n\t\t\t<\/dt><\/dl><br style=\"clear: both\" \/><dl class='gallery-item'>\n\t\t\t<dt class='gallery-icon landscape'>\n\t\t\t\t<a href='https:\/\/cuernavaca.gob.mx\/?attachment_id=40896'><img width=\"150\" height=\"150\" src=\"https:\/\/cuernavaca.gob.mx\/wp-content\/uploads\/2024\/05\/DA-CUMPLIMIENTO-LA-POLICIA-DE-CUERNAVACA-A-DETENCIONES-DE-PRESUNTOS-RESPONSABLES-DE-DELITOS-Y-FALTAS-DIVERSAS-4-150x150.jpg\" class=\"attachment-thumbnail size-thumbnail\" alt=\"\" loading=\"lazy\" \/><\/a>\n\t\t\t<\/dt><\/dl><dl class='gallery-item'>\n\t\t\t<dt class='gallery-icon landscape'>\n\t\t\t\t<a href='https:\/\/cuernavaca.gob.mx\/?attachment_id=40897'><img width=\"150\" height=\"150\" src=\"https:\/\/cuernavaca.gob.mx\/wp-content\/uploads\/2024\/05\/DA-CUMPLIMIENTO-LA-POLICIA-DE-CUERNAVACA-A-DETENCIONES-DE-PRESUNTOS-RESPONSABLES-DE-DELITOS-Y-FALTAS-DIVERSAS-5-150x150.jpg\" class=\"attachment-thumbnail size-thumbnail\" alt=\"\" loading=\"lazy\" srcset=\"https:\/\/cuernavaca.gob.mx\/wp-content\/uploads\/2024\/05\/DA-CUMPLIMIENTO-LA-POLICIA-DE-CUERNAVACA-A-DETENCIONES-DE-PRESUNTOS-RESPONSABLES-DE-DELITOS-Y-FALTAS-DIVERSAS-5-150x150.jpg 150w, https:\/\/cuernavaca.gob.mx\/wp-content\/uploads\/2024\/05\/DA-CUMPLIMIENTO-LA-POLICIA-DE-CUERNAVACA-A-DETENCIONES-DE-PRESUNTOS-RESPONSABLES-DE-DELITOS-Y-FALTAS-DIVERSAS-5-300x300.jpg 300w, https:\/\/cuernavaca.gob.mx\/wp-content\/uploads\/2024\/05\/DA-CUMPLIMIENTO-LA-POLICIA-DE-CUERNAVACA-A-DETENCIONES-DE-PRESUNTOS-RESPONSABLES-DE-DELITOS-Y-FALTAS-DIVERSAS-5-1024x1024.jpg 1024w, https:\/\/cuernavaca.gob.mx\/wp-content\/uploads\/2024\/05\/DA-CUMPLIMIENTO-LA-POLICIA-DE-CUERNAVACA-A-DETENCIONES-DE-PRESUNTOS-RESPONSABLES-DE-DELITOS-Y-FALTAS-DIVERSAS-5-768x768.jpg 768w, https:\/\/cuernavaca.gob.mx\/wp-content\/uploads\/2024\/05\/DA-CUMPLIMIENTO-LA-POLICIA-DE-CUERNAVACA-A-DETENCIONES-DE-PRESUNTOS-RESPONSABLES-DE-DELITOS-Y-FALTAS-DIVERSAS-5-600x600.jpg 600w, https:\/\/cuernavaca.gob.mx\/wp-content\/uploads\/2024\/05\/DA-CUMPLIMIENTO-LA-POLICIA-DE-CUERNAVACA-A-DETENCIONES-DE-PRESUNTOS-RESPONSABLES-DE-DELITOS-Y-FALTAS-DIVERSAS-5-560x560.jpg 560w, https:\/\/cuernavaca.gob.mx\/wp-content\/uploads\/2024\/05\/DA-CUMPLIMIENTO-LA-POLICIA-DE-CUERNAVACA-A-DETENCIONES-DE-PRESUNTOS-RESPONSABLES-DE-DELITOS-Y-FALTAS-DIVERSAS-5.jpg 1080w\" sizes=\"(max-width: 150px) 100vw, 150px\" \/><\/a>\n\t\t\t<\/dt><\/dl><dl class='gallery-item'>\n\t\t\t<dt class='gallery-icon landscape'>\n\t\t\t\t<a href='https:\/\/cuernavaca.gob.mx\/?attachment_id=40898'><img width=\"150\" height=\"150\" src=\"https:\/\/cuernavaca.gob.mx\/wp-content\/uploads\/2024\/05\/DA-CUMPLIMIENTO-LA-POLICIA-DE-CUERNAVACA-A-DETENCIONES-DE-PRESUNTOS-RESPONSABLES-DE-DELITOS-Y-FALTAS-DIVERSAS-6-150x150.jpg\" class=\"attachment-thumbnail size-thumbnail\" alt=\"\" loading=\"lazy\" srcset=\"https:\/\/cuernavaca.gob.mx\/wp-content\/uploads\/2024\/05\/DA-CUMPLIMIENTO-LA-POLICIA-DE-CUERNAVACA-A-DETENCIONES-DE-PRESUNTOS-RESPONSABLES-DE-DELITOS-Y-FALTAS-DIVERSAS-6-150x150.jpg 150w, https:\/\/cuernavaca.gob.mx\/wp-content\/uploads\/2024\/05\/DA-CUMPLIMIENTO-LA-POLICIA-DE-CUERNAVACA-A-DETENCIONES-DE-PRESUNTOS-RESPONSABLES-DE-DELITOS-Y-FALTAS-DIVERSAS-6-300x300.jpg 300w, https:\/\/cuernavaca.gob.mx\/wp-content\/uploads\/2024\/05\/DA-CUMPLIMIENTO-LA-POLICIA-DE-CUERNAVACA-A-DETENCIONES-DE-PRESUNTOS-RESPONSABLES-DE-DELITOS-Y-FALTAS-DIVERSAS-6-1024x1024.jpg 1024w, https:\/\/cuernavaca.gob.mx\/wp-content\/uploads\/2024\/05\/DA-CUMPLIMIENTO-LA-POLICIA-DE-CUERNAVACA-A-DETENCIONES-DE-PRESUNTOS-RESPONSABLES-DE-DELITOS-Y-FALTAS-DIVERSAS-6-768x768.jpg 768w, https:\/\/cuernavaca.gob.mx\/wp-content\/uploads\/2024\/05\/DA-CUMPLIMIENTO-LA-POLICIA-DE-CUERNAVACA-A-DETENCIONES-DE-PRESUNTOS-RESPONSABLES-DE-DELITOS-Y-FALTAS-DIVERSAS-6-600x600.jpg 600w, https:\/\/cuernavaca.gob.mx\/wp-content\/uploads\/2024\/05\/DA-CUMPLIMIENTO-LA-POLICIA-DE-CUERNAVACA-A-DETENCIONES-DE-PRESUNTOS-RESPONSABLES-DE-DELITOS-Y-FALTAS-DIVERSAS-6-560x560.jpg 560w, https:\/\/cuernavaca.gob.mx\/wp-content\/uploads\/2024\/05\/DA-CUMPLIMIENTO-LA-POLICIA-DE-CUERNAVACA-A-DETENCIONES-DE-PRESUNTOS-RESPONSABLES-DE-DELITOS-Y-FALTAS-DIVERSAS-6.jpg 1080w\" sizes=\"(max-width: 150px) 100vw, 150px\" \/><\/a>\n\t\t\t<\/dt><\/dl><br style=\"clear: both\" \/><dl class='gallery-item'>\n\t\t\t<dt class='gallery-icon landscape'>\n\t\t\t\t<a href='https:\/\/cuernavaca.gob.mx\/?attachment_id=40899'><img width=\"150\" height=\"150\" src=\"https:\/\/cuernavaca.gob.mx\/wp-content\/uploads\/2024\/05\/DA-CUMPLIMIENTO-LA-POLICIA-DE-CUERNAVACA-A-DETENCIONES-DE-PRESUNTOS-RESPONSABLES-DE-DELITOS-Y-FALTAS-DIVERSAS-7-150x150.jpg\" class=\"attachment-thumbnail size-thumbnail\" alt=\"\" loading=\"lazy\" srcset=\"https:\/\/cuernavaca.gob.mx\/wp-content\/uploads\/2024\/05\/DA-CUMPLIMIENTO-LA-POLICIA-DE-CUERNAVACA-A-DETENCIONES-DE-PRESUNTOS-RESPONSABLES-DE-DELITOS-Y-FALTAS-DIVERSAS-7-150x150.jpg 150w, https:\/\/cuernavaca.gob.mx\/wp-content\/uploads\/2024\/05\/DA-CUMPLIMIENTO-LA-POLICIA-DE-CUERNAVACA-A-DETENCIONES-DE-PRESUNTOS-RESPONSABLES-DE-DELITOS-Y-FALTAS-DIVERSAS-7-300x300.jpg 300w, https:\/\/cuernavaca.gob.mx\/wp-content\/uploads\/2024\/05\/DA-CUMPLIMIENTO-LA-POLICIA-DE-CUERNAVACA-A-DETENCIONES-DE-PRESUNTOS-RESPONSABLES-DE-DELITOS-Y-FALTAS-DIVERSAS-7-1024x1024.jpg 1024w, https:\/\/cuernavaca.gob.mx\/wp-content\/uploads\/2024\/05\/DA-CUMPLIMIENTO-LA-POLICIA-DE-CUERNAVACA-A-DETENCIONES-DE-PRESUNTOS-RESPONSABLES-DE-DELITOS-Y-FALTAS-DIVERSAS-7-768x768.jpg 768w, https:\/\/cuernavaca.gob.mx\/wp-content\/uploads\/2024\/05\/DA-CUMPLIMIENTO-LA-POLICIA-DE-CUERNAVACA-A-DETENCIONES-DE-PRESUNTOS-RESPONSABLES-DE-DELITOS-Y-FALTAS-DIVERSAS-7-600x600.jpg 600w, https:\/\/cuernavaca.gob.mx\/wp-content\/uploads\/2024\/05\/DA-CUMPLIMIENTO-LA-POLICIA-DE-CUERNAVACA-A-DETENCIONES-DE-PRESUNTOS-RESPONSABLES-DE-DELITOS-Y-FALTAS-DIVERSAS-7-560x560.jpg 560w, https:\/\/cuernavaca.gob.mx\/wp-content\/uploads\/2024\/05\/DA-CUMPLIMIENTO-LA-POLICIA-DE-CUERNAVACA-A-DETENCIONES-DE-PRESUNTOS-RESPONSABLES-DE-DELITOS-Y-FALTAS-DIVERSAS-7.jpg 1080w\" sizes=\"(max-width: 150px) 100vw, 150px\" \/><\/a>\n\t\t\t<\/dt><\/dl><dl class='gallery-item'>\n\t\t\t<dt class='gallery-icon landscape'>\n\t\t\t\t<a href='https:\/\/cuernavaca.gob.mx\/?attachment_id=40900'><img width=\"150\" height=\"150\" src=\"https:\/\/cuernavaca.gob.mx\/wp-content\/uploads\/2024\/05\/DA-CUMPLIMIENTO-LA-POLICIA-DE-CUERNAVACA-A-DETENCIONES-DE-PRESUNTOS-RESPONSABLES-DE-DELITOS-Y-FALTAS-DIVERSAS-8-150x150.jpg\" class=\"attachment-thumbnail size-thumbnail\" alt=\"\" loading=\"lazy\" \/><\/a>\n\t\t\t<\/dt><\/dl>\n\t\t\t<br style='clear: both' \/>\n\t\t<\/div>\n\n","protected":false},"excerpt":{"rendered":"<p>\u2022 En una semana pasada se puso a disposici\u00f3n a 67 personas, algunas con antecedentes por distintos delitos que se presume da\u00f1an la seguridad de la poblaci\u00f3n La Secretar\u00eda de Protecci\u00f3n y Auxilio Ciudadano (SEPRAC) de Cuernavaca inform\u00f3 que del 13 al 19 de mayo del presente a\u00f1o se detuvieron a 67 personas, de las [&hellip;]<\/p>\n","protected":false},"author":1,"featured_media":40896,"comment_status":"closed","ping_status":"open","sticky":false,"template":"","format":"standard","meta":[],"categories":[17],"tags":[368,2582,121,120,206,3235,127,125],"aioseo_notices":[],"_links":{"self":[{"href":"https:\/\/cuernavaca.gob.mx\/index.php?rest_route=\/wp\/v2\/posts\/40892"}],"collection":[{"href":"https:\/\/cuernavaca.gob.mx\/index.php?rest_route=\/wp\/v2\/posts"}],"about":[{"href":"https:\/\/cuernavaca.gob.mx\/index.php?rest_route=\/wp\/v2\/types\/post"}],"author":[{"embeddable":true,"href":"https:\/\/cuernavaca.gob.mx\/index.php?rest_route=\/wp\/v2\/users\/1"}],"replies":[{"embeddable":true,"href":"https:\/\/cuernavaca.gob.mx\/index.php?rest_route=%2Fwp%2Fv2%2Fcomments&post=40892"}],"version-history":[{"count":2,"href":"https:\/\/cuernavaca.gob.mx\/index.php?rest_route=\/wp\/v2\/posts\/40892\/revisions"}],"predecessor-version":[{"id":40902,"href":"https:\/\/cuernavaca.gob.mx\/index.php?rest_route=\/wp\/v2\/posts\/40892\/revisions\/40902"}],"wp:featuredmedia":[{"embeddable":true,"href":"https:\/\/cuernavaca.gob.mx\/index.php?rest_route=\/wp\/v2\/media\/40896"}],"wp:attachment":[{"href":"https:\/\/cuernavaca.gob.mx\/index.php?rest_route=%2Fwp%2Fv2%2Fmedia&parent=40892"}],"wp:term":[{"taxonomy":"category","embeddable":true,"href":"https:\/\/cuernavaca.gob.mx\/index.php?rest_route=%2Fwp%2Fv2%2Fcategories&post=40892"},{"taxonomy":"post_tag","embeddable":true,"href":"https:\/\/cuernavaca.gob.mx\/index.php?rest_route=%2Fwp%2Fv2%2Ftags&post=40892"}],"curies":[{"name":"wp","href":"https:\/\/api.w.org\/{rel}","templated":true}]}}