{"id":40903,"date":"2024-05-25T14:15:43","date_gmt":"2024-05-25T20:15:43","guid":{"rendered":"https:\/\/cuernavaca.gob.mx\/?p=40903"},"modified":"2024-05-27T08:53:50","modified_gmt":"2024-05-27T14:53:50","slug":"f796-25-05-24-inicia-ayuntamiento-segunda-etapa-de-la-rehabilitacion-de-linea-de-agua-potable-de-la-calle-gustavo-petriccioli-en-lomas-de-ahuatlan","status":"publish","type":"post","link":"https:\/\/cuernavaca.gob.mx\/?p=40903","title":{"rendered":"F796 25\/05\/24 INICIA AYUNTAMIENTO SEGUNDA ETAPA DE LA REHABILITACI\u00d3N DE L\u00cdNEA DE AGUA POTABLE DE LA CALLE GUSTAVO PETRICCIOLI EN LOMAS DE AHUATL\u00c1N"},"content":{"rendered":"<p>En presencia de vecinos y comerciantes de la zona, el Ayuntamiento de Cuernavaca, a trav\u00e9s de la Secretar\u00eda de Desarrollo Urbano y Obras P\u00fablicas, dio inicio a las labores de rehabilitaci\u00f3n de la nueva l\u00ednea de agua potable de ocho pulgadas en calle Gustavo Petriccioli de la colonia Lomas de Ahuatl\u00e1n que forma parte de la segunda etapa de intervenci\u00f3n en esta arteria.<\/p>\n<p>Al dar la explicaci\u00f3n t\u00e9cnica de los trabajos, el secretario de Desarrollo Urbano y Obras P\u00fablicas del Ayuntamiento de Cuernavaca, Demetrio Chavira de la Torre, inform\u00f3 que en un tiempo estimado de 45 d\u00edas naturales se tendr\u00e1n como metas la colocaci\u00f3n de un tubo PEAD liso hidr\u00e1ulico RD- 11 de 10 pulgadas de di\u00e1metro en 414 metros lineales, la construcci\u00f3n del pavimento de 15 cent\u00edmetros de espesor de concreto premezclado con una resistencia de 250 kg\/cm2 en 331.20 metros cuadrados y la reposici\u00f3n de 30 tomas domiciliarias de 1\/2 pulgada.<\/p>\n<p>Con una inversi\u00f3n de dos millones 799 mil 700.75 pesos proveniente de recursos propios municipales se garantizar\u00e1 un mejor servicio de agua potable en la colonia Lomas de Ahuatl\u00e1n, eliminado la presencia de fugas de agua potable que a su vez afectan tambi\u00e9n el pavimento.<\/p>\n<p>&nbsp;<\/p>\n<p>*Esta publicaci\u00f3n es de car\u00e1cter informativo, de inter\u00e9s p\u00fablico y ajena a cualquier partido pol\u00edtico.<\/p>\n<p>&nbsp;<\/p>\n\n\t\t<style type=\"text\/css\">\n\t\t\t#gallery-1 {\n\t\t\t\tmargin: auto;\n\t\t\t}\n\t\t\t#gallery-1 .gallery-item {\n\t\t\t\tfloat: left;\n\t\t\t\tmargin-top: 10px;\n\t\t\t\ttext-align: center;\n\t\t\t\twidth: 33%;\n\t\t\t}\n\t\t\t#gallery-1 img {\n\t\t\t\tborder: 2px solid #cfcfcf;\n\t\t\t}\n\t\t\t#gallery-1 .gallery-caption {\n\t\t\t\tmargin-left: 0;\n\t\t\t}\n\t\t\t\/* see gallery_shortcode() in wp-includes\/media.php *\/\n\t\t<\/style>\n\t\t<div id='gallery-1' class='gallery galleryid-40903 gallery-columns-3 gallery-size-thumbnail'><dl class='gallery-item'>\n\t\t\t<dt class='gallery-icon landscape'>\n\t\t\t\t<a href='https:\/\/cuernavaca.gob.mx\/?attachment_id=40904'><img width=\"150\" height=\"150\" src=\"https:\/\/cuernavaca.gob.mx\/wp-content\/uploads\/2024\/05\/INICIA-AYUNTAMIENTO-SEGUNDA-ETAPA-DE-LA-REHABILITACIO\u0301N-DE-LI\u0301NEA-DE-AGUA-POTABLE-DE-LA-CALLE-GUSTAVO-PETRICCIOLI-EN-LOMAS-DE-AHUATLA\u0301N-1-150x150.jpg\" class=\"attachment-thumbnail size-thumbnail\" alt=\"\" loading=\"lazy\" \/><\/a>\n\t\t\t<\/dt><\/dl><dl class='gallery-item'>\n\t\t\t<dt class='gallery-icon landscape'>\n\t\t\t\t<a href='https:\/\/cuernavaca.gob.mx\/?attachment_id=40905'><img width=\"150\" height=\"150\" src=\"https:\/\/cuernavaca.gob.mx\/wp-content\/uploads\/2024\/05\/INICIA-AYUNTAMIENTO-SEGUNDA-ETAPA-DE-LA-REHABILITACIO\u0301N-DE-LI\u0301NEA-DE-AGUA-POTABLE-DE-LA-CALLE-GUSTAVO-PETRICCIOLI-EN-LOMAS-DE-AHUATLA\u0301N-2-150x150.jpg\" class=\"attachment-thumbnail size-thumbnail\" alt=\"\" loading=\"lazy\" \/><\/a>\n\t\t\t<\/dt><\/dl><dl class='gallery-item'>\n\t\t\t<dt class='gallery-icon landscape'>\n\t\t\t\t<a href='https:\/\/cuernavaca.gob.mx\/?attachment_id=40906'><img width=\"150\" height=\"150\" src=\"https:\/\/cuernavaca.gob.mx\/wp-content\/uploads\/2024\/05\/INICIA-AYUNTAMIENTO-SEGUNDA-ETAPA-DE-LA-REHABILITACIO\u0301N-DE-LI\u0301NEA-DE-AGUA-POTABLE-DE-LA-CALLE-GUSTAVO-PETRICCIOLI-EN-LOMAS-DE-AHUATLA\u0301N-3-150x150.jpg\" class=\"attachment-thumbnail size-thumbnail\" alt=\"\" loading=\"lazy\" \/><\/a>\n\t\t\t<\/dt><\/dl><br style=\"clear: both\" \/><dl class='gallery-item'>\n\t\t\t<dt class='gallery-icon landscape'>\n\t\t\t\t<a href='https:\/\/cuernavaca.gob.mx\/?attachment_id=40907'><img width=\"150\" height=\"150\" src=\"https:\/\/cuernavaca.gob.mx\/wp-content\/uploads\/2024\/05\/INICIA-AYUNTAMIENTO-SEGUNDA-ETAPA-DE-LA-REHABILITACIO\u0301N-DE-LI\u0301NEA-DE-AGUA-POTABLE-DE-LA-CALLE-GUSTAVO-PETRICCIOLI-EN-LOMAS-DE-AHUATLA\u0301N-4-150x150.jpg\" class=\"attachment-thumbnail size-thumbnail\" alt=\"\" loading=\"lazy\" \/><\/a>\n\t\t\t<\/dt><\/dl><dl class='gallery-item'>\n\t\t\t<dt class='gallery-icon landscape'>\n\t\t\t\t<a href='https:\/\/cuernavaca.gob.mx\/?attachment_id=40908'><img width=\"150\" height=\"150\" src=\"https:\/\/cuernavaca.gob.mx\/wp-content\/uploads\/2024\/05\/INICIA-AYUNTAMIENTO-SEGUNDA-ETAPA-DE-LA-REHABILITACIO\u0301N-DE-LI\u0301NEA-DE-AGUA-POTABLE-DE-LA-CALLE-GUSTAVO-PETRICCIOLI-EN-LOMAS-DE-AHUATLA\u0301N-5-150x150.jpg\" class=\"attachment-thumbnail size-thumbnail\" alt=\"\" loading=\"lazy\" \/><\/a>\n\t\t\t<\/dt><\/dl><dl class='gallery-item'>\n\t\t\t<dt class='gallery-icon landscape'>\n\t\t\t\t<a href='https:\/\/cuernavaca.gob.mx\/?attachment_id=40909'><img width=\"150\" height=\"150\" src=\"https:\/\/cuernavaca.gob.mx\/wp-content\/uploads\/2024\/05\/INICIA-AYUNTAMIENTO-SEGUNDA-ETAPA-DE-LA-REHABILITACIO\u0301N-DE-LI\u0301NEA-DE-AGUA-POTABLE-DE-LA-CALLE-GUSTAVO-PETRICCIOLI-EN-LOMAS-DE-AHUATLA\u0301N-6-150x150.jpg\" class=\"attachment-thumbnail size-thumbnail\" alt=\"\" loading=\"lazy\" \/><\/a>\n\t\t\t<\/dt><\/dl><br style=\"clear: both\" \/>\n\t\t<\/div>\n\n","protected":false},"excerpt":{"rendered":"<p>En presencia de vecinos y comerciantes de la zona, el Ayuntamiento de Cuernavaca, a trav\u00e9s de la Secretar\u00eda de Desarrollo Urbano y Obras P\u00fablicas, dio inicio a las labores de rehabilitaci\u00f3n de la nueva l\u00ednea de agua potable de ocho pulgadas en calle Gustavo Petriccioli de la colonia Lomas de Ahuatl\u00e1n que forma parte de [&hellip;]<\/p>\n","protected":false},"author":1,"featured_media":40908,"comment_status":"closed","ping_status":"open","sticky":false,"template":"","format":"standard","meta":[],"categories":[208],"tags":[395,615,916,121,3503,1075,127],"aioseo_notices":[],"_links":{"self":[{"href":"https:\/\/cuernavaca.gob.mx\/index.php?rest_route=\/wp\/v2\/posts\/40903"}],"collection":[{"href":"https:\/\/cuernavaca.gob.mx\/index.php?rest_route=\/wp\/v2\/posts"}],"about":[{"href":"https:\/\/cuernavaca.gob.mx\/index.php?rest_route=\/wp\/v2\/types\/post"}],"author":[{"embeddable":true,"href":"https:\/\/cuernavaca.gob.mx\/index.php?rest_route=\/wp\/v2\/users\/1"}],"replies":[{"embeddable":true,"href":"https:\/\/cuernavaca.gob.mx\/index.php?rest_route=%2Fwp%2Fv2%2Fcomments&post=40903"}],"version-history":[{"count":1,"href":"https:\/\/cuernavaca.gob.mx\/index.php?rest_route=\/wp\/v2\/posts\/40903\/revisions"}],"predecessor-version":[{"id":40910,"href":"https:\/\/cuernavaca.gob.mx\/index.php?rest_route=\/wp\/v2\/posts\/40903\/revisions\/40910"}],"wp:featuredmedia":[{"embeddable":true,"href":"https:\/\/cuernavaca.gob.mx\/index.php?rest_route=\/wp\/v2\/media\/40908"}],"wp:attachment":[{"href":"https:\/\/cuernavaca.gob.mx\/index.php?rest_route=%2Fwp%2Fv2%2Fmedia&parent=40903"}],"wp:term":[{"taxonomy":"category","embeddable":true,"href":"https:\/\/cuernavaca.gob.mx\/index.php?rest_route=%2Fwp%2Fv2%2Fcategories&post=40903"},{"taxonomy":"post_tag","embeddable":true,"href":"https:\/\/cuernavaca.gob.mx\/index.php?rest_route=%2Fwp%2Fv2%2Ftags&post=40903"}],"curies":[{"name":"wp","href":"https:\/\/api.w.org\/{rel}","templated":true}]}}