{"id":40911,"date":"2024-05-26T15:00:17","date_gmt":"2024-05-26T21:00:17","guid":{"rendered":"https:\/\/cuernavaca.gob.mx\/?p=40911"},"modified":"2024-05-27T09:06:23","modified_gmt":"2024-05-27T15:06:23","slug":"b1756-26-05-24-cabildo-de-cuernavaca-avanza-en-la-conclusion-del-rezago-en-materia-de-pensiones-heredado-de-anteriores-administraciones","status":"publish","type":"post","link":"https:\/\/cuernavaca.gob.mx\/?p=40911","title":{"rendered":"B1756 26\/05\/24 CABILDO DE CUERNAVACA AVANZA EN LA CONCLUSI\u00d3N DEL REZAGO EN MATERIA DE PENSIONES HEREDADO DE ANTERIORES ADMINISTRACIONES"},"content":{"rendered":"<ul>\n<li><strong>En el \u00faltimo an\u00e1lisis y votaci\u00f3n se aprobaron 26 decretos pensionatorios por cesant\u00eda en edad avanzada, jubilaci\u00f3n y viudez<\/strong><\/li>\n<\/ul>\n<p>&nbsp;<\/p>\n<p>En pleno cumplimiento a los derechos laborales de la base sindical, el Cabildo del Ayuntamiento de Cuernavaca aprob\u00f3 un nuevo paquete de decretos pensionatorios que reconocen los a\u00f1os de servicio y profesionalismo de 26 trabajadores que dedicaron su vida a la administraci\u00f3n p\u00fablica municipal y a brindar un mejor servicio a la poblaci\u00f3n, y que administraciones pasadas mantuvieron en el rezago, sin revisi\u00f3n, afectando la econom\u00eda y otros aspectos de los hoy beneficiarios.<\/p>\n<p>&nbsp;<\/p>\n<p>En esta ocasi\u00f3n fueron 26 las pensiones aprobadas por cesant\u00eda en edad avanzada, por jubilaci\u00f3n y por viudez, algunos decretos surgieron de resoluciones administrativas o amparos, mientras que otros son el resultado de haber cumplido de manera natural con el tiempo establecido en la prestaci\u00f3n de servicios y haber alcanzado los derechos que la ley establece.<\/p>\n<p>&nbsp;<\/p>\n<p>El regidor presidente de la Comisi\u00f3n Permanente Dictaminadora de Pensiones, Debendrenath Salazar Solorio, resalt\u00f3 la voluntad de sus hom\u00f3logos para analizar de forma permanente este tipo de acuerdos y aprobar aquellos que han cumplido con los requisitos establecidos por ley.<\/p>\n<p>&nbsp;<\/p>\n<p>Anunci\u00f3 que en la pr\u00f3xima sesi\u00f3n del \u00f3rgano colegiado incluir\u00edan nuevos asuntos no litigiosos, que no tienen alg\u00fan amparo o situaci\u00f3n jur\u00eddica a fin de continuar atendiendo las solicitudes de trabajadores que han cumplido con los a\u00f1os de servicio para pensionarse.<\/p>\n<p>&nbsp;<\/p>\n<p>Con esta aprobaci\u00f3n el Gobierno Municipal refrenda su compromiso con mejorar las condiciones de vida y laborales de los trabajadores municipales, recordando que desde el inicio de la administraci\u00f3n entr\u00f3 en vigor el Reglamento de Pensiones del Ayuntamiento de Cuernavaca, con el objetivo de dar certeza jur\u00eddica a la base trabajadora y claridad al gobierno respecto de la toma de decisiones para aplicar la Ley del Servicio Civil con mayor legalidad y mejores instrumentos.<\/p>\n<p>&nbsp;<\/p>\n<p>*Esta publicaci\u00f3n es de car\u00e1cter informativo, de inter\u00e9s p\u00fablico y ajena a cualquier partido pol\u00edtico.<\/p>\n<p>&nbsp;<\/p>\n\n\t\t<style type=\"text\/css\">\n\t\t\t#gallery-1 {\n\t\t\t\tmargin: auto;\n\t\t\t}\n\t\t\t#gallery-1 .gallery-item {\n\t\t\t\tfloat: left;\n\t\t\t\tmargin-top: 10px;\n\t\t\t\ttext-align: center;\n\t\t\t\twidth: 33%;\n\t\t\t}\n\t\t\t#gallery-1 img {\n\t\t\t\tborder: 2px solid #cfcfcf;\n\t\t\t}\n\t\t\t#gallery-1 .gallery-caption {\n\t\t\t\tmargin-left: 0;\n\t\t\t}\n\t\t\t\/* see gallery_shortcode() in wp-includes\/media.php *\/\n\t\t<\/style>\n\t\t<div id='gallery-1' class='gallery galleryid-40911 gallery-columns-3 gallery-size-thumbnail'><dl class='gallery-item'>\n\t\t\t<dt class='gallery-icon landscape'>\n\t\t\t\t<a href='https:\/\/cuernavaca.gob.mx\/?attachment_id=40912'><img width=\"150\" height=\"150\" src=\"https:\/\/cuernavaca.gob.mx\/wp-content\/uploads\/2024\/05\/CABILDO-DE-CUERNAVACA-AVANZA-EN-LA-CONCLUSIO\u0301N-DEL-REZAGO-EN-MATERIA-DE-PENSIONES-HEREDADO-DE-ANTERIORES-ADMINISTRACIONES-1-150x150.jpg\" class=\"attachment-thumbnail size-thumbnail\" alt=\"\" loading=\"lazy\" \/><\/a>\n\t\t\t<\/dt><\/dl><dl class='gallery-item'>\n\t\t\t<dt class='gallery-icon landscape'>\n\t\t\t\t<a href='https:\/\/cuernavaca.gob.mx\/?attachment_id=40913'><img width=\"150\" height=\"150\" src=\"https:\/\/cuernavaca.gob.mx\/wp-content\/uploads\/2024\/05\/CABILDO-DE-CUERNAVACA-AVANZA-EN-LA-CONCLUSIO\u0301N-DEL-REZAGO-EN-MATERIA-DE-PENSIONES-HEREDADO-DE-ANTERIORES-ADMINISTRACIONES-2-150x150.jpg\" class=\"attachment-thumbnail size-thumbnail\" alt=\"\" loading=\"lazy\" \/><\/a>\n\t\t\t<\/dt><\/dl><dl class='gallery-item'>\n\t\t\t<dt class='gallery-icon landscape'>\n\t\t\t\t<a href='https:\/\/cuernavaca.gob.mx\/?attachment_id=40914'><img width=\"150\" height=\"150\" src=\"https:\/\/cuernavaca.gob.mx\/wp-content\/uploads\/2024\/05\/CABILDO-DE-CUERNAVACA-AVANZA-EN-LA-CONCLUSIO\u0301N-DEL-REZAGO-EN-MATERIA-DE-PENSIONES-HEREDADO-DE-ANTERIORES-ADMINISTRACIONES-3-150x150.jpg\" class=\"attachment-thumbnail size-thumbnail\" alt=\"\" loading=\"lazy\" \/><\/a>\n\t\t\t<\/dt><\/dl><br style=\"clear: both\" \/><dl class='gallery-item'>\n\t\t\t<dt class='gallery-icon landscape'>\n\t\t\t\t<a href='https:\/\/cuernavaca.gob.mx\/?attachment_id=40915'><img width=\"150\" height=\"150\" src=\"https:\/\/cuernavaca.gob.mx\/wp-content\/uploads\/2024\/05\/CABILDO-DE-CUERNAVACA-AVANZA-EN-LA-CONCLUSIO\u0301N-DEL-REZAGO-EN-MATERIA-DE-PENSIONES-HEREDADO-DE-ANTERIORES-ADMINISTRACIONES-4-150x150.jpg\" class=\"attachment-thumbnail size-thumbnail\" alt=\"\" loading=\"lazy\" \/><\/a>\n\t\t\t<\/dt><\/dl>\n\t\t\t<br style='clear: both' \/>\n\t\t<\/div>\n\n","protected":false},"excerpt":{"rendered":"<p>En el \u00faltimo an\u00e1lisis y votaci\u00f3n se aprobaron 26 decretos pensionatorios por cesant\u00eda en edad avanzada, jubilaci\u00f3n y viudez &nbsp; En pleno cumplimiento a los derechos laborales de la base sindical, el Cabildo del Ayuntamiento de Cuernavaca aprob\u00f3 un nuevo paquete de decretos pensionatorios que reconocen los a\u00f1os de servicio y profesionalismo de 26 trabajadores [&hellip;]<\/p>\n","protected":false},"author":1,"featured_media":40915,"comment_status":"closed","ping_status":"open","sticky":false,"template":"","format":"standard","meta":[],"categories":[3047],"tags":[2591,120,831,1928,127,161],"aioseo_notices":[],"_links":{"self":[{"href":"https:\/\/cuernavaca.gob.mx\/index.php?rest_route=\/wp\/v2\/posts\/40911"}],"collection":[{"href":"https:\/\/cuernavaca.gob.mx\/index.php?rest_route=\/wp\/v2\/posts"}],"about":[{"href":"https:\/\/cuernavaca.gob.mx\/index.php?rest_route=\/wp\/v2\/types\/post"}],"author":[{"embeddable":true,"href":"https:\/\/cuernavaca.gob.mx\/index.php?rest_route=\/wp\/v2\/users\/1"}],"replies":[{"embeddable":true,"href":"https:\/\/cuernavaca.gob.mx\/index.php?rest_route=%2Fwp%2Fv2%2Fcomments&post=40911"}],"version-history":[{"count":1,"href":"https:\/\/cuernavaca.gob.mx\/index.php?rest_route=\/wp\/v2\/posts\/40911\/revisions"}],"predecessor-version":[{"id":40916,"href":"https:\/\/cuernavaca.gob.mx\/index.php?rest_route=\/wp\/v2\/posts\/40911\/revisions\/40916"}],"wp:featuredmedia":[{"embeddable":true,"href":"https:\/\/cuernavaca.gob.mx\/index.php?rest_route=\/wp\/v2\/media\/40915"}],"wp:attachment":[{"href":"https:\/\/cuernavaca.gob.mx\/index.php?rest_route=%2Fwp%2Fv2%2Fmedia&parent=40911"}],"wp:term":[{"taxonomy":"category","embeddable":true,"href":"https:\/\/cuernavaca.gob.mx\/index.php?rest_route=%2Fwp%2Fv2%2Fcategories&post=40911"},{"taxonomy":"post_tag","embeddable":true,"href":"https:\/\/cuernavaca.gob.mx\/index.php?rest_route=%2Fwp%2Fv2%2Ftags&post=40911"}],"curies":[{"name":"wp","href":"https:\/\/api.w.org\/{rel}","templated":true}]}}