{"id":40919,"date":"2024-05-27T10:00:57","date_gmt":"2024-05-27T16:00:57","guid":{"rendered":"https:\/\/cuernavaca.gob.mx\/?p=40919"},"modified":"2024-05-27T13:22:00","modified_gmt":"2024-05-27T19:22:00","slug":"sindica-municipal-en-funciones-de-alcaldesa-encabeza-izamiento-y-honores-a-la-bandera-en-la-seprac","status":"publish","type":"post","link":"https:\/\/cuernavaca.gob.mx\/?p=40919","title":{"rendered":"S\u00cdNDICA MUNICIPAL EN FUNCIONES DE ALCALDESA ENCABEZA IZAMIENTO Y HONORES A LA BANDERA EN LA SEPRAC"},"content":{"rendered":"<p><strong>Como parte de la formaci\u00f3n de los elementos de la Polic\u00eda de Cuernavaca, todos los lunes se iza y rinden honores a la bandera, fomentando los valores y disciplina de quienes conforman la Secretar\u00eda de Protecci\u00f3n y Auxilio Ciudadano (SEPRAC) de Cuernavaca.<\/strong><\/p>\n<p>&nbsp;<\/p>\n<p>Este lunes la S\u00edndica en funciones de presidenta municipal, Catalina Ver\u00f3nica Atenco P\u00e9rez, particip\u00f3 en la ceremonia c\u00edvica, destacando la gran responsabilidad que tienen quienes conforman las \u00e1reas operativas y servicio de la SEPRAC, reiterando que el tema de seguridad es y seguir\u00e1 siendo uno de los puntos prioritarios para el Ayuntamiento de Cuernavaca.<\/p>\n<p>&nbsp;<\/p>\n<p>Acot\u00f3 que el Gobierno Municipal valora el desempe\u00f1o de cada uno de los elementos policiacos, al salir todos los d\u00edas a prestar su servicio a la poblaci\u00f3n, en muchas ocasiones poniendo en riesgo su vida, para garantizar la seguridad y paz de la Ciudad capital de Morelos.<\/p>\n<p>&nbsp;<\/p>\n<p>Al t\u00e9rmino de este acto c\u00edvico, la Mtra. Alicia V\u00e1zquez Luna, solicit\u00f3 a los elementos responsables de cada pol\u00edgono, a que prentaran un informe sobre cuantas unidades y elementos a sus cargo contaban para sus tareas cotidianas.<\/p>\n<p>&nbsp;<\/p>\n<p>La S\u00edndica Municipal en funciones de presidenta municipal, hizo \u00e9nfasis en la importancia de participar en estas actividades, conocer de primera mano el estado que guarda la SEPRAC, e hizo hincapi\u00e9 en mencionar la relevancia y papel de las mujeres que son parte de la Polic\u00eda Municipal, que con honor y valor portan su uniforme, destacando que su participaci\u00f3n implica mucho sacrificio, esfuerzo, y disciplina, al ser tambi\u00e9n en muchas ocasiones Jefas de Familia y organizarse en esas tareas cumpliendo siempre con buenos resultados.<\/p>\n<p>&nbsp;<\/p>\n<p>Refrend\u00f3 el compromiso del Ayuntamiento de Cuernavaca para seguir fortaleciendo a la instituci\u00f3n como se ha hecho en los m\u00e1s de dos a\u00f1os de administraci\u00f3n, con mejores sueldos, mejor equipamiento y constante capacitaci\u00f3n.<\/p>\n<p>&nbsp;<\/p>\n<p>*Esta publicaci\u00f3n es de car\u00e1cter informativo, de inter\u00e9s p\u00fablico y ajena a cualquier partido pol\u00edtico.<\/p>\n\n\t\t<style type=\"text\/css\">\n\t\t\t#gallery-1 {\n\t\t\t\tmargin: auto;\n\t\t\t}\n\t\t\t#gallery-1 .gallery-item {\n\t\t\t\tfloat: left;\n\t\t\t\tmargin-top: 10px;\n\t\t\t\ttext-align: center;\n\t\t\t\twidth: 33%;\n\t\t\t}\n\t\t\t#gallery-1 img {\n\t\t\t\tborder: 2px solid #cfcfcf;\n\t\t\t}\n\t\t\t#gallery-1 .gallery-caption {\n\t\t\t\tmargin-left: 0;\n\t\t\t}\n\t\t\t\/* see gallery_shortcode() in wp-includes\/media.php *\/\n\t\t<\/style>\n\t\t<div id='gallery-1' class='gallery galleryid-40919 gallery-columns-3 gallery-size-thumbnail'><dl class='gallery-item'>\n\t\t\t<dt class='gallery-icon landscape'>\n\t\t\t\t<a href='https:\/\/cuernavaca.gob.mx\/?attachment_id=40920'><img width=\"150\" height=\"150\" src=\"https:\/\/cuernavaca.gob.mx\/wp-content\/uploads\/2024\/05\/SI\u0301NDICA-MUNICIPAL-EN-FUNCIONES-DE-ALCALDESA-ENCABEZA-IZAMIENTO-Y-HONORES-A-LA-BANDERA-EN-LA-SEPRAC-1-150x150.jpg\" class=\"attachment-thumbnail size-thumbnail\" alt=\"\" loading=\"lazy\" \/><\/a>\n\t\t\t<\/dt><\/dl><dl class='gallery-item'>\n\t\t\t<dt class='gallery-icon landscape'>\n\t\t\t\t<a href='https:\/\/cuernavaca.gob.mx\/?attachment_id=40921'><img width=\"150\" height=\"150\" src=\"https:\/\/cuernavaca.gob.mx\/wp-content\/uploads\/2024\/05\/SI\u0301NDICA-MUNICIPAL-EN-FUNCIONES-DE-ALCALDESA-ENCABEZA-IZAMIENTO-Y-HONORES-A-LA-BANDERA-EN-LA-SEPRAC-2-150x150.jpg\" class=\"attachment-thumbnail size-thumbnail\" alt=\"\" loading=\"lazy\" \/><\/a>\n\t\t\t<\/dt><\/dl><dl class='gallery-item'>\n\t\t\t<dt class='gallery-icon landscape'>\n\t\t\t\t<a href='https:\/\/cuernavaca.gob.mx\/?attachment_id=40922'><img width=\"150\" height=\"150\" src=\"https:\/\/cuernavaca.gob.mx\/wp-content\/uploads\/2024\/05\/SI\u0301NDICA-MUNICIPAL-EN-FUNCIONES-DE-ALCALDESA-ENCABEZA-IZAMIENTO-Y-HONORES-A-LA-BANDERA-EN-LA-SEPRAC-3-150x150.jpg\" class=\"attachment-thumbnail size-thumbnail\" alt=\"\" loading=\"lazy\" \/><\/a>\n\t\t\t<\/dt><\/dl><br style=\"clear: both\" \/><dl class='gallery-item'>\n\t\t\t<dt class='gallery-icon landscape'>\n\t\t\t\t<a href='https:\/\/cuernavaca.gob.mx\/?attachment_id=40923'><img width=\"150\" height=\"150\" src=\"https:\/\/cuernavaca.gob.mx\/wp-content\/uploads\/2024\/05\/SI\u0301NDICA-MUNICIPAL-EN-FUNCIONES-DE-ALCALDESA-ENCABEZA-IZAMIENTO-Y-HONORES-A-LA-BANDERA-EN-LA-SEPRAC-4-150x150.jpg\" class=\"attachment-thumbnail size-thumbnail\" alt=\"\" loading=\"lazy\" \/><\/a>\n\t\t\t<\/dt><\/dl><dl class='gallery-item'>\n\t\t\t<dt class='gallery-icon landscape'>\n\t\t\t\t<a href='https:\/\/cuernavaca.gob.mx\/?attachment_id=40924'><img width=\"150\" height=\"150\" src=\"https:\/\/cuernavaca.gob.mx\/wp-content\/uploads\/2024\/05\/SI\u0301NDICA-MUNICIPAL-EN-FUNCIONES-DE-ALCALDESA-ENCABEZA-IZAMIENTO-Y-HONORES-A-LA-BANDERA-EN-LA-SEPRAC-5-150x150.jpg\" class=\"attachment-thumbnail size-thumbnail\" alt=\"\" loading=\"lazy\" \/><\/a>\n\t\t\t<\/dt><\/dl><dl class='gallery-item'>\n\t\t\t<dt class='gallery-icon landscape'>\n\t\t\t\t<a href='https:\/\/cuernavaca.gob.mx\/?attachment_id=40925'><img width=\"150\" height=\"150\" src=\"https:\/\/cuernavaca.gob.mx\/wp-content\/uploads\/2024\/05\/SI\u0301NDICA-MUNICIPAL-EN-FUNCIONES-DE-ALCALDESA-ENCABEZA-IZAMIENTO-Y-HONORES-A-LA-BANDERA-EN-LA-SEPRAC-6-150x150.jpg\" class=\"attachment-thumbnail size-thumbnail\" alt=\"\" loading=\"lazy\" \/><\/a>\n\t\t\t<\/dt><\/dl><br style=\"clear: both\" \/>\n\t\t<\/div>\n\n<p>&nbsp;<\/p>\n","protected":false},"excerpt":{"rendered":"<p>Como parte de la formaci\u00f3n de los elementos de la Polic\u00eda de Cuernavaca, todos los lunes se iza y rinden honores a la bandera, fomentando los valores y disciplina de quienes conforman la Secretar\u00eda de Protecci\u00f3n y Auxilio Ciudadano (SEPRAC) de Cuernavaca. &nbsp; Este lunes la S\u00edndica en funciones de presidenta municipal, Catalina Ver\u00f3nica Atenco [&hellip;]<\/p>\n","protected":false},"author":1,"featured_media":40925,"comment_status":"closed","ping_status":"open","sticky":false,"template":"","format":"standard","meta":[],"categories":[17],"tags":[121,120,206,3235,201,127],"aioseo_notices":[],"_links":{"self":[{"href":"https:\/\/cuernavaca.gob.mx\/index.php?rest_route=\/wp\/v2\/posts\/40919"}],"collection":[{"href":"https:\/\/cuernavaca.gob.mx\/index.php?rest_route=\/wp\/v2\/posts"}],"about":[{"href":"https:\/\/cuernavaca.gob.mx\/index.php?rest_route=\/wp\/v2\/types\/post"}],"author":[{"embeddable":true,"href":"https:\/\/cuernavaca.gob.mx\/index.php?rest_route=\/wp\/v2\/users\/1"}],"replies":[{"embeddable":true,"href":"https:\/\/cuernavaca.gob.mx\/index.php?rest_route=%2Fwp%2Fv2%2Fcomments&post=40919"}],"version-history":[{"count":2,"href":"https:\/\/cuernavaca.gob.mx\/index.php?rest_route=\/wp\/v2\/posts\/40919\/revisions"}],"predecessor-version":[{"id":40927,"href":"https:\/\/cuernavaca.gob.mx\/index.php?rest_route=\/wp\/v2\/posts\/40919\/revisions\/40927"}],"wp:featuredmedia":[{"embeddable":true,"href":"https:\/\/cuernavaca.gob.mx\/index.php?rest_route=\/wp\/v2\/media\/40925"}],"wp:attachment":[{"href":"https:\/\/cuernavaca.gob.mx\/index.php?rest_route=%2Fwp%2Fv2%2Fmedia&parent=40919"}],"wp:term":[{"taxonomy":"category","embeddable":true,"href":"https:\/\/cuernavaca.gob.mx\/index.php?rest_route=%2Fwp%2Fv2%2Fcategories&post=40919"},{"taxonomy":"post_tag","embeddable":true,"href":"https:\/\/cuernavaca.gob.mx\/index.php?rest_route=%2Fwp%2Fv2%2Ftags&post=40919"}],"curies":[{"name":"wp","href":"https:\/\/api.w.org\/{rel}","templated":true}]}}