{"id":40938,"date":"2024-05-27T17:30:27","date_gmt":"2024-05-27T23:30:27","guid":{"rendered":"https:\/\/cuernavaca.gob.mx\/?p=40938"},"modified":"2024-05-27T19:24:09","modified_gmt":"2024-05-28T01:24:09","slug":"b1759-27-05-24-alista-la-seprac-despliegue-en-cuernavaca-para-preservar-el-orden-y-la-civilidad-con-el-operativo-de-seguridad-proceso-electoral-2024","status":"publish","type":"post","link":"https:\/\/cuernavaca.gob.mx\/?p=40938","title":{"rendered":"B1759 27\/05\/24 ALISTA LA SEPRAC DESPLIEGUE EN CUERNAVACA PARA PRESERVAR EL ORDEN Y LA CIVILIDAD CON EL OPERATIVO DE SEGURIDAD \u201cPROCESO ELECTORAL 2024"},"content":{"rendered":"<p><strong>\u2022 El estado de fuerza estar\u00e1 integrado por agentes de la polic\u00eda preventiva, vial, bomberos y protecci\u00f3n civil municipal; se contar\u00e1 con 37 unidades operativas y se mantendr\u00e1 el monitoreo a trav\u00e9s del C4<\/strong><\/p>\n<p><strong>\u2022 Se solicitar\u00e1 la colaboraci\u00f3n de la SEDENA y de la Guardia Nacional en algunas colonias que registran con mayor incidencia delictiva<\/strong><\/p>\n<p>La Secretar\u00eda de Protecci\u00f3n y Auxilio Ciudadano (SEPRAC) de Cuernavaca en coordinaci\u00f3n con autoridades electorales implementar\u00e1 un operativo especial de seguridad a trav\u00e9s del despliegue de 249 elementos que garantizar\u00e1n la seguridad y tranquilidad de la poblaci\u00f3n en las 544 casillas que se instalar\u00e1n en la ciudad capital del estado de Morelos durante la jornada electoral que se celebrar\u00e1 este domingo 02 de junio.<\/p>\n<p>En conferencia de prensa, la titular de SEPRAC, Alicia V\u00e1zquez Luna, detall\u00f3 que este operativo fue dise\u00f1ado de acuerdo con la informaci\u00f3n brindada por el Instituto Nacional Electoral (INE) y el Instituto Morelense de Procesos Electorales y Participaci\u00f3n Ciudadana (IMPEPAC), con el prop\u00f3sito de garantizar que todas las personas acudan de manera segura, confiable y en paz a hacer uso de su derecho ciudadano al voto.<\/p>\n<p>La polic\u00eda preventiva, vial, bomberos y protecci\u00f3n civil participar\u00e1n con un estado de fuerza, para atender aquellos auxilios que tendr\u00e1n una encomienda especial para determinadas unidades; adem\u00e1s se contar\u00e1 con 37 unidades operativas, manteniendo el monitoreo por parte de la Central de Emergencias C4.<\/p>\n<p>Como ocurri\u00f3 desde el viernes pasado, la Secretar\u00eda de Protecci\u00f3n y Auxilio Ciudadano (SEPRAC), solicitar\u00e1 tambi\u00e9n la colaboraci\u00f3n de la SEDENA y de la Guardia Nacional en algunas colonias que han tenido algunos problemas de incidencia delictiva, aunque V\u00e1zquez Luna descart\u00f3 que hasta el momento se tengan en la ciudad focos rojos.<\/p>\n<p>Finalmente, exhort\u00f3 a todas las personas que acudan a votar, tengan presente que el tel\u00e9fono de la Central de Emergencias C4 de Cuernavaca, 777 312 12 74, al que podr\u00e1n comunicarse si es necesario ante cualquier incidencia.<\/p>\n<p>&nbsp;<\/p>\n<p>*Esta publicaci\u00f3n es de car\u00e1cter informativo, de inter\u00e9s p\u00fablico y ajena a cualquier partido pol\u00edtico.<\/p>\n\n\t\t<style type=\"text\/css\">\n\t\t\t#gallery-1 {\n\t\t\t\tmargin: auto;\n\t\t\t}\n\t\t\t#gallery-1 .gallery-item {\n\t\t\t\tfloat: left;\n\t\t\t\tmargin-top: 10px;\n\t\t\t\ttext-align: center;\n\t\t\t\twidth: 33%;\n\t\t\t}\n\t\t\t#gallery-1 img {\n\t\t\t\tborder: 2px solid #cfcfcf;\n\t\t\t}\n\t\t\t#gallery-1 .gallery-caption {\n\t\t\t\tmargin-left: 0;\n\t\t\t}\n\t\t\t\/* see gallery_shortcode() in wp-includes\/media.php *\/\n\t\t<\/style>\n\t\t<div id='gallery-1' class='gallery galleryid-40938 gallery-columns-3 gallery-size-thumbnail'><dl class='gallery-item'>\n\t\t\t<dt class='gallery-icon landscape'>\n\t\t\t\t<a href='https:\/\/cuernavaca.gob.mx\/?attachment_id=40939'><img width=\"150\" height=\"150\" src=\"https:\/\/cuernavaca.gob.mx\/wp-content\/uploads\/2024\/05\/ALISTA-LA-SEPRAC-DESPLIEGUE-EN-CUERNAVACA-PARA-PRESERVAR-EL-ORDEN-Y-LA-CIVILIDAD-CON-EL-OPERATIVO-DE-SEGURIDAD-PROCESO-ELECTORAL-2024-1-150x150.jpg\" class=\"attachment-thumbnail size-thumbnail\" alt=\"\" loading=\"lazy\" \/><\/a>\n\t\t\t<\/dt><\/dl><dl class='gallery-item'>\n\t\t\t<dt class='gallery-icon landscape'>\n\t\t\t\t<a href='https:\/\/cuernavaca.gob.mx\/?attachment_id=40940'><img width=\"150\" height=\"150\" src=\"https:\/\/cuernavaca.gob.mx\/wp-content\/uploads\/2024\/05\/ALISTA-LA-SEPRAC-DESPLIEGUE-EN-CUERNAVACA-PARA-PRESERVAR-EL-ORDEN-Y-LA-CIVILIDAD-CON-EL-OPERATIVO-DE-SEGURIDAD-PROCESO-ELECTORAL-2024-2-150x150.jpg\" class=\"attachment-thumbnail size-thumbnail\" alt=\"\" loading=\"lazy\" \/><\/a>\n\t\t\t<\/dt><\/dl><dl class='gallery-item'>\n\t\t\t<dt class='gallery-icon landscape'>\n\t\t\t\t<a href='https:\/\/cuernavaca.gob.mx\/?attachment_id=40941'><img width=\"150\" height=\"150\" src=\"https:\/\/cuernavaca.gob.mx\/wp-content\/uploads\/2024\/05\/ALISTA-LA-SEPRAC-DESPLIEGUE-EN-CUERNAVACA-PARA-PRESERVAR-EL-ORDEN-Y-LA-CIVILIDAD-CON-EL-OPERATIVO-DE-SEGURIDAD-PROCESO-ELECTORAL-2024-3-150x150.jpg\" class=\"attachment-thumbnail size-thumbnail\" alt=\"\" loading=\"lazy\" \/><\/a>\n\t\t\t<\/dt><\/dl><br style=\"clear: both\" \/>\n\t\t<\/div>\n\n","protected":false},"excerpt":{"rendered":"<p>\u2022 El estado de fuerza estar\u00e1 integrado por agentes de la polic\u00eda preventiva, vial, bomberos y protecci\u00f3n civil municipal; se contar\u00e1 con 37 unidades operativas y se mantendr\u00e1 el monitoreo a trav\u00e9s del C4 \u2022 Se solicitar\u00e1 la colaboraci\u00f3n de la SEDENA y de la Guardia Nacional en algunas colonias que registran con mayor incidencia [&hellip;]<\/p>\n","protected":false},"author":1,"featured_media":40940,"comment_status":"closed","ping_status":"open","sticky":false,"template":"","format":"standard","meta":[],"categories":[17],"tags":[121,3395,804,3673,120,206,243,141,127,125,2518],"aioseo_notices":[],"_links":{"self":[{"href":"https:\/\/cuernavaca.gob.mx\/index.php?rest_route=\/wp\/v2\/posts\/40938"}],"collection":[{"href":"https:\/\/cuernavaca.gob.mx\/index.php?rest_route=\/wp\/v2\/posts"}],"about":[{"href":"https:\/\/cuernavaca.gob.mx\/index.php?rest_route=\/wp\/v2\/types\/post"}],"author":[{"embeddable":true,"href":"https:\/\/cuernavaca.gob.mx\/index.php?rest_route=\/wp\/v2\/users\/1"}],"replies":[{"embeddable":true,"href":"https:\/\/cuernavaca.gob.mx\/index.php?rest_route=%2Fwp%2Fv2%2Fcomments&post=40938"}],"version-history":[{"count":1,"href":"https:\/\/cuernavaca.gob.mx\/index.php?rest_route=\/wp\/v2\/posts\/40938\/revisions"}],"predecessor-version":[{"id":40942,"href":"https:\/\/cuernavaca.gob.mx\/index.php?rest_route=\/wp\/v2\/posts\/40938\/revisions\/40942"}],"wp:featuredmedia":[{"embeddable":true,"href":"https:\/\/cuernavaca.gob.mx\/index.php?rest_route=\/wp\/v2\/media\/40940"}],"wp:attachment":[{"href":"https:\/\/cuernavaca.gob.mx\/index.php?rest_route=%2Fwp%2Fv2%2Fmedia&parent=40938"}],"wp:term":[{"taxonomy":"category","embeddable":true,"href":"https:\/\/cuernavaca.gob.mx\/index.php?rest_route=%2Fwp%2Fv2%2Fcategories&post=40938"},{"taxonomy":"post_tag","embeddable":true,"href":"https:\/\/cuernavaca.gob.mx\/index.php?rest_route=%2Fwp%2Fv2%2Ftags&post=40938"}],"curies":[{"name":"wp","href":"https:\/\/api.w.org\/{rel}","templated":true}]}}