{"id":40943,"date":"2024-05-27T16:00:21","date_gmt":"2024-05-27T22:00:21","guid":{"rendered":"https:\/\/cuernavaca.gob.mx\/?p=40943"},"modified":"2024-05-27T19:33:17","modified_gmt":"2024-05-28T01:33:17","slug":"f798-27-05-24-hace-oficial-ayuntamiento-de-cuernavaca-implementacion-de-ley-seca-con-motivo-de-las-elecciones-del-02-de-junio","status":"publish","type":"post","link":"https:\/\/cuernavaca.gob.mx\/?p=40943","title":{"rendered":"F798 27\/05\/24 HACE OFICIAL AYUNTAMIENTO DE CUERNAVACA IMPLEMENTACI\u00d3N DE LEY SECA CON MOTIVO DE LAS ELECCIONES DEL 02 DE JUNIO"},"content":{"rendered":"<p>Para garantizar una jornada electoral en total paz y seguridad, el Ayuntamiento de Cuernavaca informa que en el municipio estar\u00e1 prohibida la venta y expendio de bebidas alcoh\u00f3licas y\/o embriagantes a partir de las 00:00 horas del s\u00e1bado 01 de junio hasta las 23:59 horas del domingo 02 de junio del a\u00f1o en curso, por lo que el Gobierno Municipal resalta que los titulares de las licencias de funcionamiento con venta de bebidas alcoh\u00f3licas que incumplan con lo dispuesto, se proceder\u00e1 conforme de acuerdo a la normatividad vigente.<\/p>\n<p>A trav\u00e9s de lo que se indica en la Resoluci\u00f3n de Car\u00e1cter General RCG\/001\/2024, que firman la S\u00edndica en Funciones de Presidenta Municipal de Cuernavaca, Catalina Ver\u00f3nica Atenco P\u00e9rez, y el Secretario del Ayuntamiento, Carlos de la Rosa Segura, se establece que con fundamento en los art\u00edculos 300 numerales 1 y 2 de la Ley General de Instituciones y Procedimientos Electorales, 41 fracciones I, V y XX; 45 fracci\u00f3n III, 76 y 78 fracci\u00f3n X de la Ley Org\u00e1nica Municipal del Estado de Morelos; 4, 9, 10 fracci\u00f3n IV del Reglamento de Gobierno y la Administraci\u00f3n P\u00fablica Municipal de Cuernavaca, esta Administraci\u00f3n Municipal es consciente de su responsabilidad de dictar y ejecutar los acuerdos que sean pertinentes a la tranquilidad p\u00fablica, as\u00ed como a la seguridad de las personas y sus propiedades y derechos; por lo que, con la finalidad de que los d\u00edas 1 y 2 de junio del a\u00f1o en curso, correspondientes al proceso de la Jornada Electoral 2024, se desarrollen de una manera arm\u00f3nica, pac\u00edfica, ordenada y sin aglomeraciones.<\/p>\n<p>Ser\u00e1 personal de las Secretar\u00edas del Ayuntamiento, de Protecci\u00f3n y Auxilio Ciudadano (SEPRAC), as\u00ed como de Desarrollo Econ\u00f3mico y Turismo, los que supervisar\u00e1n el cumplimiento de la presente Resoluci\u00f3n de Car\u00e1cter General, en la que se informa a la opini\u00f3n p\u00fablica y a los establecimientos con licencias de funcionamiento con venta de bebidas alcoh\u00f3licas, que en caso de incumplimiento se proceder\u00e1 conforme a la normativa aplicable en la materia.<\/p>\n<p>La medida se implementar\u00e1 en uso de las facultades que le confieren al municipio los art\u00edculos 115 de la Constituci\u00f3n Pol\u00edtica de los Estados Unidos Mexicanos, 113 de la Constituci\u00f3n Pol\u00edtica del Estado Libre y Soberano de Morelos, 15, 17, 38 fracci\u00f3n III, 41 fracci\u00f3n I de la Ley Org\u00e1nica Municipal del Estado de Morelos, a fin de que el proceso electoral<\/p>\n<p>*Esta publicaci\u00f3n es de car\u00e1cter informativo, de inter\u00e9s p\u00fablico y ajena a cualquier partido pol\u00edtico.<\/p>\n\n\t\t<style type=\"text\/css\">\n\t\t\t#gallery-1 {\n\t\t\t\tmargin: auto;\n\t\t\t}\n\t\t\t#gallery-1 .gallery-item {\n\t\t\t\tfloat: left;\n\t\t\t\tmargin-top: 10px;\n\t\t\t\ttext-align: center;\n\t\t\t\twidth: 33%;\n\t\t\t}\n\t\t\t#gallery-1 img {\n\t\t\t\tborder: 2px solid #cfcfcf;\n\t\t\t}\n\t\t\t#gallery-1 .gallery-caption {\n\t\t\t\tmargin-left: 0;\n\t\t\t}\n\t\t\t\/* see gallery_shortcode() in wp-includes\/media.php *\/\n\t\t<\/style>\n\t\t<div id='gallery-1' class='gallery galleryid-40943 gallery-columns-3 gallery-size-thumbnail'><dl class='gallery-item'>\n\t\t\t<dt class='gallery-icon portrait'>\n\t\t\t\t<a href='https:\/\/cuernavaca.gob.mx\/?attachment_id=40944'><img width=\"150\" height=\"150\" src=\"https:\/\/cuernavaca.gob.mx\/wp-content\/uploads\/2024\/05\/HACE-OFICIAL-AYUNTAMIENTO-DE-CUERNAVACA-IMPLEMENTACIO\u0301N-DE-LEY-SECA-CON-MOTIVO-DE-LAS-ELECCIONES-DEL-02-DE-JUNIO-150x150.jpg\" class=\"attachment-thumbnail size-thumbnail\" alt=\"\" loading=\"lazy\" \/><\/a>\n\t\t\t<\/dt><\/dl>\n\t\t\t<br style='clear: both' \/>\n\t\t<\/div>\n\n","protected":false},"excerpt":{"rendered":"<p>Para garantizar una jornada electoral en total paz y seguridad, el Ayuntamiento de Cuernavaca informa que en el municipio estar\u00e1 prohibida la venta y expendio de bebidas alcoh\u00f3licas y\/o embriagantes a partir de las 00:00 horas del s\u00e1bado 01 de junio hasta las 23:59 horas del domingo 02 de junio del a\u00f1o en curso, por [&hellip;]<\/p>\n","protected":false},"author":1,"featured_media":40944,"comment_status":"closed","ping_status":"open","sticky":false,"template":"","format":"standard","meta":[],"categories":[17],"tags":[1692,121,804,120,406,206,127],"aioseo_notices":[],"_links":{"self":[{"href":"https:\/\/cuernavaca.gob.mx\/index.php?rest_route=\/wp\/v2\/posts\/40943"}],"collection":[{"href":"https:\/\/cuernavaca.gob.mx\/index.php?rest_route=\/wp\/v2\/posts"}],"about":[{"href":"https:\/\/cuernavaca.gob.mx\/index.php?rest_route=\/wp\/v2\/types\/post"}],"author":[{"embeddable":true,"href":"https:\/\/cuernavaca.gob.mx\/index.php?rest_route=\/wp\/v2\/users\/1"}],"replies":[{"embeddable":true,"href":"https:\/\/cuernavaca.gob.mx\/index.php?rest_route=%2Fwp%2Fv2%2Fcomments&post=40943"}],"version-history":[{"count":1,"href":"https:\/\/cuernavaca.gob.mx\/index.php?rest_route=\/wp\/v2\/posts\/40943\/revisions"}],"predecessor-version":[{"id":40945,"href":"https:\/\/cuernavaca.gob.mx\/index.php?rest_route=\/wp\/v2\/posts\/40943\/revisions\/40945"}],"wp:featuredmedia":[{"embeddable":true,"href":"https:\/\/cuernavaca.gob.mx\/index.php?rest_route=\/wp\/v2\/media\/40944"}],"wp:attachment":[{"href":"https:\/\/cuernavaca.gob.mx\/index.php?rest_route=%2Fwp%2Fv2%2Fmedia&parent=40943"}],"wp:term":[{"taxonomy":"category","embeddable":true,"href":"https:\/\/cuernavaca.gob.mx\/index.php?rest_route=%2Fwp%2Fv2%2Fcategories&post=40943"},{"taxonomy":"post_tag","embeddable":true,"href":"https:\/\/cuernavaca.gob.mx\/index.php?rest_route=%2Fwp%2Fv2%2Ftags&post=40943"}],"curies":[{"name":"wp","href":"https:\/\/api.w.org\/{rel}","templated":true}]}}