{"id":40947,"date":"2024-05-27T14:00:55","date_gmt":"2024-05-27T20:00:55","guid":{"rendered":"https:\/\/cuernavaca.gob.mx\/?p=40947"},"modified":"2024-05-27T19:39:12","modified_gmt":"2024-05-28T01:39:12","slug":"b1758-27-05-24-a-dias-de-concluir-2da-parte-de-la-reconstruccion-de-la-calle-defensa-nacional-que-comunica-a-la-uaem-en-el-poblado-de-chamilpa","status":"publish","type":"post","link":"https:\/\/cuernavaca.gob.mx\/?p=40947","title":{"rendered":"B1758 27\/05\/24 A D\u00cdAS DE CONCLUIR 2DA PARTE DE LA RECONSTRUCCI\u00d3N DE LA CALLE DEFENSA NACIONAL QUE COMUNICA A LA UAEM EN EL POBLADO DE CHAMILPA"},"content":{"rendered":"<p>&nbsp;<\/p>\n<ul>\n<li><strong>Al hacer un recorrido de supervisi\u00f3n se inform\u00f3 que la obra se encuentra en la \u00faltima etapa de intervenci\u00f3n, registrando un 99 por ciento de avance<\/strong><\/li>\n<\/ul>\n<p>&nbsp;<\/p>\n<ul>\n<li><strong>Pendiente la bocacalle que es el ingreso al campus de la UAEM por la puerta 1, as\u00ed como el balizamiento horizontal y las guarniciones<\/strong><\/li>\n<\/ul>\n<p>&nbsp;<\/p>\n<p>En pr\u00f3ximos d\u00edas concluir\u00e1n los trabajos de rehabilitaci\u00f3n de la segunda etapa de la calle Defensa Nacional en el poblado de Chamilpa que contempl\u00f3 la construcci\u00f3n de una nueva v\u00eda de comunicaci\u00f3n que anteriormente era totalmente de terracer\u00eda y dada las condiciones de altura en diferentes puntos era intransitable, dando con esto respuesta a una petici\u00f3n del Comisariado de Bienes Comunales, vecinas y vecinos, as\u00ed como a la comunidad de la Universidad Aut\u00f3noma del Estado de Morelos (UAEM).<\/p>\n<p>&nbsp;<\/p>\n<p>Al hacer un recorrido de supervisi\u00f3n de la obra, el secretario de Desarrollo Urbano y Obras P\u00fablicas de Cuernavaca, Demetrio Chavira de la Torre, acompa\u00f1ado de Juan Manuel Rivas Gonz\u00e1lez, coordinador general de Planeaci\u00f3n y Desarrollo Sustentable de la UAEM y de \u00d3scar Lastra Fern\u00e1ndez, director general de Infraestructura de la UAEM, inform\u00f3 que a la fecha se tiene un avance del 99 por ciento, teniendo pendiente por realizar la bocacalle que es el ingreso a la universidad por la puerta 1, as\u00ed como el balizamiento horizontal y las guarniciones.<\/p>\n<p>&nbsp;<\/p>\n<p>Cabe mencionar que la obra se est\u00e1 efectuando de manera coordinada con autoridades el poblado de Chamilpa, ya que, si bien con una inversi\u00f3n de recursos propios municipales se est\u00e1n construyendo la vialidad y las guarniciones, la comunidad se encargar\u00e1n de las banquetas derivado de una petici\u00f3n hecha directamente a presidencia municipal por el presidente de Bienes Comunales de Chamilpa, Obdulio Navarro.<\/p>\n<p>&nbsp;<\/p>\n<p>Juan Manuel Rivas Gonz\u00e1lez, coordinador general de Planeaci\u00f3n y Desarrollo Sustentable de la UAEM, manifest\u00f3 el beneficio que representa para los cerca de 30 mil estudiantes, personal administrativo, catedr\u00e1tico y usuarios de la universidad, no solo esta obra, sino todas las intervenciones que se han tenido a sus alrededores, desde avenida Universidad hasta ahora en el circuito universitario exterior de la UAEM, mejorando la conectividad y movilidad en la zona norte de la ciudad.<\/p>\n<p>&nbsp;<\/p>\n<p>Cabe mencionar que esta obra a cargo del Ayuntamiento de Cuernavaca, tiene un monto de inversi\u00f3n de un mill\u00f3n 669 mil 699.23 pesos proveniente de recursos municipales, estimando que con el mantenimiento correspondiente podr\u00e1 tener una vida \u00fatil superior a los 10 a\u00f1os.<\/p>\n<p>*Esta publicaci\u00f3n es de car\u00e1cter informativo, de inter\u00e9s p\u00fablico y ajena a cualquier partido pol\u00edtico.<\/p>\n\n\t\t<style type=\"text\/css\">\n\t\t\t#gallery-1 {\n\t\t\t\tmargin: auto;\n\t\t\t}\n\t\t\t#gallery-1 .gallery-item {\n\t\t\t\tfloat: left;\n\t\t\t\tmargin-top: 10px;\n\t\t\t\ttext-align: center;\n\t\t\t\twidth: 33%;\n\t\t\t}\n\t\t\t#gallery-1 img {\n\t\t\t\tborder: 2px solid #cfcfcf;\n\t\t\t}\n\t\t\t#gallery-1 .gallery-caption {\n\t\t\t\tmargin-left: 0;\n\t\t\t}\n\t\t\t\/* see gallery_shortcode() in wp-includes\/media.php *\/\n\t\t<\/style>\n\t\t<div id='gallery-1' class='gallery galleryid-40947 gallery-columns-3 gallery-size-thumbnail'><dl class='gallery-item'>\n\t\t\t<dt class='gallery-icon landscape'>\n\t\t\t\t<a href='https:\/\/cuernavaca.gob.mx\/?attachment_id=40948'><img width=\"150\" height=\"150\" src=\"https:\/\/cuernavaca.gob.mx\/wp-content\/uploads\/2024\/05\/A-DI\u0301AS-DE-CONCLUIR-2DA-PARTE-DE-LA-RECONSTRUCCIO\u0301N-DE-LA-CALLE-DEFENSA-NACIONAL-QUE-COMUNICA-A-LA-UAEM-EN-EL-POBLADO-DE-CHAMILPA-1-150x150.jpg\" class=\"attachment-thumbnail size-thumbnail\" alt=\"\" loading=\"lazy\" \/><\/a>\n\t\t\t<\/dt><\/dl><dl class='gallery-item'>\n\t\t\t<dt class='gallery-icon landscape'>\n\t\t\t\t<a href='https:\/\/cuernavaca.gob.mx\/?attachment_id=40949'><img width=\"150\" height=\"150\" src=\"https:\/\/cuernavaca.gob.mx\/wp-content\/uploads\/2024\/05\/A-DI\u0301AS-DE-CONCLUIR-2DA-PARTE-DE-LA-RECONSTRUCCIO\u0301N-DE-LA-CALLE-DEFENSA-NACIONAL-QUE-COMUNICA-A-LA-UAEM-EN-EL-POBLADO-DE-CHAMILPA-2-150x150.jpg\" class=\"attachment-thumbnail size-thumbnail\" alt=\"\" loading=\"lazy\" \/><\/a>\n\t\t\t<\/dt><\/dl><dl class='gallery-item'>\n\t\t\t<dt class='gallery-icon landscape'>\n\t\t\t\t<a href='https:\/\/cuernavaca.gob.mx\/?attachment_id=40950'><img width=\"150\" height=\"150\" src=\"https:\/\/cuernavaca.gob.mx\/wp-content\/uploads\/2024\/05\/A-DI\u0301AS-DE-CONCLUIR-2DA-PARTE-DE-LA-RECONSTRUCCIO\u0301N-DE-LA-CALLE-DEFENSA-NACIONAL-QUE-COMUNICA-A-LA-UAEM-EN-EL-POBLADO-DE-CHAMILPA-3-150x150.jpg\" class=\"attachment-thumbnail size-thumbnail\" alt=\"\" loading=\"lazy\" \/><\/a>\n\t\t\t<\/dt><\/dl><br style=\"clear: both\" \/><dl class='gallery-item'>\n\t\t\t<dt class='gallery-icon landscape'>\n\t\t\t\t<a href='https:\/\/cuernavaca.gob.mx\/?attachment_id=40951'><img width=\"150\" height=\"150\" src=\"https:\/\/cuernavaca.gob.mx\/wp-content\/uploads\/2024\/05\/A-DI\u0301AS-DE-CONCLUIR-2DA-PARTE-DE-LA-RECONSTRUCCIO\u0301N-DE-LA-CALLE-DEFENSA-NACIONAL-QUE-COMUNICA-A-LA-UAEM-EN-EL-POBLADO-DE-CHAMILPA-4-150x150.jpg\" class=\"attachment-thumbnail size-thumbnail\" alt=\"\" loading=\"lazy\" \/><\/a>\n\t\t\t<\/dt><\/dl>\n\t\t\t<br style='clear: both' \/>\n\t\t<\/div>\n\n","protected":false},"excerpt":{"rendered":"<p>&nbsp; Al hacer un recorrido de supervisi\u00f3n se inform\u00f3 que la obra se encuentra en la \u00faltima etapa de intervenci\u00f3n, registrando un 99 por ciento de avance &nbsp; Pendiente la bocacalle que es el ingreso al campus de la UAEM por la puerta 1, as\u00ed como el balizamiento horizontal y las guarniciones &nbsp; En pr\u00f3ximos [&hellip;]<\/p>\n","protected":false},"author":1,"featured_media":40948,"comment_status":"closed","ping_status":"open","sticky":false,"template":"","format":"standard","meta":[],"categories":[1],"tags":[1610,3674,1487,1075,213,358,125,185],"aioseo_notices":[],"_links":{"self":[{"href":"https:\/\/cuernavaca.gob.mx\/index.php?rest_route=\/wp\/v2\/posts\/40947"}],"collection":[{"href":"https:\/\/cuernavaca.gob.mx\/index.php?rest_route=\/wp\/v2\/posts"}],"about":[{"href":"https:\/\/cuernavaca.gob.mx\/index.php?rest_route=\/wp\/v2\/types\/post"}],"author":[{"embeddable":true,"href":"https:\/\/cuernavaca.gob.mx\/index.php?rest_route=\/wp\/v2\/users\/1"}],"replies":[{"embeddable":true,"href":"https:\/\/cuernavaca.gob.mx\/index.php?rest_route=%2Fwp%2Fv2%2Fcomments&post=40947"}],"version-history":[{"count":1,"href":"https:\/\/cuernavaca.gob.mx\/index.php?rest_route=\/wp\/v2\/posts\/40947\/revisions"}],"predecessor-version":[{"id":40952,"href":"https:\/\/cuernavaca.gob.mx\/index.php?rest_route=\/wp\/v2\/posts\/40947\/revisions\/40952"}],"wp:featuredmedia":[{"embeddable":true,"href":"https:\/\/cuernavaca.gob.mx\/index.php?rest_route=\/wp\/v2\/media\/40948"}],"wp:attachment":[{"href":"https:\/\/cuernavaca.gob.mx\/index.php?rest_route=%2Fwp%2Fv2%2Fmedia&parent=40947"}],"wp:term":[{"taxonomy":"category","embeddable":true,"href":"https:\/\/cuernavaca.gob.mx\/index.php?rest_route=%2Fwp%2Fv2%2Fcategories&post=40947"},{"taxonomy":"post_tag","embeddable":true,"href":"https:\/\/cuernavaca.gob.mx\/index.php?rest_route=%2Fwp%2Fv2%2Ftags&post=40947"}],"curies":[{"name":"wp","href":"https:\/\/api.w.org\/{rel}","templated":true}]}}