{"id":40958,"date":"2024-05-28T13:38:27","date_gmt":"2024-05-28T19:38:27","guid":{"rendered":"https:\/\/cuernavaca.gob.mx\/?p=40958"},"modified":"2024-05-28T13:38:27","modified_gmt":"2024-05-28T19:38:27","slug":"f799-28-05-24-se-atiende-solicitud-para-rehabilitar-linea-de-agua-potable-en-la-calle-cesar-coa-de-la-colonia-altavista","status":"publish","type":"post","link":"https:\/\/cuernavaca.gob.mx\/?p=40958","title":{"rendered":"F799 28\/05\/24 SE ATIENDE SOLICITUD PARA REHABILITAR L\u00cdNEA DE AGUA POTABLE EN LA CALLE C\u00c9SAR COA DE LA COLONIA ALTAVISTA"},"content":{"rendered":"<p>En un periodo de 30 d\u00edas naturales, el Ayuntamiento de Cuernavaca, a trav\u00e9s de la Secretar\u00eda de Desarrollo Urbano y Obras P\u00fablicas, en coordinaci\u00f3n con el Sistema de Agua Potable y Alcantarillado de Cuernavaca (SAPAC), responde a solicitud para llevar a cabo la rehabilitaci\u00f3n de la l\u00ednea de agua potable de 2.5 pulgadas en el andador C\u00e9sar Coa de la colonia Altavista.<\/p>\n<p>Con una inversi\u00f3n de 330 mil 579.76 pesos proveniente del FAISMUN se llevar\u00e1 a cabo la instalaci\u00f3n de un tubo PEAD liso hidr\u00e1ulico RD- 13.5 de dos 1\/2 pulgadas de di\u00e1metro en 158.17 metros lineales, la reposici\u00f3n del pavimento de concreto con una resistencia de 150 kg\/cm2 en 55.36, el atraque de concreto para tuber\u00eda de dos pulgadas, dos 1\/2 pulgadas y tres pulgadas de di\u00e1metro dos piezas y la reposici\u00f3n de 14 tomas domiciliarias de 1\/2 pulgadas x 6 metros.<\/p>\n<p>*Esta publicaci\u00f3n es de car\u00e1cter informativo, de inter\u00e9s p\u00fablico y ajena a cualquier partido pol\u00edtico.<\/p>\n\n\t\t<style type=\"text\/css\">\n\t\t\t#gallery-1 {\n\t\t\t\tmargin: auto;\n\t\t\t}\n\t\t\t#gallery-1 .gallery-item {\n\t\t\t\tfloat: left;\n\t\t\t\tmargin-top: 10px;\n\t\t\t\ttext-align: center;\n\t\t\t\twidth: 33%;\n\t\t\t}\n\t\t\t#gallery-1 img {\n\t\t\t\tborder: 2px solid #cfcfcf;\n\t\t\t}\n\t\t\t#gallery-1 .gallery-caption {\n\t\t\t\tmargin-left: 0;\n\t\t\t}\n\t\t\t\/* see gallery_shortcode() in wp-includes\/media.php *\/\n\t\t<\/style>\n\t\t<div id='gallery-1' class='gallery galleryid-40958 gallery-columns-3 gallery-size-thumbnail'><dl class='gallery-item'>\n\t\t\t<dt class='gallery-icon landscape'>\n\t\t\t\t<a href='https:\/\/cuernavaca.gob.mx\/?attachment_id=40959'><img width=\"150\" height=\"150\" src=\"https:\/\/cuernavaca.gob.mx\/wp-content\/uploads\/2024\/05\/SE-ATIENDE-SOLICITUD-PARA-REHABILITAR-LI\u0301NEA-DE-AGUA-POTABLE-EN-LA-CALLE-CE\u0301SAR-COA-DE-LA-COLONIA-ALTAVISTA-1-150x150.jpg\" class=\"attachment-thumbnail size-thumbnail\" alt=\"\" loading=\"lazy\" \/><\/a>\n\t\t\t<\/dt><\/dl><dl class='gallery-item'>\n\t\t\t<dt class='gallery-icon landscape'>\n\t\t\t\t<a href='https:\/\/cuernavaca.gob.mx\/?attachment_id=40960'><img width=\"150\" height=\"150\" src=\"https:\/\/cuernavaca.gob.mx\/wp-content\/uploads\/2024\/05\/SE-ATIENDE-SOLICITUD-PARA-REHABILITAR-LI\u0301NEA-DE-AGUA-POTABLE-EN-LA-CALLE-CE\u0301SAR-COA-DE-LA-COLONIA-ALTAVISTA-2-150x150.jpg\" class=\"attachment-thumbnail size-thumbnail\" alt=\"\" loading=\"lazy\" \/><\/a>\n\t\t\t<\/dt><\/dl><dl class='gallery-item'>\n\t\t\t<dt class='gallery-icon landscape'>\n\t\t\t\t<a href='https:\/\/cuernavaca.gob.mx\/?attachment_id=40961'><img width=\"150\" height=\"150\" src=\"https:\/\/cuernavaca.gob.mx\/wp-content\/uploads\/2024\/05\/SE-ATIENDE-SOLICITUD-PARA-REHABILITAR-LI\u0301NEA-DE-AGUA-POTABLE-EN-LA-CALLE-CE\u0301SAR-COA-DE-LA-COLONIA-ALTAVISTA-3-150x150.jpg\" class=\"attachment-thumbnail size-thumbnail\" alt=\"\" loading=\"lazy\" \/><\/a>\n\t\t\t<\/dt><\/dl><br style=\"clear: both\" \/><dl class='gallery-item'>\n\t\t\t<dt class='gallery-icon landscape'>\n\t\t\t\t<a href='https:\/\/cuernavaca.gob.mx\/?attachment_id=40962'><img width=\"150\" height=\"150\" src=\"https:\/\/cuernavaca.gob.mx\/wp-content\/uploads\/2024\/05\/SE-ATIENDE-SOLICITUD-PARA-REHABILITAR-LI\u0301NEA-DE-AGUA-POTABLE-EN-LA-CALLE-CE\u0301SAR-COA-DE-LA-COLONIA-ALTAVISTA-4-150x150.jpg\" class=\"attachment-thumbnail size-thumbnail\" alt=\"\" loading=\"lazy\" \/><\/a>\n\t\t\t<\/dt><\/dl><dl class='gallery-item'>\n\t\t\t<dt class='gallery-icon landscape'>\n\t\t\t\t<a href='https:\/\/cuernavaca.gob.mx\/?attachment_id=40963'><img width=\"150\" height=\"150\" src=\"https:\/\/cuernavaca.gob.mx\/wp-content\/uploads\/2024\/05\/SE-ATIENDE-SOLICITUD-PARA-REHABILITAR-LI\u0301NEA-DE-AGUA-POTABLE-EN-LA-CALLE-CE\u0301SAR-COA-DE-LA-COLONIA-ALTAVISTA-5-150x150.jpg\" class=\"attachment-thumbnail size-thumbnail\" alt=\"\" loading=\"lazy\" \/><\/a>\n\t\t\t<\/dt><\/dl><dl class='gallery-item'>\n\t\t\t<dt class='gallery-icon landscape'>\n\t\t\t\t<a href='https:\/\/cuernavaca.gob.mx\/?attachment_id=40964'><img width=\"150\" height=\"150\" src=\"https:\/\/cuernavaca.gob.mx\/wp-content\/uploads\/2024\/05\/SE-ATIENDE-SOLICITUD-PARA-REHABILITAR-LI\u0301NEA-DE-AGUA-POTABLE-EN-LA-CALLE-CE\u0301SAR-COA-DE-LA-COLONIA-ALTAVISTA-6-150x150.jpg\" class=\"attachment-thumbnail size-thumbnail\" alt=\"\" loading=\"lazy\" \/><\/a>\n\t\t\t<\/dt><\/dl><br style=\"clear: both\" \/>\n\t\t<\/div>\n\n","protected":false},"excerpt":{"rendered":"<p>En un periodo de 30 d\u00edas naturales, el Ayuntamiento de Cuernavaca, a trav\u00e9s de la Secretar\u00eda de Desarrollo Urbano y Obras P\u00fablicas, en coordinaci\u00f3n con el Sistema de Agua Potable y Alcantarillado de Cuernavaca (SAPAC), responde a solicitud para llevar a cabo la rehabilitaci\u00f3n de la l\u00ednea de agua potable de 2.5 pulgadas en el [&hellip;]<\/p>\n","protected":false},"author":1,"featured_media":40962,"comment_status":"closed","ping_status":"open","sticky":false,"template":"","format":"standard","meta":[],"categories":[18],"tags":[395,615,916,121,1152,120,206,1075,213,127],"aioseo_notices":[],"_links":{"self":[{"href":"https:\/\/cuernavaca.gob.mx\/index.php?rest_route=\/wp\/v2\/posts\/40958"}],"collection":[{"href":"https:\/\/cuernavaca.gob.mx\/index.php?rest_route=\/wp\/v2\/posts"}],"about":[{"href":"https:\/\/cuernavaca.gob.mx\/index.php?rest_route=\/wp\/v2\/types\/post"}],"author":[{"embeddable":true,"href":"https:\/\/cuernavaca.gob.mx\/index.php?rest_route=\/wp\/v2\/users\/1"}],"replies":[{"embeddable":true,"href":"https:\/\/cuernavaca.gob.mx\/index.php?rest_route=%2Fwp%2Fv2%2Fcomments&post=40958"}],"version-history":[{"count":1,"href":"https:\/\/cuernavaca.gob.mx\/index.php?rest_route=\/wp\/v2\/posts\/40958\/revisions"}],"predecessor-version":[{"id":40965,"href":"https:\/\/cuernavaca.gob.mx\/index.php?rest_route=\/wp\/v2\/posts\/40958\/revisions\/40965"}],"wp:featuredmedia":[{"embeddable":true,"href":"https:\/\/cuernavaca.gob.mx\/index.php?rest_route=\/wp\/v2\/media\/40962"}],"wp:attachment":[{"href":"https:\/\/cuernavaca.gob.mx\/index.php?rest_route=%2Fwp%2Fv2%2Fmedia&parent=40958"}],"wp:term":[{"taxonomy":"category","embeddable":true,"href":"https:\/\/cuernavaca.gob.mx\/index.php?rest_route=%2Fwp%2Fv2%2Fcategories&post=40958"},{"taxonomy":"post_tag","embeddable":true,"href":"https:\/\/cuernavaca.gob.mx\/index.php?rest_route=%2Fwp%2Fv2%2Ftags&post=40958"}],"curies":[{"name":"wp","href":"https:\/\/api.w.org\/{rel}","templated":true}]}}