{"id":40966,"date":"2024-05-28T14:30:09","date_gmt":"2024-05-28T20:30:09","guid":{"rendered":"https:\/\/cuernavaca.gob.mx\/?p=40966"},"modified":"2024-05-29T06:48:02","modified_gmt":"2024-05-29T12:48:02","slug":"b1760-28-05-24-aprueba-cabildo-de-cuernavaca-creacion-del-consejo-consultivo-de-la-juventud-municipal","status":"publish","type":"post","link":"https:\/\/cuernavaca.gob.mx\/?p=40966","title":{"rendered":"B1760 28\/05\/24 APRUEBA CABILDO DE CUERNAVACA CREACI\u00d3N DEL CONSEJO CONSULTIVO DE LA JUVENTUD MUNICIPAL"},"content":{"rendered":"<div><strong>\u2022 Sus integrantes representaran a los sectores deportivo, comunidad ind\u00edgena, comunidad LGBTTTIQ+, personas con discapacidad, excelencia acad\u00e9mica, activismo social, emprendedores y feministas entre otros<\/strong><\/div>\n<div><\/div>\n<div>En aras de fortalecer la inclusi\u00f3n que ha sido un principio fundamental en la administraci\u00f3n municipal y darles voz a los j\u00f3venes en la capital del estado de Morelos, el Cabildo del Ayuntamiento de Cuernavaca aprob\u00f3 el Reglamento Interior del Instituto de la Juventud que contempla la creaci\u00f3n del Consejo Consultivo de Juventud, el cual abrir\u00e1 sus puertas hasta a 10 j\u00f3venes con inter\u00e9s de participar y cumplan con los requisitos.<\/div>\n<div><\/div>\n<div>La propuesta se desprende de la segunda edici\u00f3n del Cabildo Juvenil de Cuernavaca, la cual establece que el Consejo Consultivo de Juventud Municipal ser\u00e1 integrado por representantes de la comunidad juvenil pertenecientes a los sectores deportivo, comunidad ind\u00edgena, comunidad LGBTTTIQ+, personas con discapacidad, excelencia acad\u00e9mica, activismo social, j\u00f3venes emprendedores, j\u00f3venes feministas, j\u00f3venes que tengan injerencia en la cultura, en la ciencia y tecnolog\u00eda, as\u00ed como en los derechos humanos.<\/div>\n<div><\/div>\n<div>A trav\u00e9s del Reglamento Interior del Instituto de la Juventud de Cuernavaca se estipula que el Consejo Consultivo de Juventud trabajar\u00e1 de manera coordinada con la dependencia municipal en la consolidaci\u00f3n de un espacio institucionalizado de di\u00e1logo, participaci\u00f3n y toma de decisiones que atienda las necesidades y aspiraciones de la juventud en la construcci\u00f3n del presente y el futuro de la ciudad.<\/div>\n<div><\/div>\n<div>La regidora presidenta de la Comisi\u00f3n de Gobernaci\u00f3n y Reglamentos, Paz Hern\u00e1ndez Pardo, puntualiz\u00f3 que el objetivo del marco normativo es regular las atribuciones, organizaci\u00f3n y funcionamiento del Instituto de la Juventud de Cuernavaca, al ser esta \u00e1rea la responsable de promover coordinadamente con las dependencias y entidades de la administraci\u00f3n p\u00fablica municipal, en el \u00e1mbito de sus respectivas competencias, las acciones necesarias para incentivar la participaci\u00f3n de los j\u00f3venes en la vida p\u00fablica de la ciudad.<\/div>\n<div><\/div>\n<div>De la misma tiene como encomienda, fomentar la pr\u00e1ctica de actividades diversas que propicien la superaci\u00f3n f\u00edsica, intelectual, cultural, profesional y econ\u00f3mica de la juventud, adem\u00e1s de proyectos y actividades de acuerdo con las necesidades de la poblaci\u00f3n juvenil en el municipio.<\/div>\n<div><\/div>\n<div>*Esta publicaci\u00f3n es de car\u00e1cter informativo, de inter\u00e9s p\u00fablico y ajena a cualquier partido pol\u00edtico.<\/div>\n<div>\n\n\t\t<style type=\"text\/css\">\n\t\t\t#gallery-1 {\n\t\t\t\tmargin: auto;\n\t\t\t}\n\t\t\t#gallery-1 .gallery-item {\n\t\t\t\tfloat: left;\n\t\t\t\tmargin-top: 10px;\n\t\t\t\ttext-align: center;\n\t\t\t\twidth: 33%;\n\t\t\t}\n\t\t\t#gallery-1 img {\n\t\t\t\tborder: 2px solid #cfcfcf;\n\t\t\t}\n\t\t\t#gallery-1 .gallery-caption {\n\t\t\t\tmargin-left: 0;\n\t\t\t}\n\t\t\t\/* see gallery_shortcode() in wp-includes\/media.php *\/\n\t\t<\/style>\n\t\t<div id='gallery-1' class='gallery galleryid-40966 gallery-columns-3 gallery-size-thumbnail'><dl class='gallery-item'>\n\t\t\t<dt class='gallery-icon landscape'>\n\t\t\t\t<a href='https:\/\/cuernavaca.gob.mx\/?attachment_id=40967'><img width=\"150\" height=\"150\" src=\"https:\/\/cuernavaca.gob.mx\/wp-content\/uploads\/2024\/05\/APRUEBA-CABILDO-DE-CUERNAVACA-CREACION-DEL-CONSEJO-CONSULTIVO-DE-LA-JUVENTUD-MUNICIPAL-1-150x150.jpeg\" class=\"attachment-thumbnail size-thumbnail\" alt=\"\" loading=\"lazy\" \/><\/a>\n\t\t\t<\/dt><\/dl><dl class='gallery-item'>\n\t\t\t<dt class='gallery-icon landscape'>\n\t\t\t\t<a href='https:\/\/cuernavaca.gob.mx\/?attachment_id=40968'><img width=\"150\" height=\"150\" src=\"https:\/\/cuernavaca.gob.mx\/wp-content\/uploads\/2024\/05\/APRUEBA-CABILDO-DE-CUERNAVACA-CREACION-DEL-CONSEJO-CONSULTIVO-DE-LA-JUVENTUD-MUNICIPAL-2-150x150.jpeg\" class=\"attachment-thumbnail size-thumbnail\" alt=\"\" loading=\"lazy\" \/><\/a>\n\t\t\t<\/dt><\/dl>\n\t\t\t<br style='clear: both' \/>\n\t\t<\/div>\n\n<\/div>\n","protected":false},"excerpt":{"rendered":"<p>\u2022 Sus integrantes representaran a los sectores deportivo, comunidad ind\u00edgena, comunidad LGBTTTIQ+, personas con discapacidad, excelencia acad\u00e9mica, activismo social, emprendedores y feministas entre otros En aras de fortalecer la inclusi\u00f3n que ha sido un principio fundamental en la administraci\u00f3n municipal y darles voz a los j\u00f3venes en la capital del estado de Morelos, el Cabildo [&hellip;]<\/p>\n","protected":false},"author":1,"featured_media":40967,"comment_status":"closed","ping_status":"open","sticky":false,"template":"","format":"standard","meta":[],"categories":[3047],"tags":[121,120,693,206,127],"aioseo_notices":[],"_links":{"self":[{"href":"https:\/\/cuernavaca.gob.mx\/index.php?rest_route=\/wp\/v2\/posts\/40966"}],"collection":[{"href":"https:\/\/cuernavaca.gob.mx\/index.php?rest_route=\/wp\/v2\/posts"}],"about":[{"href":"https:\/\/cuernavaca.gob.mx\/index.php?rest_route=\/wp\/v2\/types\/post"}],"author":[{"embeddable":true,"href":"https:\/\/cuernavaca.gob.mx\/index.php?rest_route=\/wp\/v2\/users\/1"}],"replies":[{"embeddable":true,"href":"https:\/\/cuernavaca.gob.mx\/index.php?rest_route=%2Fwp%2Fv2%2Fcomments&post=40966"}],"version-history":[{"count":1,"href":"https:\/\/cuernavaca.gob.mx\/index.php?rest_route=\/wp\/v2\/posts\/40966\/revisions"}],"predecessor-version":[{"id":40969,"href":"https:\/\/cuernavaca.gob.mx\/index.php?rest_route=\/wp\/v2\/posts\/40966\/revisions\/40969"}],"wp:featuredmedia":[{"embeddable":true,"href":"https:\/\/cuernavaca.gob.mx\/index.php?rest_route=\/wp\/v2\/media\/40967"}],"wp:attachment":[{"href":"https:\/\/cuernavaca.gob.mx\/index.php?rest_route=%2Fwp%2Fv2%2Fmedia&parent=40966"}],"wp:term":[{"taxonomy":"category","embeddable":true,"href":"https:\/\/cuernavaca.gob.mx\/index.php?rest_route=%2Fwp%2Fv2%2Fcategories&post=40966"},{"taxonomy":"post_tag","embeddable":true,"href":"https:\/\/cuernavaca.gob.mx\/index.php?rest_route=%2Fwp%2Fv2%2Ftags&post=40966"}],"curies":[{"name":"wp","href":"https:\/\/api.w.org\/{rel}","templated":true}]}}