{"id":40970,"date":"2024-05-29T13:21:32","date_gmt":"2024-05-29T19:21:32","guid":{"rendered":"https:\/\/cuernavaca.gob.mx\/?p=40970"},"modified":"2024-05-29T13:21:32","modified_gmt":"2024-05-29T19:21:32","slug":"b1761-29-05-24-ayuntamiento-de-cuernavaca-garantiza-condiciones-para-una-alta-participacion-en-la-jornada-electoral-del-2-de-junio","status":"publish","type":"post","link":"https:\/\/cuernavaca.gob.mx\/?p=40970","title":{"rendered":"B1761 29\/05\/24 AYUNTAMIENTO DE CUERNAVACA GARANTIZA CONDICIONES PARA UNA ALTA PARTICIPACI\u00d3N EN LA JORNADA ELECTORAL DEL 2 DE JUNIO"},"content":{"rendered":"<p><strong>\u2022 La s\u00edndica municipal en funciones de presidenta municipal, Ver\u00f3nica Atenco, inform\u00f3 que se estar\u00e1 trabajando coordinadamente con el INE, el IMPEPAC, as\u00ed como la SEDENA y la Guardia Nacional<\/strong><\/p>\n<p><strong>\u2022 A partir de las 00:00 horas del s\u00e1bado 01 de junio hasta las 23:59 horas del domingo 02 de junio del a\u00f1o en curso estar\u00e1 prohibido en el municipio la venta y expendio de bebidas alcoh\u00f3licas y\/o embriagantes<\/strong><\/p>\n<p>La s\u00edndica municipal en funciones de presidenta municipal de Cuernavaca, Catalina Ver\u00f3nica Atenco P\u00e9rez, sostuvo que, en coordinaci\u00f3n con las diferentes instancias del Ayuntamiento capitalino, en particular con la Secretar\u00eda de Protecci\u00f3n y Auxilio Ciudadano (SEPRAC), la Secretar\u00eda del Ayuntamiento y la misma Sindicatura, se trabaja para garantizar el domingo 02 de junio una jornada electoral arm\u00f3nica, pac\u00edfica y ordenada, donde las y los cuernavaquenses puedan cumplir libremente con su derecho ciudadano al voto.<\/p>\n<p>Se\u00f1al\u00f3 que a trav\u00e9s de la SEPRAC se estar\u00e1n desplegando cerca de 250 elementos en un operativo especial de seguridad, que tendr\u00e1 presencia en las zonas donde se ubican las 544 casillas que se instalar\u00e1n en el territorio municipal, algunas de ellas ubicadas en dependencias municipales como la sede Papagayo donde estar\u00e1 situada la casilla b\u00e1sica 1 secci\u00f3n 363.<\/p>\n<p>El operativo estar\u00e1 integrado por elementos de la polic\u00eda preventiva, vial, bomberos y de protecci\u00f3n civil, se contar\u00e1 con 37 unidades operativas, manteniendo el monitoreo por parte de la Central de Emergencias C4; adem\u00e1s al ser un trabajo conjunto se ha solicitado el apoyo de la SEDENA y de la Guardia Nacional en algunas colonias con incidencia delictiva, a fin de prevenir cualquier situaci\u00f3n que ponga el riesgo a la participaci\u00f3n ciudadan\u00eda.<\/p>\n<p>Siguiendo la l\u00ednea nacional, la s\u00edndica municipal en funciones de presidenta municipal de Cuernavaca, indic\u00f3 que a partir de las 00:00 horas del s\u00e1bado 01 de junio hasta las 23:59 horas del domingo 02 de junio del a\u00f1o en curso estar\u00e1 prohibido en el municipio la venta y expendio de bebidas alcoh\u00f3licas y\/o embriagantes, abonando a que la elecci\u00f3n se realice de manera arm\u00f3nica, pac\u00edfica, ordenada y sin aglomeraciones.<\/p>\n<p>El domingo 2 de junio los Juzgados C\u00edvicos estar\u00e1n operando de manera regular para atender faltas administrativas, as\u00ed como el Registro Civil por cuestiones extraordinarias que pudiera requerir la poblaci\u00f3n.<\/p>\n<p>Catalina Ver\u00f3nica Atenco invit\u00f3 a la poblaci\u00f3n a ejercer libremente su voto, siendo esta la primera forma en que pueden defender la democracia del pa\u00eds, en tanto exhortando a quienes son parte del proceso electoral, a promover el mensaje de que ser\u00e1n unas elecciones seguras y de conformidad a los lineamientos establecidos por la autoridad en la materia.<\/p>\n<p>*Esta publicaci\u00f3n es de car\u00e1cter informativo, de inter\u00e9s p\u00fablico y ajeno a cualquier partido pol\u00edtico*<\/p>\n\n\t\t<style type=\"text\/css\">\n\t\t\t#gallery-1 {\n\t\t\t\tmargin: auto;\n\t\t\t}\n\t\t\t#gallery-1 .gallery-item {\n\t\t\t\tfloat: left;\n\t\t\t\tmargin-top: 10px;\n\t\t\t\ttext-align: center;\n\t\t\t\twidth: 33%;\n\t\t\t}\n\t\t\t#gallery-1 img {\n\t\t\t\tborder: 2px solid #cfcfcf;\n\t\t\t}\n\t\t\t#gallery-1 .gallery-caption {\n\t\t\t\tmargin-left: 0;\n\t\t\t}\n\t\t\t\/* see gallery_shortcode() in wp-includes\/media.php *\/\n\t\t<\/style>\n\t\t<div id='gallery-1' class='gallery galleryid-40970 gallery-columns-3 gallery-size-thumbnail'><dl class='gallery-item'>\n\t\t\t<dt class='gallery-icon landscape'>\n\t\t\t\t<a href='https:\/\/cuernavaca.gob.mx\/?attachment_id=40971'><img width=\"150\" height=\"150\" src=\"https:\/\/cuernavaca.gob.mx\/wp-content\/uploads\/2024\/05\/AYUNTAMIENTO-DE-CUERNAVACA-GARANTIZA-CONDICIONES-PARA-UNA-ALTA-PARTICIPACIO\u0301N-EN-LA-JORNADA-ELECTORAL-DEL-2-DE-JUNIO-1-150x150.jpg\" class=\"attachment-thumbnail size-thumbnail\" alt=\"\" loading=\"lazy\" \/><\/a>\n\t\t\t<\/dt><\/dl><dl class='gallery-item'>\n\t\t\t<dt class='gallery-icon landscape'>\n\t\t\t\t<a href='https:\/\/cuernavaca.gob.mx\/?attachment_id=40972'><img width=\"150\" height=\"150\" src=\"https:\/\/cuernavaca.gob.mx\/wp-content\/uploads\/2024\/05\/AYUNTAMIENTO-DE-CUERNAVACA-GARANTIZA-CONDICIONES-PARA-UNA-ALTA-PARTICIPACIO\u0301N-EN-LA-JORNADA-ELECTORAL-DEL-2-DE-JUNIO-2-150x150.jpg\" class=\"attachment-thumbnail size-thumbnail\" alt=\"\" loading=\"lazy\" \/><\/a>\n\t\t\t<\/dt><\/dl><dl class='gallery-item'>\n\t\t\t<dt class='gallery-icon landscape'>\n\t\t\t\t<a href='https:\/\/cuernavaca.gob.mx\/?attachment_id=40973'><img width=\"150\" height=\"150\" src=\"https:\/\/cuernavaca.gob.mx\/wp-content\/uploads\/2024\/05\/AYUNTAMIENTO-DE-CUERNAVACA-GARANTIZA-CONDICIONES-PARA-UNA-ALTA-PARTICIPACIO\u0301N-EN-LA-JORNADA-ELECTORAL-DEL-2-DE-JUNIO-3-150x150.jpg\" class=\"attachment-thumbnail size-thumbnail\" alt=\"\" loading=\"lazy\" \/><\/a>\n\t\t\t<\/dt><\/dl><br style=\"clear: both\" \/><dl class='gallery-item'>\n\t\t\t<dt class='gallery-icon landscape'>\n\t\t\t\t<a href='https:\/\/cuernavaca.gob.mx\/?attachment_id=40974'><img width=\"150\" height=\"150\" src=\"https:\/\/cuernavaca.gob.mx\/wp-content\/uploads\/2024\/05\/AYUNTAMIENTO-DE-CUERNAVACA-GARANTIZA-CONDICIONES-PARA-UNA-ALTA-PARTICIPACIO\u0301N-EN-LA-JORNADA-ELECTORAL-DEL-2-DE-JUNIO-4-150x150.jpg\" class=\"attachment-thumbnail size-thumbnail\" alt=\"\" loading=\"lazy\" \/><\/a>\n\t\t\t<\/dt><\/dl>\n\t\t\t<br style='clear: both' \/>\n\t\t<\/div>\n\n<p>&nbsp;<\/p>\n","protected":false},"excerpt":{"rendered":"<p>\u2022 La s\u00edndica municipal en funciones de presidenta municipal, Ver\u00f3nica Atenco, inform\u00f3 que se estar\u00e1 trabajando coordinadamente con el INE, el IMPEPAC, as\u00ed como la SEDENA y la Guardia Nacional \u2022 A partir de las 00:00 horas del s\u00e1bado 01 de junio hasta las 23:59 horas del domingo 02 de junio del a\u00f1o en curso [&hellip;]<\/p>\n","protected":false},"author":1,"featured_media":40972,"comment_status":"closed","ping_status":"open","sticky":false,"template":"","format":"standard","meta":[],"categories":[20],"tags":[3306,121,3395,321,120,206,127,3675],"aioseo_notices":[],"_links":{"self":[{"href":"https:\/\/cuernavaca.gob.mx\/index.php?rest_route=\/wp\/v2\/posts\/40970"}],"collection":[{"href":"https:\/\/cuernavaca.gob.mx\/index.php?rest_route=\/wp\/v2\/posts"}],"about":[{"href":"https:\/\/cuernavaca.gob.mx\/index.php?rest_route=\/wp\/v2\/types\/post"}],"author":[{"embeddable":true,"href":"https:\/\/cuernavaca.gob.mx\/index.php?rest_route=\/wp\/v2\/users\/1"}],"replies":[{"embeddable":true,"href":"https:\/\/cuernavaca.gob.mx\/index.php?rest_route=%2Fwp%2Fv2%2Fcomments&post=40970"}],"version-history":[{"count":1,"href":"https:\/\/cuernavaca.gob.mx\/index.php?rest_route=\/wp\/v2\/posts\/40970\/revisions"}],"predecessor-version":[{"id":40975,"href":"https:\/\/cuernavaca.gob.mx\/index.php?rest_route=\/wp\/v2\/posts\/40970\/revisions\/40975"}],"wp:featuredmedia":[{"embeddable":true,"href":"https:\/\/cuernavaca.gob.mx\/index.php?rest_route=\/wp\/v2\/media\/40972"}],"wp:attachment":[{"href":"https:\/\/cuernavaca.gob.mx\/index.php?rest_route=%2Fwp%2Fv2%2Fmedia&parent=40970"}],"wp:term":[{"taxonomy":"category","embeddable":true,"href":"https:\/\/cuernavaca.gob.mx\/index.php?rest_route=%2Fwp%2Fv2%2Fcategories&post=40970"},{"taxonomy":"post_tag","embeddable":true,"href":"https:\/\/cuernavaca.gob.mx\/index.php?rest_route=%2Fwp%2Fv2%2Ftags&post=40970"}],"curies":[{"name":"wp","href":"https:\/\/api.w.org\/{rel}","templated":true}]}}