{"id":41207,"date":"2024-06-11T14:30:48","date_gmt":"2024-06-11T20:30:48","guid":{"rendered":"https:\/\/cuernavaca.gob.mx\/?p=41207"},"modified":"2024-06-11T17:22:38","modified_gmt":"2024-06-11T23:22:38","slug":"b1782-11-06-24-concluye-ayuntamiento-de-cuernavaca-la-obra-de-pavimentacion-con-concreto-nueva-linea-de-agua-y-drenaje-de-la-avenida-estado-de-puebla-en-la-lazaro-cardenas","status":"publish","type":"post","link":"https:\/\/cuernavaca.gob.mx\/?p=41207","title":{"rendered":"B1782 11\/06\/24 CONCLUYE AYUNTAMIENTO DE CUERNAVACA LA OBRA DE PAVIMENTACI\u00d3N CON CONCRETO, NUEVA LINEA DE AGUA Y DRENAJE DE LA AVENIDA ESTADO DE PUEBLA, EN LA L\u00c1ZARO C\u00c1RDENAS"},"content":{"rendered":"<p><strong>\u2022 Con una inversi\u00f3n de cuatro millones 998 mil 837.79 pesos que etiquet\u00f3 el Congreso del Estado de Morelos se llev\u00f3 a cabo la rehabilitaci\u00f3n integral de esta importante vialidad<\/strong><\/p>\n<p><strong>\u2022 Permitir\u00e1 una mejor comunicaci\u00f3n con las colonias El Polvor\u00edn, Ampliaci\u00f3n L\u00e1zaro C\u00e1rdenas y Loma Bonita, as\u00ed como con los municipios de Emiliano Zapata, Jiutepec y Temixco<\/strong><\/p>\n<p>El Ayuntamiento de Cuernavaca sigue apostando a tener mejores calles y con mejores servicios, lo cual qued\u00f3 refrendado este martes con la entrega de la construcci\u00f3n de pavimento con concreto asf\u00e1ltico y la rehabilitaci\u00f3n de la red de drenaje sanitario y de la l\u00ednea de agua potable de la avenida Estado de Puebla que beneficiar\u00e1 a m\u00e1s de 22 mil 800 habitantes directos de las colonias El Polvor\u00edn, L\u00e1zaro C\u00e1rdenas, Ampliaci\u00f3n L\u00e1zaro C\u00e1rdenas y Loma Bonita.<\/p>\n<p>Con una inversi\u00f3n de cuatro millones 998 mil 837.79 pesos que etiquetaron diputadas y diputados del Congreso del Estado de Morelos a trav\u00e9s del Fondo de Infraestructura Regional Municipal se llev\u00f3 a cabo con relaci\u00f3n al drenaje sanitario, el suministro e instalaci\u00f3n de tuber\u00eda TDR ultra corrugado de 12 pulgadas de di\u00e1metros en 57 metros lineales, para la l\u00ednea de agua potable el suministro e instalaci\u00f3n de tuber\u00eda PAD RD- 13.5 de cuatro pulgadas de di\u00e1metro en 153 metros lineales, la reposici\u00f3n de tomas domiciliarias de media pulgada en 34 piezas y una prueba hidrost\u00e1tica de tuber\u00eda sanitaria de cuatro pulgadas de cien mil\u00edmetros en 153 metros lineales.<\/p>\n<p>El secretario de Desarrollo Urbano y Obras P\u00fablicas, Demetrio Chavira de la Torre, destac\u00f3 que para la construcci\u00f3n del pavimento se coloc\u00f3 una carpeta de siete cent\u00edmetros de espesor de concreto asf\u00e1ltico en caliente en cinco mil 196.60 metros cuadrados, se hizo la renivelaci\u00f3n de ocho registros de agua potable y de seis pozos de visita por medio de enrace, as\u00ed como la construcci\u00f3n de banquetas de 10 cent\u00edmetros de espesor en 19 metros cuadrados y guarniciones de 20x15x20 cent\u00edmetros en 75 metros lineales.<\/p>\n<p>Acompa\u00f1ado del titular de la Delegaci\u00f3n L\u00e1zaro C\u00e1rdenas del R\u00edo, Mario Meneses Pozos y de vecinos de la zona, a\u00f1adi\u00f3 que en un periodo de 60 d\u00edas naturales efectuaron tambi\u00e9n el suministro y aplicaci\u00f3n de pintura termopl\u00e1stica con microesferas de color blanco en mil 455 metros lineales y pintura para tr\u00e1fico base solvente color amarillo con microesferas en guarniciones de concreto en 955 metros lineales.<\/p>\n<p>Cabe mencionar que la avenida Estado de Puebla es una de las principales v\u00edas de comunicaci\u00f3n con otros municipios del estado, como Emiliano Zapata, Jiutepec y Temixco, siendo de suma trascendencia su rehabilitaci\u00f3n para mejorar la movilidad en la capital morelense.<\/p>\n\n\t\t<style type=\"text\/css\">\n\t\t\t#gallery-1 {\n\t\t\t\tmargin: auto;\n\t\t\t}\n\t\t\t#gallery-1 .gallery-item {\n\t\t\t\tfloat: left;\n\t\t\t\tmargin-top: 10px;\n\t\t\t\ttext-align: center;\n\t\t\t\twidth: 33%;\n\t\t\t}\n\t\t\t#gallery-1 img {\n\t\t\t\tborder: 2px solid #cfcfcf;\n\t\t\t}\n\t\t\t#gallery-1 .gallery-caption {\n\t\t\t\tmargin-left: 0;\n\t\t\t}\n\t\t\t\/* see gallery_shortcode() in wp-includes\/media.php *\/\n\t\t<\/style>\n\t\t<div id='gallery-1' class='gallery galleryid-41207 gallery-columns-3 gallery-size-thumbnail'><dl class='gallery-item'>\n\t\t\t<dt class='gallery-icon landscape'>\n\t\t\t\t<a href='https:\/\/cuernavaca.gob.mx\/?attachment_id=41208'><img width=\"150\" height=\"150\" src=\"https:\/\/cuernavaca.gob.mx\/wp-content\/uploads\/2024\/06\/CONCLUYE-AYUNTAMIENTO-DE-CUERNAVACA-LA-OBRA-DE-PAVIMENTACIO\u0301N-CON-CONCRETO-NUEVA-LINEA-DE-AGUA-Y-DRENAJE-DE-LA-AVENIDA-ESTADO-DE-PUEBLA-EN-LA-LA\u0301ZARO-CA\u0301RDENAS-1-150x150.jpg\" class=\"attachment-thumbnail size-thumbnail\" alt=\"\" loading=\"lazy\" \/><\/a>\n\t\t\t<\/dt><\/dl><dl class='gallery-item'>\n\t\t\t<dt class='gallery-icon landscape'>\n\t\t\t\t<a href='https:\/\/cuernavaca.gob.mx\/?attachment_id=41209'><img width=\"150\" height=\"150\" src=\"https:\/\/cuernavaca.gob.mx\/wp-content\/uploads\/2024\/06\/CONCLUYE-AYUNTAMIENTO-DE-CUERNAVACA-LA-OBRA-DE-PAVIMENTACIO\u0301N-CON-CONCRETO-NUEVA-LINEA-DE-AGUA-Y-DRENAJE-DE-LA-AVENIDA-ESTADO-DE-PUEBLA-EN-LA-LA\u0301ZARO-CA\u0301RDENAS-2-150x150.jpg\" class=\"attachment-thumbnail size-thumbnail\" alt=\"\" loading=\"lazy\" \/><\/a>\n\t\t\t<\/dt><\/dl><dl class='gallery-item'>\n\t\t\t<dt class='gallery-icon landscape'>\n\t\t\t\t<a href='https:\/\/cuernavaca.gob.mx\/?attachment_id=41210'><img width=\"150\" height=\"150\" src=\"https:\/\/cuernavaca.gob.mx\/wp-content\/uploads\/2024\/06\/CONCLUYE-AYUNTAMIENTO-DE-CUERNAVACA-LA-OBRA-DE-PAVIMENTACIO\u0301N-CON-CONCRETO-NUEVA-LINEA-DE-AGUA-Y-DRENAJE-DE-LA-AVENIDA-ESTADO-DE-PUEBLA-EN-LA-LA\u0301ZARO-CA\u0301RDENAS-3-150x150.jpg\" class=\"attachment-thumbnail size-thumbnail\" alt=\"\" loading=\"lazy\" \/><\/a>\n\t\t\t<\/dt><\/dl><br style=\"clear: both\" \/><dl class='gallery-item'>\n\t\t\t<dt class='gallery-icon landscape'>\n\t\t\t\t<a href='https:\/\/cuernavaca.gob.mx\/?attachment_id=41211'><img width=\"150\" height=\"150\" src=\"https:\/\/cuernavaca.gob.mx\/wp-content\/uploads\/2024\/06\/CONCLUYE-AYUNTAMIENTO-DE-CUERNAVACA-LA-OBRA-DE-PAVIMENTACIO\u0301N-CON-CONCRETO-NUEVA-LINEA-DE-AGUA-Y-DRENAJE-DE-LA-AVENIDA-ESTADO-DE-PUEBLA-EN-LA-LA\u0301ZARO-CA\u0301RDENAS-4-150x150.jpg\" class=\"attachment-thumbnail size-thumbnail\" alt=\"\" loading=\"lazy\" \/><\/a>\n\t\t\t<\/dt><\/dl><dl class='gallery-item'>\n\t\t\t<dt class='gallery-icon portrait'>\n\t\t\t\t<a href='https:\/\/cuernavaca.gob.mx\/?attachment_id=41212'><img width=\"150\" height=\"150\" src=\"https:\/\/cuernavaca.gob.mx\/wp-content\/uploads\/2024\/06\/CONCLUYE-AYUNTAMIENTO-DE-CUERNAVACA-LA-OBRA-DE-PAVIMENTACIO\u0301N-CON-CONCRETO-NUEVA-LINEA-DE-AGUA-Y-DRENAJE-DE-LA-AVENIDA-ESTADO-DE-PUEBLA-EN-LA-LA\u0301ZARO-CA\u0301RDENAS-5-150x150.jpg\" class=\"attachment-thumbnail size-thumbnail\" alt=\"\" loading=\"lazy\" \/><\/a>\n\t\t\t<\/dt><\/dl><dl class='gallery-item'>\n\t\t\t<dt class='gallery-icon landscape'>\n\t\t\t\t<a href='https:\/\/cuernavaca.gob.mx\/?attachment_id=41213'><img width=\"150\" height=\"150\" src=\"https:\/\/cuernavaca.gob.mx\/wp-content\/uploads\/2024\/06\/CONCLUYE-AYUNTAMIENTO-DE-CUERNAVACA-LA-OBRA-DE-PAVIMENTACIO\u0301N-CON-CONCRETO-NUEVA-LINEA-DE-AGUA-Y-DRENAJE-DE-LA-AVENIDA-ESTADO-DE-PUEBLA-EN-LA-LA\u0301ZARO-CA\u0301RDENAS-6-150x150.jpg\" class=\"attachment-thumbnail size-thumbnail\" alt=\"\" loading=\"lazy\" \/><\/a>\n\t\t\t<\/dt><\/dl><br style=\"clear: both\" \/><dl class='gallery-item'>\n\t\t\t<dt class='gallery-icon landscape'>\n\t\t\t\t<a href='https:\/\/cuernavaca.gob.mx\/?attachment_id=41214'><img width=\"150\" height=\"150\" src=\"https:\/\/cuernavaca.gob.mx\/wp-content\/uploads\/2024\/06\/CONCLUYE-AYUNTAMIENTO-DE-CUERNAVACA-LA-OBRA-DE-PAVIMENTACIO\u0301N-CON-CONCRETO-NUEVA-LINEA-DE-AGUA-Y-DRENAJE-DE-LA-AVENIDA-ESTADO-DE-PUEBLA-EN-LA-LA\u0301ZARO-CA\u0301RDENAS-7-150x150.jpg\" class=\"attachment-thumbnail size-thumbnail\" alt=\"\" loading=\"lazy\" \/><\/a>\n\t\t\t<\/dt><\/dl>\n\t\t\t<br style='clear: both' \/>\n\t\t<\/div>\n\n","protected":false},"excerpt":{"rendered":"<p>\u2022 Con una inversi\u00f3n de cuatro millones 998 mil 837.79 pesos que etiquet\u00f3 el Congreso del Estado de Morelos se llev\u00f3 a cabo la rehabilitaci\u00f3n integral de esta importante vialidad \u2022 Permitir\u00e1 una mejor comunicaci\u00f3n con las colonias El Polvor\u00edn, Ampliaci\u00f3n L\u00e1zaro C\u00e1rdenas y Loma Bonita, as\u00ed como con los municipios de Emiliano Zapata, Jiutepec [&hellip;]<\/p>\n","protected":false},"author":1,"featured_media":41212,"comment_status":"closed","ping_status":"open","sticky":false,"template":"","format":"standard","meta":[],"categories":[1],"tags":[615,121,515,120,206,1075,358,127,3690],"aioseo_notices":[],"_links":{"self":[{"href":"https:\/\/cuernavaca.gob.mx\/index.php?rest_route=\/wp\/v2\/posts\/41207"}],"collection":[{"href":"https:\/\/cuernavaca.gob.mx\/index.php?rest_route=\/wp\/v2\/posts"}],"about":[{"href":"https:\/\/cuernavaca.gob.mx\/index.php?rest_route=\/wp\/v2\/types\/post"}],"author":[{"embeddable":true,"href":"https:\/\/cuernavaca.gob.mx\/index.php?rest_route=\/wp\/v2\/users\/1"}],"replies":[{"embeddable":true,"href":"https:\/\/cuernavaca.gob.mx\/index.php?rest_route=%2Fwp%2Fv2%2Fcomments&post=41207"}],"version-history":[{"count":1,"href":"https:\/\/cuernavaca.gob.mx\/index.php?rest_route=\/wp\/v2\/posts\/41207\/revisions"}],"predecessor-version":[{"id":41215,"href":"https:\/\/cuernavaca.gob.mx\/index.php?rest_route=\/wp\/v2\/posts\/41207\/revisions\/41215"}],"wp:featuredmedia":[{"embeddable":true,"href":"https:\/\/cuernavaca.gob.mx\/index.php?rest_route=\/wp\/v2\/media\/41212"}],"wp:attachment":[{"href":"https:\/\/cuernavaca.gob.mx\/index.php?rest_route=%2Fwp%2Fv2%2Fmedia&parent=41207"}],"wp:term":[{"taxonomy":"category","embeddable":true,"href":"https:\/\/cuernavaca.gob.mx\/index.php?rest_route=%2Fwp%2Fv2%2Fcategories&post=41207"},{"taxonomy":"post_tag","embeddable":true,"href":"https:\/\/cuernavaca.gob.mx\/index.php?rest_route=%2Fwp%2Fv2%2Ftags&post=41207"}],"curies":[{"name":"wp","href":"https:\/\/api.w.org\/{rel}","templated":true}]}}