{"id":41397,"date":"2024-06-20T14:13:50","date_gmt":"2024-06-20T20:13:50","guid":{"rendered":"https:\/\/cuernavaca.gob.mx\/?p=41397"},"modified":"2024-06-20T14:13:50","modified_gmt":"2024-06-20T20:13:50","slug":"b1797-20-06-24-comenzo-rehabilitacion-con-concreto-asfaltico-de-la-calle-05-de-mayo-en-la-antonio-barona-por-el-ayuntamiento-de-cuernavaca","status":"publish","type":"post","link":"https:\/\/cuernavaca.gob.mx\/?p=41397","title":{"rendered":"B1797 20\/06\/24 COMENZ\u00d3 REHABILITACI\u00d3N CON CONCRETO ASF\u00c1LTICO DE LA CALLE 05 DE MAYO EN LA ANT\u00d3NIO BARONA POR EL AYUNTAMIENTO DE CUERNAVACA"},"content":{"rendered":"<p>\u2022 El Gobierno Municipal sigue priorizando el destino de recursos aprobados por el Cabildo para mejorar la calidad de vida de los habitantes de toda la ciudad<\/p>\n<p>Con una inversi\u00f3n de 560 mil 909.72 pesos del Fondo de Aportaciones para la Infraestructura Social Municipal (FAISMUN), el Ayuntamiento de Cuernavaca contin\u00faa las actividades de mejoramiento urbano en la colonia Antonio Barona a trav\u00e9s de la obra de rehabilitaci\u00f3n de la calle 05 de mayo que concretar\u00e1 un circuito vial totalmente renovado, al sumarse a las intervenciones que se hicieron en las calles 10 de abril y Vicente Guerrero.<\/p>\n<p>En el arranque de los trabajos, el secretario de Desarrollo Urbano y Obras P\u00fablicas, Demetrio Chavira de la Torre, detall\u00f3 que la rehabilitaci\u00f3n total de esta arteria contempla el riego de liga a base de emulsi\u00f3n asf\u00e1ltica FR- 3 a raz\u00f3n de 0.70 lt\/m2 en 805.03 metros cuadrados y la construcci\u00f3n de la carpeta de cinco cent\u00edmetros de espesor de concreto asf\u00e1ltico en caliente en 805.03 metros cuadrados.<\/p>\n<p>Precis\u00f3 que, si bien se tiene un periodo de ejecuci\u00f3n contratado de 30 d\u00edas naturales, la obra podr\u00eda entregarse en un menor tiempo, a fin de evitar mayores molestias a los vecinos y que puedan utilizar la v\u00eda a la brevedad, la cual tambi\u00e9n contar\u00e1 con el balizamiento correspondiente.<\/p>\n<p>Al respecto, la s\u00edndica municipal en funciones de presidenta municipal de Cuernavaca, Ver\u00f3nica Atenco P\u00e9rez, reconoci\u00f3 la trascendencia que tendr\u00e1 esta obra para mejorar la calidad de vida y el entorno de los vecinos, puesto que al encontrarse en muy mal estado afectaba la movilidad vial y peatonal de los usuarios que a partir de estos trabajos contar\u00e1n con una calle en \u00f3ptimas condiciones.<\/p>\n<p>Resalt\u00f3 que estos trabajos se suman a la obra de revestimiento del pavimento asf\u00e1ltico que hicieron el a\u00f1o pasado en la calle 10 de abril y a la rehabilitaci\u00f3n que consta de la construcci\u00f3n de la red de drenaje sanitario, de la l\u00ednea de agua y de la pavimentaci\u00f3n con concreto hidr\u00e1ulico, misma que se est\u00e1 concluyendo.<\/p>\n\n\t\t<style type=\"text\/css\">\n\t\t\t#gallery-1 {\n\t\t\t\tmargin: auto;\n\t\t\t}\n\t\t\t#gallery-1 .gallery-item {\n\t\t\t\tfloat: left;\n\t\t\t\tmargin-top: 10px;\n\t\t\t\ttext-align: center;\n\t\t\t\twidth: 33%;\n\t\t\t}\n\t\t\t#gallery-1 img {\n\t\t\t\tborder: 2px solid #cfcfcf;\n\t\t\t}\n\t\t\t#gallery-1 .gallery-caption {\n\t\t\t\tmargin-left: 0;\n\t\t\t}\n\t\t\t\/* see gallery_shortcode() in wp-includes\/media.php *\/\n\t\t<\/style>\n\t\t<div id='gallery-1' class='gallery galleryid-41397 gallery-columns-3 gallery-size-thumbnail'><dl class='gallery-item'>\n\t\t\t<dt class='gallery-icon landscape'>\n\t\t\t\t<a href='https:\/\/cuernavaca.gob.mx\/?attachment_id=41398'><img width=\"150\" height=\"150\" src=\"https:\/\/cuernavaca.gob.mx\/wp-content\/uploads\/2024\/06\/COMENZO\u0301-REHABILITACIO\u0301N-CON-CONCRETO-ASFA\u0301LTICO-DE-LA-CALLE-05-DE-MAYO-EN-LA-ANTO\u0301NIO-BARONA-POR-EL-AYUNTAMIENTO-DE-CUERNAVACA-1-150x150.jpg\" class=\"attachment-thumbnail size-thumbnail\" alt=\"\" loading=\"lazy\" \/><\/a>\n\t\t\t<\/dt><\/dl><dl class='gallery-item'>\n\t\t\t<dt class='gallery-icon landscape'>\n\t\t\t\t<a href='https:\/\/cuernavaca.gob.mx\/?attachment_id=41399'><img width=\"150\" height=\"150\" src=\"https:\/\/cuernavaca.gob.mx\/wp-content\/uploads\/2024\/06\/COMENZO\u0301-REHABILITACIO\u0301N-CON-CONCRETO-ASFA\u0301LTICO-DE-LA-CALLE-05-DE-MAYO-EN-LA-ANTO\u0301NIO-BARONA-POR-EL-AYUNTAMIENTO-DE-CUERNAVACA-2-150x150.jpg\" class=\"attachment-thumbnail size-thumbnail\" alt=\"\" loading=\"lazy\" \/><\/a>\n\t\t\t<\/dt><\/dl><dl class='gallery-item'>\n\t\t\t<dt class='gallery-icon landscape'>\n\t\t\t\t<a href='https:\/\/cuernavaca.gob.mx\/?attachment_id=41400'><img width=\"150\" height=\"150\" src=\"https:\/\/cuernavaca.gob.mx\/wp-content\/uploads\/2024\/06\/COMENZO\u0301-REHABILITACIO\u0301N-CON-CONCRETO-ASFA\u0301LTICO-DE-LA-CALLE-05-DE-MAYO-EN-LA-ANTO\u0301NIO-BARONA-POR-EL-AYUNTAMIENTO-DE-CUERNAVACA-3-150x150.jpg\" class=\"attachment-thumbnail size-thumbnail\" alt=\"\" loading=\"lazy\" \/><\/a>\n\t\t\t<\/dt><\/dl><br style=\"clear: both\" \/><dl class='gallery-item'>\n\t\t\t<dt class='gallery-icon landscape'>\n\t\t\t\t<a href='https:\/\/cuernavaca.gob.mx\/?attachment_id=41401'><img width=\"150\" height=\"150\" src=\"https:\/\/cuernavaca.gob.mx\/wp-content\/uploads\/2024\/06\/COMENZO\u0301-REHABILITACIO\u0301N-CON-CONCRETO-ASFA\u0301LTICO-DE-LA-CALLE-05-DE-MAYO-EN-LA-ANTO\u0301NIO-BARONA-POR-EL-AYUNTAMIENTO-DE-CUERNAVACA-4-150x150.jpg\" class=\"attachment-thumbnail size-thumbnail\" alt=\"\" loading=\"lazy\" \/><\/a>\n\t\t\t<\/dt><\/dl><dl class='gallery-item'>\n\t\t\t<dt class='gallery-icon landscape'>\n\t\t\t\t<a href='https:\/\/cuernavaca.gob.mx\/?attachment_id=41402'><img width=\"150\" height=\"150\" src=\"https:\/\/cuernavaca.gob.mx\/wp-content\/uploads\/2024\/06\/COMENZO\u0301-REHABILITACIO\u0301N-CON-CONCRETO-ASFA\u0301LTICO-DE-LA-CALLE-05-DE-MAYO-EN-LA-ANTO\u0301NIO-BARONA-POR-EL-AYUNTAMIENTO-DE-CUERNAVACA-5-150x150.jpg\" class=\"attachment-thumbnail size-thumbnail\" alt=\"\" loading=\"lazy\" \/><\/a>\n\t\t\t<\/dt><\/dl><dl class='gallery-item'>\n\t\t\t<dt class='gallery-icon landscape'>\n\t\t\t\t<a href='https:\/\/cuernavaca.gob.mx\/?attachment_id=41403'><img width=\"150\" height=\"150\" src=\"https:\/\/cuernavaca.gob.mx\/wp-content\/uploads\/2024\/06\/COMENZO\u0301-REHABILITACIO\u0301N-CON-CONCRETO-ASFA\u0301LTICO-DE-LA-CALLE-05-DE-MAYO-EN-LA-ANTO\u0301NIO-BARONA-POR-EL-AYUNTAMIENTO-DE-CUERNAVACA-6-150x150.jpg\" class=\"attachment-thumbnail size-thumbnail\" alt=\"\" loading=\"lazy\" \/><\/a>\n\t\t\t<\/dt><\/dl><br style=\"clear: both\" \/><dl class='gallery-item'>\n\t\t\t<dt class='gallery-icon landscape'>\n\t\t\t\t<a href='https:\/\/cuernavaca.gob.mx\/?attachment_id=41404'><img width=\"150\" height=\"150\" src=\"https:\/\/cuernavaca.gob.mx\/wp-content\/uploads\/2024\/06\/COMENZO\u0301-REHABILITACIO\u0301N-CON-CONCRETO-ASFA\u0301LTICO-DE-LA-CALLE-05-DE-MAYO-EN-LA-ANTO\u0301NIO-BARONA-POR-EL-AYUNTAMIENTO-DE-CUERNAVACA-7-150x150.jpg\" class=\"attachment-thumbnail size-thumbnail\" alt=\"\" loading=\"lazy\" \/><\/a>\n\t\t\t<\/dt><\/dl><dl class='gallery-item'>\n\t\t\t<dt class='gallery-icon landscape'>\n\t\t\t\t<a href='https:\/\/cuernavaca.gob.mx\/?attachment_id=41405'><img width=\"150\" height=\"150\" src=\"https:\/\/cuernavaca.gob.mx\/wp-content\/uploads\/2024\/06\/COMENZO\u0301-REHABILITACIO\u0301N-CON-CONCRETO-ASFA\u0301LTICO-DE-LA-CALLE-05-DE-MAYO-EN-LA-ANTO\u0301NIO-BARONA-POR-EL-AYUNTAMIENTO-DE-CUERNAVACA-8-150x150.jpg\" class=\"attachment-thumbnail size-thumbnail\" alt=\"\" loading=\"lazy\" \/><\/a>\n\t\t\t<\/dt><\/dl>\n\t\t\t<br style='clear: both' \/>\n\t\t<\/div>\n\n","protected":false},"excerpt":{"rendered":"<p>\u2022 El Gobierno Municipal sigue priorizando el destino de recursos aprobados por el Cabildo para mejorar la calidad de vida de los habitantes de toda la ciudad Con una inversi\u00f3n de 560 mil 909.72 pesos del Fondo de Aportaciones para la Infraestructura Social Municipal (FAISMUN), el Ayuntamiento de Cuernavaca contin\u00faa las actividades de mejoramiento urbano [&hellip;]<\/p>\n","protected":false},"author":1,"featured_media":41399,"comment_status":"closed","ping_status":"open","sticky":false,"template":"","format":"standard","meta":[],"categories":[18],"tags":[1610,121,515,120,206,1075,213,1960,127],"aioseo_notices":[],"_links":{"self":[{"href":"https:\/\/cuernavaca.gob.mx\/index.php?rest_route=\/wp\/v2\/posts\/41397"}],"collection":[{"href":"https:\/\/cuernavaca.gob.mx\/index.php?rest_route=\/wp\/v2\/posts"}],"about":[{"href":"https:\/\/cuernavaca.gob.mx\/index.php?rest_route=\/wp\/v2\/types\/post"}],"author":[{"embeddable":true,"href":"https:\/\/cuernavaca.gob.mx\/index.php?rest_route=\/wp\/v2\/users\/1"}],"replies":[{"embeddable":true,"href":"https:\/\/cuernavaca.gob.mx\/index.php?rest_route=%2Fwp%2Fv2%2Fcomments&post=41397"}],"version-history":[{"count":1,"href":"https:\/\/cuernavaca.gob.mx\/index.php?rest_route=\/wp\/v2\/posts\/41397\/revisions"}],"predecessor-version":[{"id":41406,"href":"https:\/\/cuernavaca.gob.mx\/index.php?rest_route=\/wp\/v2\/posts\/41397\/revisions\/41406"}],"wp:featuredmedia":[{"embeddable":true,"href":"https:\/\/cuernavaca.gob.mx\/index.php?rest_route=\/wp\/v2\/media\/41399"}],"wp:attachment":[{"href":"https:\/\/cuernavaca.gob.mx\/index.php?rest_route=%2Fwp%2Fv2%2Fmedia&parent=41397"}],"wp:term":[{"taxonomy":"category","embeddable":true,"href":"https:\/\/cuernavaca.gob.mx\/index.php?rest_route=%2Fwp%2Fv2%2Fcategories&post=41397"},{"taxonomy":"post_tag","embeddable":true,"href":"https:\/\/cuernavaca.gob.mx\/index.php?rest_route=%2Fwp%2Fv2%2Ftags&post=41397"}],"curies":[{"name":"wp","href":"https:\/\/api.w.org\/{rel}","templated":true}]}}