{"id":41407,"date":"2024-06-20T15:40:56","date_gmt":"2024-06-20T21:40:56","guid":{"rendered":"https:\/\/cuernavaca.gob.mx\/?p=41407"},"modified":"2024-06-20T15:40:56","modified_gmt":"2024-06-20T21:40:56","slug":"b1798-20-06-24-no-habra-prorroga-para-el-pago-de-refrendo-del-comercio-en-via-publica-y-considerarse-en-el-proceso-regularizacion-en-cuernavaca","status":"publish","type":"post","link":"https:\/\/cuernavaca.gob.mx\/?p=41407","title":{"rendered":"B1798 20\/06\/24 NO HABR\u00c1 PRORROGA PARA EL PAGO DE REFRENDO DEL COMERCIO EN V\u00cdA PUBLICA Y CONSIDERARSE EN EL PROCESO REGULARIZACI\u00d3N EN CUERNAVACA"},"content":{"rendered":"<p><strong>\u2022 El pr\u00f3ximo viernes 28 de junio concluir\u00e1 el plazo para los comerciantes ubicados en el Centro Hist\u00f3rico y periferia de Cuernavaca<\/strong><\/p>\n<p><strong>\u2022 La disposici\u00f3n para este est\u00edmulo fiscal fue aprobada en el mes de abril del 2024 por el Cabildo<\/strong><\/p>\n<p>El pr\u00f3ximo viernes 28 de junio vence el plazo para que todos los comerciantes en la v\u00eda p\u00fablica ubicados en el Centro Hist\u00f3rico y periferia de Cuernavaca con permiso vigente puedan regularizarse en el pago de su refrendo, de lo contrario a partir del 01 de julio ser\u00e1n dados de baja del padr\u00f3n municipal y se proceder\u00e1 a la aplicaci\u00f3n de los procesos administrativos conducentes.<\/p>\n<p>Derivado de la problem\u00e1tica del ambulantaje que por a\u00f1os ha afectado a la capital morelense, el Cabildo del Ayuntamiento de Cuernavaca consider\u00f3 necesario establecer las bases para la reorganizaci\u00f3n y regulaci\u00f3n de la actividad comercial que realizan en la v\u00eda p\u00fablica, manejando como base la conciliaci\u00f3n con los diferentes liderazgos y representaciones.<\/p>\n<p>Por ello, desde el mes de abril del 2023 se han autorizado una serie de est\u00edmulos fiscales encaminados a otorgarles todas las facilidades para su cumplimiento, lo cual qued\u00f3 plasmado en el acuerdo SO\/AC-319\/19-IV-2023; estos incentivos fiscales han dado continuidad a los acuerdos establecidos en su momento con los diferentes liderazgos del comercio en v\u00eda p\u00fablica que han dado como resultado la liberaci\u00f3n de distintas vialidades, como Plan de Ayala, Miguel Hidalgo, la periferia del mercado Adolfo L\u00f3pez Mateos y en general, el primer cuadro de la ciudad.<\/p>\n<p>Cabe recordar que el \u00faltimo est\u00edmulo fiscal vigente fue aprobado en el mes de abril del 2024, concluyendo este pr\u00f3ximo viernes 28 de junio seg\u00fan lo est\u00edpula el acuerdo SO\/AC-761\/24-IV-2024 que se\u00f1ala que no habr\u00e1 pr\u00f3rroga y que todo aquel que no cuente con permiso vigente ser\u00e1 removido del lugar en donde se encuentre, siendo sancionado conforme a lo establecido en los reglamentos vigentes.<\/p>\n<p>Los acuerdos se han dirigido a aquellos comerciantes que cumplan con los requisitos legales y el procedimiento establecido por la Comisi\u00f3n de Regulaci\u00f3n y Ordenamiento del Comercio en la V\u00eda P\u00fablica de Cuernavaca.<\/p>\n<p>El Gobierno Municipal de Cuernavaca reitera la invitaci\u00f3n a todos los comerciantes en la v\u00eda p\u00fablica que est\u00e1n operando de manera irregular a acudir y respaldar su presencia en el espacio donde han situado su negocio, aprovechando los \u00faltimos d\u00edas de estos descuentos.<\/p>\n\n\t\t<style type=\"text\/css\">\n\t\t\t#gallery-1 {\n\t\t\t\tmargin: auto;\n\t\t\t}\n\t\t\t#gallery-1 .gallery-item {\n\t\t\t\tfloat: left;\n\t\t\t\tmargin-top: 10px;\n\t\t\t\ttext-align: center;\n\t\t\t\twidth: 33%;\n\t\t\t}\n\t\t\t#gallery-1 img {\n\t\t\t\tborder: 2px solid #cfcfcf;\n\t\t\t}\n\t\t\t#gallery-1 .gallery-caption {\n\t\t\t\tmargin-left: 0;\n\t\t\t}\n\t\t\t\/* see gallery_shortcode() in wp-includes\/media.php *\/\n\t\t<\/style>\n\t\t<div id='gallery-1' class='gallery galleryid-41407 gallery-columns-3 gallery-size-thumbnail'><dl class='gallery-item'>\n\t\t\t<dt class='gallery-icon landscape'>\n\t\t\t\t<a href='https:\/\/cuernavaca.gob.mx\/?attachment_id=41408'><img width=\"150\" height=\"150\" src=\"https:\/\/cuernavaca.gob.mx\/wp-content\/uploads\/2024\/06\/NO-HABRA\u0301-PRORROGA-PARA-EL-PAGO-DE-REFRENDO-DEL-COMERCIO-EN-VI\u0301A-PUBLICA-Y-CONSIDERARSE-EN-EL-PROCESO-REGULARIZACIO\u0301N-EN-CUERNAVACA-1-150x150.jpg\" class=\"attachment-thumbnail size-thumbnail\" alt=\"\" loading=\"lazy\" srcset=\"https:\/\/cuernavaca.gob.mx\/wp-content\/uploads\/2024\/06\/NO-HABRA\u0301-PRORROGA-PARA-EL-PAGO-DE-REFRENDO-DEL-COMERCIO-EN-VI\u0301A-PUBLICA-Y-CONSIDERARSE-EN-EL-PROCESO-REGULARIZACIO\u0301N-EN-CUERNAVACA-1-150x150.jpg 150w, https:\/\/cuernavaca.gob.mx\/wp-content\/uploads\/2024\/06\/NO-HABRA\u0301-PRORROGA-PARA-EL-PAGO-DE-REFRENDO-DEL-COMERCIO-EN-VI\u0301A-PUBLICA-Y-CONSIDERARSE-EN-EL-PROCESO-REGULARIZACIO\u0301N-EN-CUERNAVACA-1-300x300.jpg 300w, https:\/\/cuernavaca.gob.mx\/wp-content\/uploads\/2024\/06\/NO-HABRA\u0301-PRORROGA-PARA-EL-PAGO-DE-REFRENDO-DEL-COMERCIO-EN-VI\u0301A-PUBLICA-Y-CONSIDERARSE-EN-EL-PROCESO-REGULARIZACIO\u0301N-EN-CUERNAVACA-1-768x768.jpg 768w, https:\/\/cuernavaca.gob.mx\/wp-content\/uploads\/2024\/06\/NO-HABRA\u0301-PRORROGA-PARA-EL-PAGO-DE-REFRENDO-DEL-COMERCIO-EN-VI\u0301A-PUBLICA-Y-CONSIDERARSE-EN-EL-PROCESO-REGULARIZACIO\u0301N-EN-CUERNAVACA-1-600x600.jpg 600w, https:\/\/cuernavaca.gob.mx\/wp-content\/uploads\/2024\/06\/NO-HABRA\u0301-PRORROGA-PARA-EL-PAGO-DE-REFRENDO-DEL-COMERCIO-EN-VI\u0301A-PUBLICA-Y-CONSIDERARSE-EN-EL-PROCESO-REGULARIZACIO\u0301N-EN-CUERNAVACA-1-560x560.jpg 560w, https:\/\/cuernavaca.gob.mx\/wp-content\/uploads\/2024\/06\/NO-HABRA\u0301-PRORROGA-PARA-EL-PAGO-DE-REFRENDO-DEL-COMERCIO-EN-VI\u0301A-PUBLICA-Y-CONSIDERARSE-EN-EL-PROCESO-REGULARIZACIO\u0301N-EN-CUERNAVACA-1.jpg 800w\" sizes=\"(max-width: 150px) 100vw, 150px\" \/><\/a>\n\t\t\t<\/dt><\/dl><dl class='gallery-item'>\n\t\t\t<dt class='gallery-icon landscape'>\n\t\t\t\t<a href='https:\/\/cuernavaca.gob.mx\/?attachment_id=41409'><img width=\"150\" height=\"150\" src=\"https:\/\/cuernavaca.gob.mx\/wp-content\/uploads\/2024\/06\/NO-HABRA\u0301-PRORROGA-PARA-EL-PAGO-DE-REFRENDO-DEL-COMERCIO-EN-VI\u0301A-PUBLICA-Y-CONSIDERARSE-EN-EL-PROCESO-REGULARIZACIO\u0301N-EN-CUERNAVACA-2-150x150.jpg\" class=\"attachment-thumbnail size-thumbnail\" alt=\"\" loading=\"lazy\" \/><\/a>\n\t\t\t<\/dt><\/dl><dl class='gallery-item'>\n\t\t\t<dt class='gallery-icon landscape'>\n\t\t\t\t<a href='https:\/\/cuernavaca.gob.mx\/?attachment_id=41410'><img width=\"150\" height=\"150\" src=\"https:\/\/cuernavaca.gob.mx\/wp-content\/uploads\/2024\/06\/NO-HABRA\u0301-PRORROGA-PARA-EL-PAGO-DE-REFRENDO-DEL-COMERCIO-EN-VI\u0301A-PUBLICA-Y-CONSIDERARSE-EN-EL-PROCESO-REGULARIZACIO\u0301N-EN-CUERNAVACA-3-150x150.jpg\" class=\"attachment-thumbnail size-thumbnail\" alt=\"\" loading=\"lazy\" \/><\/a>\n\t\t\t<\/dt><\/dl><br style=\"clear: both\" \/><dl class='gallery-item'>\n\t\t\t<dt class='gallery-icon landscape'>\n\t\t\t\t<a href='https:\/\/cuernavaca.gob.mx\/?attachment_id=41411'><img width=\"150\" height=\"150\" src=\"https:\/\/cuernavaca.gob.mx\/wp-content\/uploads\/2024\/06\/NO-HABRA\u0301-PRORROGA-PARA-EL-PAGO-DE-REFRENDO-DEL-COMERCIO-EN-VI\u0301A-PUBLICA-Y-CONSIDERARSE-EN-EL-PROCESO-REGULARIZACIO\u0301N-EN-CUERNAVACA-4-150x150.jpg\" class=\"attachment-thumbnail size-thumbnail\" alt=\"\" loading=\"lazy\" \/><\/a>\n\t\t\t<\/dt><\/dl>\n\t\t\t<br style='clear: both' \/>\n\t\t<\/div>\n\n","protected":false},"excerpt":{"rendered":"<p>\u2022 El pr\u00f3ximo viernes 28 de junio concluir\u00e1 el plazo para los comerciantes ubicados en el Centro Hist\u00f3rico y periferia de Cuernavaca \u2022 La disposici\u00f3n para este est\u00edmulo fiscal fue aprobada en el mes de abril del 2024 por el Cabildo El pr\u00f3ximo viernes 28 de junio vence el plazo para que todos los comerciantes [&hellip;]<\/p>\n","protected":false},"author":1,"featured_media":41408,"comment_status":"closed","ping_status":"open","sticky":false,"template":"","format":"standard","meta":[],"categories":[3047],"tags":[594,800,3704,121,120,206,211,127,1548],"aioseo_notices":[],"_links":{"self":[{"href":"https:\/\/cuernavaca.gob.mx\/index.php?rest_route=\/wp\/v2\/posts\/41407"}],"collection":[{"href":"https:\/\/cuernavaca.gob.mx\/index.php?rest_route=\/wp\/v2\/posts"}],"about":[{"href":"https:\/\/cuernavaca.gob.mx\/index.php?rest_route=\/wp\/v2\/types\/post"}],"author":[{"embeddable":true,"href":"https:\/\/cuernavaca.gob.mx\/index.php?rest_route=\/wp\/v2\/users\/1"}],"replies":[{"embeddable":true,"href":"https:\/\/cuernavaca.gob.mx\/index.php?rest_route=%2Fwp%2Fv2%2Fcomments&post=41407"}],"version-history":[{"count":1,"href":"https:\/\/cuernavaca.gob.mx\/index.php?rest_route=\/wp\/v2\/posts\/41407\/revisions"}],"predecessor-version":[{"id":41412,"href":"https:\/\/cuernavaca.gob.mx\/index.php?rest_route=\/wp\/v2\/posts\/41407\/revisions\/41412"}],"wp:featuredmedia":[{"embeddable":true,"href":"https:\/\/cuernavaca.gob.mx\/index.php?rest_route=\/wp\/v2\/media\/41408"}],"wp:attachment":[{"href":"https:\/\/cuernavaca.gob.mx\/index.php?rest_route=%2Fwp%2Fv2%2Fmedia&parent=41407"}],"wp:term":[{"taxonomy":"category","embeddable":true,"href":"https:\/\/cuernavaca.gob.mx\/index.php?rest_route=%2Fwp%2Fv2%2Fcategories&post=41407"},{"taxonomy":"post_tag","embeddable":true,"href":"https:\/\/cuernavaca.gob.mx\/index.php?rest_route=%2Fwp%2Fv2%2Ftags&post=41407"}],"curies":[{"name":"wp","href":"https:\/\/api.w.org\/{rel}","templated":true}]}}