{"id":41413,"date":"2024-06-21T13:00:06","date_gmt":"2024-06-21T19:00:06","guid":{"rendered":"https:\/\/cuernavaca.gob.mx\/?p=41413"},"modified":"2024-06-21T13:22:00","modified_gmt":"2024-06-21T19:22:00","slug":"f816-21-06-24-entrega-ayuntamiento-de-cuernavaca-rehabilitacion-de-la-linea-de-agua-potable-en-calle-cesar-coa-en-altavista","status":"publish","type":"post","link":"https:\/\/cuernavaca.gob.mx\/?p=41413","title":{"rendered":"F816 21\/06\/24 ENTREGA AYUNTAMIENTO DE CUERNAVACA REHABILITACI\u00d3N DE LA L\u00cdNEA DE AGUA POTABLE EN CALLE C\u00c9SAR COA EN ALTAVISTA"},"content":{"rendered":"<p>Bajo el compromiso de garantizar el acceso al agua potable para todos, el Ayuntamiento de Cuernavaca contin\u00faa mejorando la distribuci\u00f3n y abastecimiento a trav\u00e9s de la rehabilitaci\u00f3n de las l\u00edneas de agua potable en distintos puntos de la ciudad, como ocurri\u00f3 en el andador C\u00e9sar Coa de la colonia Altavista.<\/p>\n<p>En este lugar, complejo para su acceso y la dotaci\u00f3n de servicios p\u00fablicos al estar asentadas las viviendas en pronunciadas pendientes, el secretario de Desarrollo Urbano y Obras P\u00fablicas, Demetrio Chavira de la Torre, explic\u00f3 que con una inversi\u00f3n de 330 mil 579.76 pesos proveniente del FAISMUN se llev\u00f3 a cabo la instalaci\u00f3n de un tubo PEAD liso hidr\u00e1ulico RD- 13.5 de dos 1\/2 pulgadas de di\u00e1metro en 158.17 metros lineales, el atraque de concreto para tuber\u00eda de dos pulgadas, dos 1\/2 pulgadas y tres pulgadas de di\u00e1metro en dos piezas, as\u00ed como el suministro e instalaci\u00f3n de v\u00e1lvulas de compuerta de 2.5 pulgadas.<\/p>\n<p>Ante vecinos que atestiguaron la entrega, la s\u00edndica municipal en funciones de presidenta municipal de Cuernavaca, Catalina Ver\u00f3nica Atenco P\u00e9rez, destac\u00f3 la responsabilidad que ha asumido la administraci\u00f3n para atender las necesidades m\u00e1s urgentes de la poblaci\u00f3n, siendo el agua potable una de ellas, para lo cual han destinado desde el a\u00f1o 2022 recursos suficientes para mejorar el servicio y saldar este adeudo hist\u00f3rico con los cuernavaquenses.<\/p>\n\n\t\t<style type=\"text\/css\">\n\t\t\t#gallery-1 {\n\t\t\t\tmargin: auto;\n\t\t\t}\n\t\t\t#gallery-1 .gallery-item {\n\t\t\t\tfloat: left;\n\t\t\t\tmargin-top: 10px;\n\t\t\t\ttext-align: center;\n\t\t\t\twidth: 33%;\n\t\t\t}\n\t\t\t#gallery-1 img {\n\t\t\t\tborder: 2px solid #cfcfcf;\n\t\t\t}\n\t\t\t#gallery-1 .gallery-caption {\n\t\t\t\tmargin-left: 0;\n\t\t\t}\n\t\t\t\/* see gallery_shortcode() in wp-includes\/media.php *\/\n\t\t<\/style>\n\t\t<div id='gallery-1' class='gallery galleryid-41413 gallery-columns-3 gallery-size-thumbnail'><dl class='gallery-item'>\n\t\t\t<dt class='gallery-icon landscape'>\n\t\t\t\t<a href='https:\/\/cuernavaca.gob.mx\/?attachment_id=41414'><img width=\"150\" height=\"150\" src=\"https:\/\/cuernavaca.gob.mx\/wp-content\/uploads\/2024\/06\/f63fa6eb-8923-4013-9156-054e28436fc8-150x150.jpg\" class=\"attachment-thumbnail size-thumbnail\" alt=\"\" loading=\"lazy\" \/><\/a>\n\t\t\t<\/dt><\/dl><dl class='gallery-item'>\n\t\t\t<dt class='gallery-icon landscape'>\n\t\t\t\t<a href='https:\/\/cuernavaca.gob.mx\/?attachment_id=41415'><img width=\"150\" height=\"150\" src=\"https:\/\/cuernavaca.gob.mx\/wp-content\/uploads\/2024\/06\/b01874bd-d5a2-4e19-bdd6-28ab32574a1e-150x150.jpg\" class=\"attachment-thumbnail size-thumbnail\" alt=\"\" loading=\"lazy\" \/><\/a>\n\t\t\t<\/dt><\/dl><dl class='gallery-item'>\n\t\t\t<dt class='gallery-icon landscape'>\n\t\t\t\t<a href='https:\/\/cuernavaca.gob.mx\/?attachment_id=41416'><img width=\"150\" height=\"150\" src=\"https:\/\/cuernavaca.gob.mx\/wp-content\/uploads\/2024\/06\/76b14b1c-5a27-4ff1-bdeb-bf300bb8b68c-150x150.jpg\" class=\"attachment-thumbnail size-thumbnail\" alt=\"\" loading=\"lazy\" \/><\/a>\n\t\t\t<\/dt><\/dl><br style=\"clear: both\" \/><dl class='gallery-item'>\n\t\t\t<dt class='gallery-icon landscape'>\n\t\t\t\t<a href='https:\/\/cuernavaca.gob.mx\/?attachment_id=41417'><img width=\"150\" height=\"150\" src=\"https:\/\/cuernavaca.gob.mx\/wp-content\/uploads\/2024\/06\/739e5d3c-24a6-43d1-8511-73f35bd4e711-150x150.jpg\" class=\"attachment-thumbnail size-thumbnail\" alt=\"\" loading=\"lazy\" \/><\/a>\n\t\t\t<\/dt><\/dl><dl class='gallery-item'>\n\t\t\t<dt class='gallery-icon landscape'>\n\t\t\t\t<a href='https:\/\/cuernavaca.gob.mx\/?attachment_id=41418'><img width=\"150\" height=\"150\" src=\"https:\/\/cuernavaca.gob.mx\/wp-content\/uploads\/2024\/06\/6feee52f-2932-43d9-84f3-bd85a641dcdc-150x150.jpg\" class=\"attachment-thumbnail size-thumbnail\" alt=\"\" loading=\"lazy\" \/><\/a>\n\t\t\t<\/dt><\/dl>\n\t\t\t<br style='clear: both' \/>\n\t\t<\/div>\n\n","protected":false},"excerpt":{"rendered":"<p>Bajo el compromiso de garantizar el acceso al agua potable para todos, el Ayuntamiento de Cuernavaca contin\u00faa mejorando la distribuci\u00f3n y abastecimiento a trav\u00e9s de la rehabilitaci\u00f3n de las l\u00edneas de agua potable en distintos puntos de la ciudad, como ocurri\u00f3 en el andador C\u00e9sar Coa de la colonia Altavista. En este lugar, complejo para [&hellip;]<\/p>\n","protected":false},"author":1,"featured_media":41416,"comment_status":"closed","ping_status":"open","sticky":false,"template":"","format":"standard","meta":[],"categories":[18],"tags":[121,120,206,1075,213,127],"aioseo_notices":[],"_links":{"self":[{"href":"https:\/\/cuernavaca.gob.mx\/index.php?rest_route=\/wp\/v2\/posts\/41413"}],"collection":[{"href":"https:\/\/cuernavaca.gob.mx\/index.php?rest_route=\/wp\/v2\/posts"}],"about":[{"href":"https:\/\/cuernavaca.gob.mx\/index.php?rest_route=\/wp\/v2\/types\/post"}],"author":[{"embeddable":true,"href":"https:\/\/cuernavaca.gob.mx\/index.php?rest_route=\/wp\/v2\/users\/1"}],"replies":[{"embeddable":true,"href":"https:\/\/cuernavaca.gob.mx\/index.php?rest_route=%2Fwp%2Fv2%2Fcomments&post=41413"}],"version-history":[{"count":1,"href":"https:\/\/cuernavaca.gob.mx\/index.php?rest_route=\/wp\/v2\/posts\/41413\/revisions"}],"predecessor-version":[{"id":41419,"href":"https:\/\/cuernavaca.gob.mx\/index.php?rest_route=\/wp\/v2\/posts\/41413\/revisions\/41419"}],"wp:featuredmedia":[{"embeddable":true,"href":"https:\/\/cuernavaca.gob.mx\/index.php?rest_route=\/wp\/v2\/media\/41416"}],"wp:attachment":[{"href":"https:\/\/cuernavaca.gob.mx\/index.php?rest_route=%2Fwp%2Fv2%2Fmedia&parent=41413"}],"wp:term":[{"taxonomy":"category","embeddable":true,"href":"https:\/\/cuernavaca.gob.mx\/index.php?rest_route=%2Fwp%2Fv2%2Fcategories&post=41413"},{"taxonomy":"post_tag","embeddable":true,"href":"https:\/\/cuernavaca.gob.mx\/index.php?rest_route=%2Fwp%2Fv2%2Ftags&post=41413"}],"curies":[{"name":"wp","href":"https:\/\/api.w.org\/{rel}","templated":true}]}}