{"id":41420,"date":"2024-06-21T14:26:18","date_gmt":"2024-06-21T20:26:18","guid":{"rendered":"https:\/\/cuernavaca.gob.mx\/?p=41420"},"modified":"2024-06-21T14:26:18","modified_gmt":"2024-06-21T20:26:18","slug":"b1799-21-06-24-son-bien-recibidas-las-jornadas-de-reforestacion-urbana-que-emprende-el-ayuntamiento-de-cuernavaca","status":"publish","type":"post","link":"https:\/\/cuernavaca.gob.mx\/?p=41420","title":{"rendered":"B1799 21\/06\/24 SON BIEN RECIBIDAS LAS JORNADAS DE REFORESTACI\u00d3N URBANA QUE EMPRENDE EL AYUNTAMIENTO DE CUERNAVACA"},"content":{"rendered":"<p>\u2022 En las \u00faltimas dos semanas la Secretar\u00eda de Desarrollo Sustentable y Servicios P\u00fablicos en coordinaci\u00f3n con vecinos, han plantado m\u00e1s de 200 especies end\u00e9micas del ecosistema en camellones y banquetas<\/p>\n<p>\u2022 Cada jornada contempla la plantaci\u00f3n de 40 a 50 ejemplares con la meta de que al cierre de administraci\u00f3n se incorporen alrededor de cuatro mil \u00e1rboles en diferentes puntos del municipio<\/p>\n<p>En un trabajo conjunto con la poblaci\u00f3n, el Ayuntamiento de Cuernavaca contin\u00faa con las Jornadas de Reforestaci\u00f3n Urbana, mediante las cuales se han plantado hasta el momento m\u00e1s de 200 especies end\u00e9micas del ecosistema de la ciudad con el objetivo de contribuir y mejorar al medio ambiente, recuperando en mediano plazo el microclima de cada espacio urbano y por el que es reconocido Cuernavaca como la Eterna Primavera.<\/p>\n<p>Desde hace 15 d\u00edas la iniciativa ecol\u00f3gica que est\u00e1 encabezada por la Secretar\u00eda de Desarrollo Sustentable y Servicios P\u00fablicos ha tenido presencia en las avenidas Morelos, R\u00edo Mayo, Emiliano Zapata y Poder Legislativo, donde de acuerdo al Manual para el Arbolado de Cuernavaca, cat\u00e1logo creado por la presente administraci\u00f3n municipal, han plantado diversos ejemplares de \u00e1rboles y plantas, como camarones, callistemon, primaveras, lluvias de oro, palma kerpis, tronadoras y astron\u00f3mica, que brindan numerosos servicios ambientales.<\/p>\n<p>Al encabezar la segunda edici\u00f3n de la jornada que se realiz\u00f3 en avenida Poder Legislativo, el director de Parques y Jardines, Eduardo Lenin Zavala, refiri\u00f3 que est\u00e1 actividad continuar\u00e1 lo que resta de la administraci\u00f3n en camellones, \u00e1reas verdes que le corresponden a su \u00e1rea y algunos otros espacios, como banquetas que buscan convertir en jardineras con especies que no solo sean de adorno, sino que tengan una funci\u00f3n ambiental y no causen da\u00f1os a la vialidad como se ha suscitado actualmente.<\/p>\n<p>En cada jornada se contempla la plantaci\u00f3n de 40 a 50 ejemplares con la meta de que al cierre de administraci\u00f3n se incorporen alrededor de cuatro mil \u00e1rboles en diferentes puntos del municipio a trav\u00e9s de un proyecto verde que sensibilice y promueva el mejoramiento del entorno urbano.<\/p>\n<p>Al ser el medio ambiente pilar de las pol\u00edticas p\u00fablicas municipales, desde el inicio de la administraci\u00f3n que preside Jos\u00e9 Luis Uri\u00f3stegui Salgado, se han efectuado de manera peri\u00f3dica estas iniciativas verdes contando con la participaci\u00f3n de la poblaci\u00f3n en la preservaci\u00f3n y protecci\u00f3n de la poblaci\u00f3n arb\u00f3rea y natural que son un factor relevante en el paradis\u00edaco clima de la capital morelense, reforestando \u00e1reas que por a\u00f1os no hab\u00edan sido intervenidas, lo que ha abonado a generar una compensaci\u00f3n ecol\u00f3gica en Cuernavaca.<\/p>\n<p>Para conocer los siguientes puntos de atenci\u00f3n deben ingresar a las redes sociales oficiales del Municipio de Cuernavaca y de la Secretar\u00eda de Desarrollo Sustentable y Servicios P\u00fablicos de Cuernavaca.<\/p>\n\n\t\t<style type=\"text\/css\">\n\t\t\t#gallery-1 {\n\t\t\t\tmargin: auto;\n\t\t\t}\n\t\t\t#gallery-1 .gallery-item {\n\t\t\t\tfloat: left;\n\t\t\t\tmargin-top: 10px;\n\t\t\t\ttext-align: center;\n\t\t\t\twidth: 33%;\n\t\t\t}\n\t\t\t#gallery-1 img {\n\t\t\t\tborder: 2px solid #cfcfcf;\n\t\t\t}\n\t\t\t#gallery-1 .gallery-caption {\n\t\t\t\tmargin-left: 0;\n\t\t\t}\n\t\t\t\/* see gallery_shortcode() in wp-includes\/media.php *\/\n\t\t<\/style>\n\t\t<div id='gallery-1' class='gallery galleryid-41420 gallery-columns-3 gallery-size-thumbnail'><dl class='gallery-item'>\n\t\t\t<dt class='gallery-icon landscape'>\n\t\t\t\t<a href='https:\/\/cuernavaca.gob.mx\/?attachment_id=41421'><img width=\"150\" height=\"150\" src=\"https:\/\/cuernavaca.gob.mx\/wp-content\/uploads\/2024\/06\/SON-BIEN-RECIBIDAS-LAS-JORNADAS-DE-REFORESTACIO\u0301N-URBANA-QUE-EMPRENDE-EL-AYUNTAMIENTO-DE-CUERNAVACA-1-150x150.jpg\" class=\"attachment-thumbnail size-thumbnail\" alt=\"\" loading=\"lazy\" \/><\/a>\n\t\t\t<\/dt><\/dl><dl class='gallery-item'>\n\t\t\t<dt class='gallery-icon landscape'>\n\t\t\t\t<a href='https:\/\/cuernavaca.gob.mx\/?attachment_id=41422'><img width=\"150\" height=\"150\" src=\"https:\/\/cuernavaca.gob.mx\/wp-content\/uploads\/2024\/06\/SON-BIEN-RECIBIDAS-LAS-JORNADAS-DE-REFORESTACIO\u0301N-URBANA-QUE-EMPRENDE-EL-AYUNTAMIENTO-DE-CUERNAVACA-2-150x150.jpg\" class=\"attachment-thumbnail size-thumbnail\" alt=\"\" loading=\"lazy\" \/><\/a>\n\t\t\t<\/dt><\/dl><dl class='gallery-item'>\n\t\t\t<dt class='gallery-icon landscape'>\n\t\t\t\t<a href='https:\/\/cuernavaca.gob.mx\/?attachment_id=41423'><img width=\"150\" height=\"150\" src=\"https:\/\/cuernavaca.gob.mx\/wp-content\/uploads\/2024\/06\/SON-BIEN-RECIBIDAS-LAS-JORNADAS-DE-REFORESTACIO\u0301N-URBANA-QUE-EMPRENDE-EL-AYUNTAMIENTO-DE-CUERNAVACA-3-150x150.jpg\" class=\"attachment-thumbnail size-thumbnail\" alt=\"\" loading=\"lazy\" \/><\/a>\n\t\t\t<\/dt><\/dl><br style=\"clear: both\" \/><dl class='gallery-item'>\n\t\t\t<dt class='gallery-icon landscape'>\n\t\t\t\t<a href='https:\/\/cuernavaca.gob.mx\/?attachment_id=41424'><img width=\"150\" height=\"150\" src=\"https:\/\/cuernavaca.gob.mx\/wp-content\/uploads\/2024\/06\/SON-BIEN-RECIBIDAS-LAS-JORNADAS-DE-REFORESTACIO\u0301N-URBANA-QUE-EMPRENDE-EL-AYUNTAMIENTO-DE-CUERNAVACA-4-150x150.jpg\" class=\"attachment-thumbnail size-thumbnail\" alt=\"\" loading=\"lazy\" \/><\/a>\n\t\t\t<\/dt><\/dl><dl class='gallery-item'>\n\t\t\t<dt class='gallery-icon landscape'>\n\t\t\t\t<a href='https:\/\/cuernavaca.gob.mx\/?attachment_id=41425'><img width=\"150\" height=\"150\" src=\"https:\/\/cuernavaca.gob.mx\/wp-content\/uploads\/2024\/06\/SON-BIEN-RECIBIDAS-LAS-JORNADAS-DE-REFORESTACIO\u0301N-URBANA-QUE-EMPRENDE-EL-AYUNTAMIENTO-DE-CUERNAVACA-5-150x150.jpg\" class=\"attachment-thumbnail size-thumbnail\" alt=\"\" loading=\"lazy\" \/><\/a>\n\t\t\t<\/dt><\/dl>\n\t\t\t<br style='clear: both' \/>\n\t\t<\/div>\n\n","protected":false},"excerpt":{"rendered":"<p>\u2022 En las \u00faltimas dos semanas la Secretar\u00eda de Desarrollo Sustentable y Servicios P\u00fablicos en coordinaci\u00f3n con vecinos, han plantado m\u00e1s de 200 especies end\u00e9micas del ecosistema en camellones y banquetas \u2022 Cada jornada contempla la plantaci\u00f3n de 40 a 50 ejemplares con la meta de que al cierre de administraci\u00f3n se incorporen alrededor de [&hellip;]<\/p>\n","protected":false},"author":1,"featured_media":41425,"comment_status":"closed","ping_status":"open","sticky":false,"template":"","format":"standard","meta":[],"categories":[2271],"tags":[1115,2419,121,120,206,127,1397],"aioseo_notices":[],"_links":{"self":[{"href":"https:\/\/cuernavaca.gob.mx\/index.php?rest_route=\/wp\/v2\/posts\/41420"}],"collection":[{"href":"https:\/\/cuernavaca.gob.mx\/index.php?rest_route=\/wp\/v2\/posts"}],"about":[{"href":"https:\/\/cuernavaca.gob.mx\/index.php?rest_route=\/wp\/v2\/types\/post"}],"author":[{"embeddable":true,"href":"https:\/\/cuernavaca.gob.mx\/index.php?rest_route=\/wp\/v2\/users\/1"}],"replies":[{"embeddable":true,"href":"https:\/\/cuernavaca.gob.mx\/index.php?rest_route=%2Fwp%2Fv2%2Fcomments&post=41420"}],"version-history":[{"count":1,"href":"https:\/\/cuernavaca.gob.mx\/index.php?rest_route=\/wp\/v2\/posts\/41420\/revisions"}],"predecessor-version":[{"id":41426,"href":"https:\/\/cuernavaca.gob.mx\/index.php?rest_route=\/wp\/v2\/posts\/41420\/revisions\/41426"}],"wp:featuredmedia":[{"embeddable":true,"href":"https:\/\/cuernavaca.gob.mx\/index.php?rest_route=\/wp\/v2\/media\/41425"}],"wp:attachment":[{"href":"https:\/\/cuernavaca.gob.mx\/index.php?rest_route=%2Fwp%2Fv2%2Fmedia&parent=41420"}],"wp:term":[{"taxonomy":"category","embeddable":true,"href":"https:\/\/cuernavaca.gob.mx\/index.php?rest_route=%2Fwp%2Fv2%2Fcategories&post=41420"},{"taxonomy":"post_tag","embeddable":true,"href":"https:\/\/cuernavaca.gob.mx\/index.php?rest_route=%2Fwp%2Fv2%2Ftags&post=41420"}],"curies":[{"name":"wp","href":"https:\/\/api.w.org\/{rel}","templated":true}]}}