{"id":41427,"date":"2024-06-21T16:00:12","date_gmt":"2024-06-21T22:00:12","guid":{"rendered":"https:\/\/cuernavaca.gob.mx\/?p=41427"},"modified":"2024-06-21T16:47:21","modified_gmt":"2024-06-21T22:47:21","slug":"b1800-21-06-24-promueve-cabildo-de-cuernavaca-programa-de-reciclaje-del-materia-electoral-utilizado-en-el-pasado-proceso-democratico","status":"publish","type":"post","link":"https:\/\/cuernavaca.gob.mx\/?p=41427","title":{"rendered":"B1800 21\/06\/24 PROMUEVE CABILDO DE CUERNAVACA PROGRAMA DE RECICLAJE DEL MATERIA ELECTORAL UTILIZADO EN EL PASADO PROCESO DEMOCR\u00c1TICO"},"content":{"rendered":"<p><strong>\u2022 La propuesta fue presentada por la regidora Wendi Salinas, presidenta de la Comisi\u00f3n de Protecci\u00f3n Ambiental y Desarrollo Sustentable, a fin de que con estos materiales se realicen diversos productos ecol\u00f3gicos<\/strong><\/p>\n<p>Al ser el medio ambiente pilar de las pol\u00edticas p\u00fablicas municipales, el Cabildo del Ayuntamiento de Cuernavaca, impulsa la implementaci\u00f3n de un programa de reciclaje del material electoral con el objeto de que a trav\u00e9s de la creatividad y participaci\u00f3n ciudadana puedan darles una segunda vida \u00fatil a estos materiales que no siempre reciben un manejo adecuado.<\/p>\n<p>En el marco de la \u00faltima sesi\u00f3n ordinaria de Cabildo, la regidora presidenta de la Comisi\u00f3n de Protecci\u00f3n Ambiental y Desarrollo Sustentable, Wendi Salinas Ruiz, puntualiz\u00f3 que el re\u00faso de la propaganda electoral, no solo implica retirarla a tiempo, sino tambi\u00e9n darle un nuevo prop\u00f3sito para que contribuya al bienestar de la comunidad y al cuidado del medio ambiente, particularmente al estar hechos la mayor\u00eda de estos insumos de materiales que pueden ser reciclados o reutilizados.<\/p>\n<p>Precis\u00f3 que reutilizar estos materiales pueden representar un ahorro econ\u00f3mico significativo para las arcas municipales que fomenta la educaci\u00f3n y conciencia para promover el re\u00faso de la propaganda, educando a la poblaci\u00f3n sobre la importancia del cuidado del entorno y la responsabilidad c\u00edvica, pero adem\u00e1s garantiza calles limpias y libres de propaganda que ya no es vigente, mejorando la imagen urbana.<\/p>\n<p>En este sentido, propuso que la Secretar\u00eda de Desarrollo Sustentable y Servicios P\u00fablicos, ejerza un programa de reciclaje de la propaganda electoral que se ha estado retirando paulatinamente, incentivando la creatividad y participaci\u00f3n ciudadana en la transformaci\u00f3n de estos materiales con el \u00fanico objeto de darles una segunda vida y promover el desarrollo sustentable con la creaci\u00f3n de diversos productos.<\/p>\n<p>Cabe recordar que desde el inicio de la administraci\u00f3n se la ha dado especial \u00e9nfasis al retiro de anuncios o propaganda de cualquier \u00edndole en mobiliario urbano que, pese a estar prohibido por ley estaba plagado de este material, creando inclusive el equipo denominado Sistema de Acci\u00f3n Inmediata (SAI) que se ha encargado de esta importante labor, aunado a los procedimientos que ha iniciado la Secretar\u00eda del Ayuntamiento por no respetar los reglamentos en la materia.<\/p>\n\n\t\t<style type=\"text\/css\">\n\t\t\t#gallery-1 {\n\t\t\t\tmargin: auto;\n\t\t\t}\n\t\t\t#gallery-1 .gallery-item {\n\t\t\t\tfloat: left;\n\t\t\t\tmargin-top: 10px;\n\t\t\t\ttext-align: center;\n\t\t\t\twidth: 33%;\n\t\t\t}\n\t\t\t#gallery-1 img {\n\t\t\t\tborder: 2px solid #cfcfcf;\n\t\t\t}\n\t\t\t#gallery-1 .gallery-caption {\n\t\t\t\tmargin-left: 0;\n\t\t\t}\n\t\t\t\/* see gallery_shortcode() in wp-includes\/media.php *\/\n\t\t<\/style>\n\t\t<div id='gallery-1' class='gallery galleryid-41427 gallery-columns-3 gallery-size-thumbnail'><dl class='gallery-item'>\n\t\t\t<dt class='gallery-icon landscape'>\n\t\t\t\t<a href='https:\/\/cuernavaca.gob.mx\/?attachment_id=41428'><img width=\"150\" height=\"150\" src=\"https:\/\/cuernavaca.gob.mx\/wp-content\/uploads\/2024\/06\/PROMUEVE-CABILDO-DE-CUERNAVACA-PROGRAMA-DE-RECICLAJE-DEL-MATERIA-ELECTORAL-UTILIZADO-EN-EL-PASADO-PROCESO-DEMOCRA\u0301TICO-1-150x150.jpg\" class=\"attachment-thumbnail size-thumbnail\" alt=\"\" loading=\"lazy\" \/><\/a>\n\t\t\t<\/dt><\/dl><dl class='gallery-item'>\n\t\t\t<dt class='gallery-icon landscape'>\n\t\t\t\t<a href='https:\/\/cuernavaca.gob.mx\/?attachment_id=41429'><img width=\"150\" height=\"150\" src=\"https:\/\/cuernavaca.gob.mx\/wp-content\/uploads\/2024\/06\/PROMUEVE-CABILDO-DE-CUERNAVACA-PROGRAMA-DE-RECICLAJE-DEL-MATERIA-ELECTORAL-UTILIZADO-EN-EL-PASADO-PROCESO-DEMOCRA\u0301TICO-2-150x150.jpg\" class=\"attachment-thumbnail size-thumbnail\" alt=\"\" loading=\"lazy\" \/><\/a>\n\t\t\t<\/dt><\/dl><dl class='gallery-item'>\n\t\t\t<dt class='gallery-icon portrait'>\n\t\t\t\t<a href='https:\/\/cuernavaca.gob.mx\/?attachment_id=41430'><img width=\"150\" height=\"150\" src=\"https:\/\/cuernavaca.gob.mx\/wp-content\/uploads\/2024\/06\/PROMUEVE-CABILDO-DE-CUERNAVACA-PROGRAMA-DE-RECICLAJE-DEL-MATERIA-ELECTORAL-UTILIZADO-EN-EL-PASADO-PROCESO-DEMOCRA\u0301TICO-3-150x150.jpg\" class=\"attachment-thumbnail size-thumbnail\" alt=\"\" loading=\"lazy\" \/><\/a>\n\t\t\t<\/dt><\/dl><br style=\"clear: both\" \/><dl class='gallery-item'>\n\t\t\t<dt class='gallery-icon landscape'>\n\t\t\t\t<a href='https:\/\/cuernavaca.gob.mx\/?attachment_id=41431'><img width=\"150\" height=\"150\" src=\"https:\/\/cuernavaca.gob.mx\/wp-content\/uploads\/2024\/06\/PROMUEVE-CABILDO-DE-CUERNAVACA-PROGRAMA-DE-RECICLAJE-DEL-MATERIA-ELECTORAL-UTILIZADO-EN-EL-PASADO-PROCESO-DEMOCRA\u0301TICO-4-150x150.jpg\" class=\"attachment-thumbnail size-thumbnail\" alt=\"\" loading=\"lazy\" \/><\/a>\n\t\t\t<\/dt><\/dl><dl class='gallery-item'>\n\t\t\t<dt class='gallery-icon landscape'>\n\t\t\t\t<a href='https:\/\/cuernavaca.gob.mx\/?attachment_id=41432'><img width=\"150\" height=\"150\" src=\"https:\/\/cuernavaca.gob.mx\/wp-content\/uploads\/2024\/06\/PROMUEVE-CABILDO-DE-CUERNAVACA-PROGRAMA-DE-RECICLAJE-DEL-MATERIA-ELECTORAL-UTILIZADO-EN-EL-PASADO-PROCESO-DEMOCRA\u0301TICO-5-150x150.jpg\" class=\"attachment-thumbnail size-thumbnail\" alt=\"\" loading=\"lazy\" \/><\/a>\n\t\t\t<\/dt><\/dl><dl class='gallery-item'>\n\t\t\t<dt class='gallery-icon landscape'>\n\t\t\t\t<a href='https:\/\/cuernavaca.gob.mx\/?attachment_id=41433'><img width=\"150\" height=\"150\" src=\"https:\/\/cuernavaca.gob.mx\/wp-content\/uploads\/2024\/06\/PROMUEVE-CABILDO-DE-CUERNAVACA-PROGRAMA-DE-RECICLAJE-DEL-MATERIA-ELECTORAL-UTILIZADO-EN-EL-PASADO-PROCESO-DEMOCRA\u0301TICO-6-150x150.jpg\" class=\"attachment-thumbnail size-thumbnail\" alt=\"\" loading=\"lazy\" \/><\/a>\n\t\t\t<\/dt><\/dl><br style=\"clear: both\" \/><dl class='gallery-item'>\n\t\t\t<dt class='gallery-icon landscape'>\n\t\t\t\t<a href='https:\/\/cuernavaca.gob.mx\/?attachment_id=41434'><img width=\"150\" height=\"150\" src=\"https:\/\/cuernavaca.gob.mx\/wp-content\/uploads\/2024\/06\/PROMUEVE-CABILDO-DE-CUERNAVACA-PROGRAMA-DE-RECICLAJE-DEL-MATERIA-ELECTORAL-UTILIZADO-EN-EL-PASADO-PROCESO-DEMOCRA\u0301TICO-7-150x150.jpg\" class=\"attachment-thumbnail size-thumbnail\" alt=\"\" loading=\"lazy\" \/><\/a>\n\t\t\t<\/dt><\/dl>\n\t\t\t<br style='clear: both' \/>\n\t\t<\/div>\n\n","protected":false},"excerpt":{"rendered":"<p>\u2022 La propuesta fue presentada por la regidora Wendi Salinas, presidenta de la Comisi\u00f3n de Protecci\u00f3n Ambiental y Desarrollo Sustentable, a fin de que con estos materiales se realicen diversos productos ecol\u00f3gicos Al ser el medio ambiente pilar de las pol\u00edticas p\u00fablicas municipales, el Cabildo del Ayuntamiento de Cuernavaca, impulsa la implementaci\u00f3n de un programa [&hellip;]<\/p>\n","protected":false},"author":1,"featured_media":41434,"comment_status":"closed","ping_status":"open","sticky":false,"template":"","format":"standard","meta":[],"categories":[1],"tags":[293,3520,121,804,120,206,127,626],"aioseo_notices":[],"_links":{"self":[{"href":"https:\/\/cuernavaca.gob.mx\/index.php?rest_route=\/wp\/v2\/posts\/41427"}],"collection":[{"href":"https:\/\/cuernavaca.gob.mx\/index.php?rest_route=\/wp\/v2\/posts"}],"about":[{"href":"https:\/\/cuernavaca.gob.mx\/index.php?rest_route=\/wp\/v2\/types\/post"}],"author":[{"embeddable":true,"href":"https:\/\/cuernavaca.gob.mx\/index.php?rest_route=\/wp\/v2\/users\/1"}],"replies":[{"embeddable":true,"href":"https:\/\/cuernavaca.gob.mx\/index.php?rest_route=%2Fwp%2Fv2%2Fcomments&post=41427"}],"version-history":[{"count":1,"href":"https:\/\/cuernavaca.gob.mx\/index.php?rest_route=\/wp\/v2\/posts\/41427\/revisions"}],"predecessor-version":[{"id":41435,"href":"https:\/\/cuernavaca.gob.mx\/index.php?rest_route=\/wp\/v2\/posts\/41427\/revisions\/41435"}],"wp:featuredmedia":[{"embeddable":true,"href":"https:\/\/cuernavaca.gob.mx\/index.php?rest_route=\/wp\/v2\/media\/41434"}],"wp:attachment":[{"href":"https:\/\/cuernavaca.gob.mx\/index.php?rest_route=%2Fwp%2Fv2%2Fmedia&parent=41427"}],"wp:term":[{"taxonomy":"category","embeddable":true,"href":"https:\/\/cuernavaca.gob.mx\/index.php?rest_route=%2Fwp%2Fv2%2Fcategories&post=41427"},{"taxonomy":"post_tag","embeddable":true,"href":"https:\/\/cuernavaca.gob.mx\/index.php?rest_route=%2Fwp%2Fv2%2Ftags&post=41427"}],"curies":[{"name":"wp","href":"https:\/\/api.w.org\/{rel}","templated":true}]}}