{"id":41446,"date":"2024-06-22T14:54:24","date_gmt":"2024-06-22T20:54:24","guid":{"rendered":"https:\/\/cuernavaca.gob.mx\/?p=41446"},"modified":"2024-06-22T14:54:24","modified_gmt":"2024-06-22T20:54:24","slug":"b1802-22-06-24-seprac-registra-en-una-semana-la-detencion-de-91-personas-por-distintos-delitos-y-faltas-administrativas","status":"publish","type":"post","link":"https:\/\/cuernavaca.gob.mx\/?p=41446","title":{"rendered":"B1802 22\/06\/24 SEPRAC REGISTRA EN UNA SEMANA LA DETENCI\u00d3N DE 91 PERSONAS POR DISTINTOS DELITOS Y FALTAS ADMINISTRATIVAS"},"content":{"rendered":"<p><strong>\u2022 Los asegurados por la polic\u00eda de Cuernavaca habr\u00edan participado en delitos de robo de veh\u00edculo, a negocio, por poseer veh\u00edculos con alteraciones, as\u00ed como por violaci\u00f3n a la Ley General de Salud<\/strong><\/p>\n<p>La Secretar\u00eda de Protecci\u00f3n y Auxilio Ciudadano (SEPRAC) de Cuernavaca informa que, por delitos del fuero com\u00fan y federal, as\u00ed como por faltas administrativas detuvieron del 10 al 16 de junio a 91 personas, de las cuales nueve fueron puestas a disposici\u00f3n del Ministerio P\u00fablico y 82 al Juez C\u00edvico, siendo el s\u00e1bado el d\u00eda con mayor n\u00famero de aseguramientos.<\/p>\n<p>En conferencia de prensa, el subsecretario de Polic\u00eda Preventiva, Christian M\u00e9ndez Quintana, mencion\u00f3 que derivado del despliegue operativo que se tiene en la ciudad el 10 de junio en la colonia Tulipanes detuvieron y pusieron a disposici\u00f3n del Ministerio P\u00fablico a Kevin \u201cN\u201d por su probable participaci\u00f3n en el delito de robo de veh\u00edculo, asegur\u00e1ndole una motocicleta marca Bajaj, Pulsar N250 de color negra, a\u00f1o 2024, serie MD2B97FX1RCE00475.<\/p>\n<p>El 10 de junio en la colonia Tulipanes se detuvo y se puso a disposici\u00f3n del Ministerio P\u00fablico a Claudio Ulises \u201cN\u201d, por su probable participaci\u00f3n en el delito de robo a negocio, quien cuenta con antecedentes relacionados a este mismo delito.<\/p>\n<p>Destac\u00f3 que tambi\u00e9n el 10 de junio en la colonia Adolfo L\u00f3pez Mateos detuvieron y pusieron a disposici\u00f3n del Ministerio P\u00fablico a Antonio \u201cN\u201d por poseer un veh\u00edculo con alteraciones en sus medios identificativos. Se le asegur\u00f3 un veh\u00edculo marca Volkswagen, submarca Vento, color gris, a\u00f1o 2015, serie MEX5G250XFT071565.<\/p>\n<p>El 11 de junio en la colonia Ciudad Chapultepec se detuvo y se puso a disposici\u00f3n del Ministerio P\u00fablico a Juan \u201cN\u201d por poseer un veh\u00edculo con reporte de robo vigente, a quien se le asegur\u00f3 una motocicleta marca Honda, tipo GL150, color negro con verde, a\u00f1o 2016, serie 3H1KA417XGD308854, motor 162FMJK45020045.<\/p>\n<p>El 11 de junio en la colonia Revoluci\u00f3n se detuvo y se puso a disposici\u00f3n del Ministerio P\u00fablico a Mario \u201cN\u201d, por su probable participaci\u00f3n en el delito de lesiones en agravio de una persona del sexo masculino derivado de un hecho de tr\u00e1nsito, atropellamiento.<\/p>\n<p>De igual forma, el 11 de junio en el poblado de Ahuatepec se detuvo y se puso a disposici\u00f3n del Ministerio P\u00fablico a Javier \u201cN\u201d por su probable participaci\u00f3n en el delito de robo de veh\u00edculo y portaci\u00f3n de arma de fuego. Se le asegur\u00f3 un veh\u00edculo marca Mazda, submarca CX5, color blanco, serie JM3KFAC72J0453146, placas de circulaci\u00f3n NDK9360 del Estado de M\u00e9xico, as\u00ed como un arma de fuego abastecida.<\/p>\n<p>A\u00f1adi\u00f3 que el 13 de junio en la colonia las \u00c1guilas elementos municipales detuvieron y pusieron a disposici\u00f3n del Ministerio P\u00fablico a Julio C\u00e9sar \u201cN\u201d, por violaci\u00f3n a la Ley General de Salud, asegur\u00e1ndole 16 bolsitas de pl\u00e1stico tipo ziploc que conten\u00edan en su interior una sustancia granulada de color blanco con las caracter\u00edsticas propias del cristal, adem\u00e1s de un veh\u00edculo marca Nissan, submarca March, color blanco, con placas de circulaci\u00f3n PYW569D del estado de Morelos.<\/p>\n<p>El 16 de junio en el poblado de Acapantzingo se detuvo y se puso a disposici\u00f3n del Ministerio P\u00fablico a Jos\u00e9 Huber \u201cN\u201d por su probable participaci\u00f3n en el delito de amenazas en agravio de su ex pareja sentimental y en la colonia El Empleado se detuvo y se puso a disposici\u00f3n del Ministerio P\u00fablico a Javier \u201cN\u201d por su probable participaci\u00f3n en el delito de allanamiento de morada.<\/p>\n\n\t\t<style type=\"text\/css\">\n\t\t\t#gallery-1 {\n\t\t\t\tmargin: auto;\n\t\t\t}\n\t\t\t#gallery-1 .gallery-item {\n\t\t\t\tfloat: left;\n\t\t\t\tmargin-top: 10px;\n\t\t\t\ttext-align: center;\n\t\t\t\twidth: 33%;\n\t\t\t}\n\t\t\t#gallery-1 img {\n\t\t\t\tborder: 2px solid #cfcfcf;\n\t\t\t}\n\t\t\t#gallery-1 .gallery-caption {\n\t\t\t\tmargin-left: 0;\n\t\t\t}\n\t\t\t\/* see gallery_shortcode() in wp-includes\/media.php *\/\n\t\t<\/style>\n\t\t<div id='gallery-1' class='gallery galleryid-41446 gallery-columns-3 gallery-size-thumbnail'><dl class='gallery-item'>\n\t\t\t<dt class='gallery-icon landscape'>\n\t\t\t\t<a href='https:\/\/cuernavaca.gob.mx\/?attachment_id=41454'><img width=\"150\" height=\"150\" src=\"https:\/\/cuernavaca.gob.mx\/wp-content\/uploads\/2024\/06\/SEPRAC-REGISTRA-EN-UNA-SEMANA-LA-DETENCIO\u0301N-DE-91-PERSONAS-POR-DISTINTOS-DELITOS-Y-FALTAS-ADMINISTRATIVAS-8-150x150.jpg\" class=\"attachment-thumbnail size-thumbnail\" alt=\"\" loading=\"lazy\" srcset=\"https:\/\/cuernavaca.gob.mx\/wp-content\/uploads\/2024\/06\/SEPRAC-REGISTRA-EN-UNA-SEMANA-LA-DETENCIO\u0301N-DE-91-PERSONAS-POR-DISTINTOS-DELITOS-Y-FALTAS-ADMINISTRATIVAS-8-150x150.jpg 150w, https:\/\/cuernavaca.gob.mx\/wp-content\/uploads\/2024\/06\/SEPRAC-REGISTRA-EN-UNA-SEMANA-LA-DETENCIO\u0301N-DE-91-PERSONAS-POR-DISTINTOS-DELITOS-Y-FALTAS-ADMINISTRATIVAS-8-300x300.jpg 300w, https:\/\/cuernavaca.gob.mx\/wp-content\/uploads\/2024\/06\/SEPRAC-REGISTRA-EN-UNA-SEMANA-LA-DETENCIO\u0301N-DE-91-PERSONAS-POR-DISTINTOS-DELITOS-Y-FALTAS-ADMINISTRATIVAS-8-1024x1024.jpg 1024w, https:\/\/cuernavaca.gob.mx\/wp-content\/uploads\/2024\/06\/SEPRAC-REGISTRA-EN-UNA-SEMANA-LA-DETENCIO\u0301N-DE-91-PERSONAS-POR-DISTINTOS-DELITOS-Y-FALTAS-ADMINISTRATIVAS-8-768x768.jpg 768w, https:\/\/cuernavaca.gob.mx\/wp-content\/uploads\/2024\/06\/SEPRAC-REGISTRA-EN-UNA-SEMANA-LA-DETENCIO\u0301N-DE-91-PERSONAS-POR-DISTINTOS-DELITOS-Y-FALTAS-ADMINISTRATIVAS-8-1536x1536.jpg 1536w, https:\/\/cuernavaca.gob.mx\/wp-content\/uploads\/2024\/06\/SEPRAC-REGISTRA-EN-UNA-SEMANA-LA-DETENCIO\u0301N-DE-91-PERSONAS-POR-DISTINTOS-DELITOS-Y-FALTAS-ADMINISTRATIVAS-8-600x600.jpg 600w, https:\/\/cuernavaca.gob.mx\/wp-content\/uploads\/2024\/06\/SEPRAC-REGISTRA-EN-UNA-SEMANA-LA-DETENCIO\u0301N-DE-91-PERSONAS-POR-DISTINTOS-DELITOS-Y-FALTAS-ADMINISTRATIVAS-8-560x560.jpg 560w, https:\/\/cuernavaca.gob.mx\/wp-content\/uploads\/2024\/06\/SEPRAC-REGISTRA-EN-UNA-SEMANA-LA-DETENCIO\u0301N-DE-91-PERSONAS-POR-DISTINTOS-DELITOS-Y-FALTAS-ADMINISTRATIVAS-8.jpg 1600w\" sizes=\"(max-width: 150px) 100vw, 150px\" \/><\/a>\n\t\t\t<\/dt><\/dl><dl class='gallery-item'>\n\t\t\t<dt class='gallery-icon landscape'>\n\t\t\t\t<a href='https:\/\/cuernavaca.gob.mx\/?attachment_id=41453'><img width=\"150\" height=\"150\" src=\"https:\/\/cuernavaca.gob.mx\/wp-content\/uploads\/2024\/06\/SEPRAC-REGISTRA-EN-UNA-SEMANA-LA-DETENCIO\u0301N-DE-91-PERSONAS-POR-DISTINTOS-DELITOS-Y-FALTAS-ADMINISTRATIVAS-7-150x150.jpg\" class=\"attachment-thumbnail size-thumbnail\" alt=\"\" loading=\"lazy\" srcset=\"https:\/\/cuernavaca.gob.mx\/wp-content\/uploads\/2024\/06\/SEPRAC-REGISTRA-EN-UNA-SEMANA-LA-DETENCIO\u0301N-DE-91-PERSONAS-POR-DISTINTOS-DELITOS-Y-FALTAS-ADMINISTRATIVAS-7-150x150.jpg 150w, https:\/\/cuernavaca.gob.mx\/wp-content\/uploads\/2024\/06\/SEPRAC-REGISTRA-EN-UNA-SEMANA-LA-DETENCIO\u0301N-DE-91-PERSONAS-POR-DISTINTOS-DELITOS-Y-FALTAS-ADMINISTRATIVAS-7-300x300.jpg 300w, https:\/\/cuernavaca.gob.mx\/wp-content\/uploads\/2024\/06\/SEPRAC-REGISTRA-EN-UNA-SEMANA-LA-DETENCIO\u0301N-DE-91-PERSONAS-POR-DISTINTOS-DELITOS-Y-FALTAS-ADMINISTRATIVAS-7-1024x1024.jpg 1024w, https:\/\/cuernavaca.gob.mx\/wp-content\/uploads\/2024\/06\/SEPRAC-REGISTRA-EN-UNA-SEMANA-LA-DETENCIO\u0301N-DE-91-PERSONAS-POR-DISTINTOS-DELITOS-Y-FALTAS-ADMINISTRATIVAS-7-768x768.jpg 768w, https:\/\/cuernavaca.gob.mx\/wp-content\/uploads\/2024\/06\/SEPRAC-REGISTRA-EN-UNA-SEMANA-LA-DETENCIO\u0301N-DE-91-PERSONAS-POR-DISTINTOS-DELITOS-Y-FALTAS-ADMINISTRATIVAS-7-1536x1536.jpg 1536w, https:\/\/cuernavaca.gob.mx\/wp-content\/uploads\/2024\/06\/SEPRAC-REGISTRA-EN-UNA-SEMANA-LA-DETENCIO\u0301N-DE-91-PERSONAS-POR-DISTINTOS-DELITOS-Y-FALTAS-ADMINISTRATIVAS-7-600x600.jpg 600w, https:\/\/cuernavaca.gob.mx\/wp-content\/uploads\/2024\/06\/SEPRAC-REGISTRA-EN-UNA-SEMANA-LA-DETENCIO\u0301N-DE-91-PERSONAS-POR-DISTINTOS-DELITOS-Y-FALTAS-ADMINISTRATIVAS-7-560x560.jpg 560w, https:\/\/cuernavaca.gob.mx\/wp-content\/uploads\/2024\/06\/SEPRAC-REGISTRA-EN-UNA-SEMANA-LA-DETENCIO\u0301N-DE-91-PERSONAS-POR-DISTINTOS-DELITOS-Y-FALTAS-ADMINISTRATIVAS-7.jpg 1600w\" sizes=\"(max-width: 150px) 100vw, 150px\" \/><\/a>\n\t\t\t<\/dt><\/dl><dl class='gallery-item'>\n\t\t\t<dt class='gallery-icon landscape'>\n\t\t\t\t<a href='https:\/\/cuernavaca.gob.mx\/?attachment_id=41452'><img width=\"150\" height=\"150\" src=\"https:\/\/cuernavaca.gob.mx\/wp-content\/uploads\/2024\/06\/SEPRAC-REGISTRA-EN-UNA-SEMANA-LA-DETENCIO\u0301N-DE-91-PERSONAS-POR-DISTINTOS-DELITOS-Y-FALTAS-ADMINISTRATIVAS-6-150x150.jpg\" class=\"attachment-thumbnail size-thumbnail\" alt=\"\" loading=\"lazy\" \/><\/a>\n\t\t\t<\/dt><\/dl><br style=\"clear: both\" \/><dl class='gallery-item'>\n\t\t\t<dt class='gallery-icon landscape'>\n\t\t\t\t<a href='https:\/\/cuernavaca.gob.mx\/?attachment_id=41451'><img width=\"150\" height=\"150\" src=\"https:\/\/cuernavaca.gob.mx\/wp-content\/uploads\/2024\/06\/SEPRAC-REGISTRA-EN-UNA-SEMANA-LA-DETENCIO\u0301N-DE-91-PERSONAS-POR-DISTINTOS-DELITOS-Y-FALTAS-ADMINISTRATIVAS-5-150x150.jpg\" class=\"attachment-thumbnail size-thumbnail\" alt=\"\" loading=\"lazy\" srcset=\"https:\/\/cuernavaca.gob.mx\/wp-content\/uploads\/2024\/06\/SEPRAC-REGISTRA-EN-UNA-SEMANA-LA-DETENCIO\u0301N-DE-91-PERSONAS-POR-DISTINTOS-DELITOS-Y-FALTAS-ADMINISTRATIVAS-5-150x150.jpg 150w, https:\/\/cuernavaca.gob.mx\/wp-content\/uploads\/2024\/06\/SEPRAC-REGISTRA-EN-UNA-SEMANA-LA-DETENCIO\u0301N-DE-91-PERSONAS-POR-DISTINTOS-DELITOS-Y-FALTAS-ADMINISTRATIVAS-5-300x300.jpg 300w, https:\/\/cuernavaca.gob.mx\/wp-content\/uploads\/2024\/06\/SEPRAC-REGISTRA-EN-UNA-SEMANA-LA-DETENCIO\u0301N-DE-91-PERSONAS-POR-DISTINTOS-DELITOS-Y-FALTAS-ADMINISTRATIVAS-5-1024x1024.jpg 1024w, https:\/\/cuernavaca.gob.mx\/wp-content\/uploads\/2024\/06\/SEPRAC-REGISTRA-EN-UNA-SEMANA-LA-DETENCIO\u0301N-DE-91-PERSONAS-POR-DISTINTOS-DELITOS-Y-FALTAS-ADMINISTRATIVAS-5-768x768.jpg 768w, https:\/\/cuernavaca.gob.mx\/wp-content\/uploads\/2024\/06\/SEPRAC-REGISTRA-EN-UNA-SEMANA-LA-DETENCIO\u0301N-DE-91-PERSONAS-POR-DISTINTOS-DELITOS-Y-FALTAS-ADMINISTRATIVAS-5-1536x1536.jpg 1536w, https:\/\/cuernavaca.gob.mx\/wp-content\/uploads\/2024\/06\/SEPRAC-REGISTRA-EN-UNA-SEMANA-LA-DETENCIO\u0301N-DE-91-PERSONAS-POR-DISTINTOS-DELITOS-Y-FALTAS-ADMINISTRATIVAS-5-600x600.jpg 600w, https:\/\/cuernavaca.gob.mx\/wp-content\/uploads\/2024\/06\/SEPRAC-REGISTRA-EN-UNA-SEMANA-LA-DETENCIO\u0301N-DE-91-PERSONAS-POR-DISTINTOS-DELITOS-Y-FALTAS-ADMINISTRATIVAS-5-560x560.jpg 560w, https:\/\/cuernavaca.gob.mx\/wp-content\/uploads\/2024\/06\/SEPRAC-REGISTRA-EN-UNA-SEMANA-LA-DETENCIO\u0301N-DE-91-PERSONAS-POR-DISTINTOS-DELITOS-Y-FALTAS-ADMINISTRATIVAS-5.jpg 1600w\" sizes=\"(max-width: 150px) 100vw, 150px\" \/><\/a>\n\t\t\t<\/dt><\/dl><dl class='gallery-item'>\n\t\t\t<dt class='gallery-icon landscape'>\n\t\t\t\t<a href='https:\/\/cuernavaca.gob.mx\/?attachment_id=41450'><img width=\"150\" height=\"150\" src=\"https:\/\/cuernavaca.gob.mx\/wp-content\/uploads\/2024\/06\/SEPRAC-REGISTRA-EN-UNA-SEMANA-LA-DETENCIO\u0301N-DE-91-PERSONAS-POR-DISTINTOS-DELITOS-Y-FALTAS-ADMINISTRATIVAS-4-150x150.jpg\" class=\"attachment-thumbnail size-thumbnail\" alt=\"\" loading=\"lazy\" \/><\/a>\n\t\t\t<\/dt><\/dl><dl class='gallery-item'>\n\t\t\t<dt class='gallery-icon landscape'>\n\t\t\t\t<a href='https:\/\/cuernavaca.gob.mx\/?attachment_id=41449'><img width=\"150\" height=\"150\" src=\"https:\/\/cuernavaca.gob.mx\/wp-content\/uploads\/2024\/06\/SEPRAC-REGISTRA-EN-UNA-SEMANA-LA-DETENCIO\u0301N-DE-91-PERSONAS-POR-DISTINTOS-DELITOS-Y-FALTAS-ADMINISTRATIVAS-3-150x150.jpg\" class=\"attachment-thumbnail size-thumbnail\" alt=\"\" loading=\"lazy\" srcset=\"https:\/\/cuernavaca.gob.mx\/wp-content\/uploads\/2024\/06\/SEPRAC-REGISTRA-EN-UNA-SEMANA-LA-DETENCIO\u0301N-DE-91-PERSONAS-POR-DISTINTOS-DELITOS-Y-FALTAS-ADMINISTRATIVAS-3-150x150.jpg 150w, https:\/\/cuernavaca.gob.mx\/wp-content\/uploads\/2024\/06\/SEPRAC-REGISTRA-EN-UNA-SEMANA-LA-DETENCIO\u0301N-DE-91-PERSONAS-POR-DISTINTOS-DELITOS-Y-FALTAS-ADMINISTRATIVAS-3-300x300.jpg 300w, https:\/\/cuernavaca.gob.mx\/wp-content\/uploads\/2024\/06\/SEPRAC-REGISTRA-EN-UNA-SEMANA-LA-DETENCIO\u0301N-DE-91-PERSONAS-POR-DISTINTOS-DELITOS-Y-FALTAS-ADMINISTRATIVAS-3-1024x1024.jpg 1024w, https:\/\/cuernavaca.gob.mx\/wp-content\/uploads\/2024\/06\/SEPRAC-REGISTRA-EN-UNA-SEMANA-LA-DETENCIO\u0301N-DE-91-PERSONAS-POR-DISTINTOS-DELITOS-Y-FALTAS-ADMINISTRATIVAS-3-768x768.jpg 768w, https:\/\/cuernavaca.gob.mx\/wp-content\/uploads\/2024\/06\/SEPRAC-REGISTRA-EN-UNA-SEMANA-LA-DETENCIO\u0301N-DE-91-PERSONAS-POR-DISTINTOS-DELITOS-Y-FALTAS-ADMINISTRATIVAS-3-1536x1536.jpg 1536w, https:\/\/cuernavaca.gob.mx\/wp-content\/uploads\/2024\/06\/SEPRAC-REGISTRA-EN-UNA-SEMANA-LA-DETENCIO\u0301N-DE-91-PERSONAS-POR-DISTINTOS-DELITOS-Y-FALTAS-ADMINISTRATIVAS-3-600x600.jpg 600w, https:\/\/cuernavaca.gob.mx\/wp-content\/uploads\/2024\/06\/SEPRAC-REGISTRA-EN-UNA-SEMANA-LA-DETENCIO\u0301N-DE-91-PERSONAS-POR-DISTINTOS-DELITOS-Y-FALTAS-ADMINISTRATIVAS-3-560x560.jpg 560w, https:\/\/cuernavaca.gob.mx\/wp-content\/uploads\/2024\/06\/SEPRAC-REGISTRA-EN-UNA-SEMANA-LA-DETENCIO\u0301N-DE-91-PERSONAS-POR-DISTINTOS-DELITOS-Y-FALTAS-ADMINISTRATIVAS-3.jpg 1600w\" sizes=\"(max-width: 150px) 100vw, 150px\" \/><\/a>\n\t\t\t<\/dt><\/dl><br style=\"clear: both\" \/><dl class='gallery-item'>\n\t\t\t<dt class='gallery-icon landscape'>\n\t\t\t\t<a href='https:\/\/cuernavaca.gob.mx\/?attachment_id=41447'><img width=\"150\" height=\"150\" src=\"https:\/\/cuernavaca.gob.mx\/wp-content\/uploads\/2024\/06\/SEPRAC-REGISTRA-EN-UNA-SEMANA-LA-DETENCIO\u0301N-DE-91-PERSONAS-POR-DISTINTOS-DELITOS-Y-FALTAS-ADMINISTRATIVAS-1-150x150.jpg\" class=\"attachment-thumbnail size-thumbnail\" alt=\"\" loading=\"lazy\" \/><\/a>\n\t\t\t<\/dt><\/dl><dl class='gallery-item'>\n\t\t\t<dt class='gallery-icon landscape'>\n\t\t\t\t<a href='https:\/\/cuernavaca.gob.mx\/?attachment_id=41448'><img width=\"150\" height=\"150\" src=\"https:\/\/cuernavaca.gob.mx\/wp-content\/uploads\/2024\/06\/SEPRAC-REGISTRA-EN-UNA-SEMANA-LA-DETENCIO\u0301N-DE-91-PERSONAS-POR-DISTINTOS-DELITOS-Y-FALTAS-ADMINISTRATIVAS-2-150x150.jpg\" class=\"attachment-thumbnail size-thumbnail\" alt=\"\" loading=\"lazy\" \/><\/a>\n\t\t\t<\/dt><\/dl>\n\t\t\t<br style='clear: both' \/>\n\t\t<\/div>\n\n","protected":false},"excerpt":{"rendered":"<p>\u2022 Los asegurados por la polic\u00eda de Cuernavaca habr\u00edan participado en delitos de robo de veh\u00edculo, a negocio, por poseer veh\u00edculos con alteraciones, as\u00ed como por violaci\u00f3n a la Ley General de Salud La Secretar\u00eda de Protecci\u00f3n y Auxilio Ciudadano (SEPRAC) de Cuernavaca informa que, por delitos del fuero com\u00fan y federal, as\u00ed como por [&hellip;]<\/p>\n","protected":false},"author":1,"featured_media":41452,"comment_status":"closed","ping_status":"open","sticky":false,"template":"","format":"standard","meta":[],"categories":[17],"tags":[3052,121,120,206,141,3235,127,414,125],"aioseo_notices":[],"_links":{"self":[{"href":"https:\/\/cuernavaca.gob.mx\/index.php?rest_route=\/wp\/v2\/posts\/41446"}],"collection":[{"href":"https:\/\/cuernavaca.gob.mx\/index.php?rest_route=\/wp\/v2\/posts"}],"about":[{"href":"https:\/\/cuernavaca.gob.mx\/index.php?rest_route=\/wp\/v2\/types\/post"}],"author":[{"embeddable":true,"href":"https:\/\/cuernavaca.gob.mx\/index.php?rest_route=\/wp\/v2\/users\/1"}],"replies":[{"embeddable":true,"href":"https:\/\/cuernavaca.gob.mx\/index.php?rest_route=%2Fwp%2Fv2%2Fcomments&post=41446"}],"version-history":[{"count":1,"href":"https:\/\/cuernavaca.gob.mx\/index.php?rest_route=\/wp\/v2\/posts\/41446\/revisions"}],"predecessor-version":[{"id":41455,"href":"https:\/\/cuernavaca.gob.mx\/index.php?rest_route=\/wp\/v2\/posts\/41446\/revisions\/41455"}],"wp:featuredmedia":[{"embeddable":true,"href":"https:\/\/cuernavaca.gob.mx\/index.php?rest_route=\/wp\/v2\/media\/41452"}],"wp:attachment":[{"href":"https:\/\/cuernavaca.gob.mx\/index.php?rest_route=%2Fwp%2Fv2%2Fmedia&parent=41446"}],"wp:term":[{"taxonomy":"category","embeddable":true,"href":"https:\/\/cuernavaca.gob.mx\/index.php?rest_route=%2Fwp%2Fv2%2Fcategories&post=41446"},{"taxonomy":"post_tag","embeddable":true,"href":"https:\/\/cuernavaca.gob.mx\/index.php?rest_route=%2Fwp%2Fv2%2Ftags&post=41446"}],"curies":[{"name":"wp","href":"https:\/\/api.w.org\/{rel}","templated":true}]}}