{"id":41466,"date":"2024-06-23T16:00:30","date_gmt":"2024-06-23T22:00:30","guid":{"rendered":"https:\/\/cuernavaca.gob.mx\/?p=41466"},"modified":"2024-06-24T08:01:45","modified_gmt":"2024-06-24T14:01:45","slug":"b1803-23-06-24-ayuntamiento-de-cuernavaca-recibe-reconocimiento-del-sector-privado-por-los-avances-en-la-estrategia-de-mejora-regulatoria","status":"publish","type":"post","link":"https:\/\/cuernavaca.gob.mx\/?p=41466","title":{"rendered":"B1803 23\/06\/24 AYUNTAMIENTO DE CUERNAVACA RECIBE RECONOCIMIENTO DEL SECTOR PRIVADO POR LOS AVANCES EN LA ESTRATEGIA DE MEJORA REGULATORIA"},"content":{"rendered":"\n\t\t<style type=\"text\/css\">\n\t\t\t#gallery-1 {\n\t\t\t\tmargin: auto;\n\t\t\t}\n\t\t\t#gallery-1 .gallery-item {\n\t\t\t\tfloat: left;\n\t\t\t\tmargin-top: 10px;\n\t\t\t\ttext-align: center;\n\t\t\t\twidth: 33%;\n\t\t\t}\n\t\t\t#gallery-1 img {\n\t\t\t\tborder: 2px solid #cfcfcf;\n\t\t\t}\n\t\t\t#gallery-1 .gallery-caption {\n\t\t\t\tmargin-left: 0;\n\t\t\t}\n\t\t\t\/* see gallery_shortcode() in wp-includes\/media.php *\/\n\t\t<\/style>\n\t\t<div id='gallery-1' class='gallery galleryid-41466 gallery-columns-3 gallery-size-thumbnail'><dl class='gallery-item'>\n\t\t\t<dt class='gallery-icon landscape'>\n\t\t\t\t<a href='https:\/\/cuernavaca.gob.mx\/?attachment_id=41471'><img width=\"150\" height=\"150\" src=\"https:\/\/cuernavaca.gob.mx\/wp-content\/uploads\/2024\/06\/AYUNTAMIENTO-DE-CUERNAVACA-RECIBE-RECONOCIMIENTO-DEL-SECTOR-PRIVADO-POR-LOS-AVANCES-EN-LA-ESTRATEGIA-DE-MEJORA-REGULATORIA-5-150x150.jpeg\" class=\"attachment-thumbnail size-thumbnail\" alt=\"\" loading=\"lazy\" \/><\/a>\n\t\t\t<\/dt><\/dl><dl class='gallery-item'>\n\t\t\t<dt class='gallery-icon landscape'>\n\t\t\t\t<a href='https:\/\/cuernavaca.gob.mx\/?attachment_id=41470'><img width=\"150\" height=\"150\" src=\"https:\/\/cuernavaca.gob.mx\/wp-content\/uploads\/2024\/06\/AYUNTAMIENTO-DE-CUERNAVACA-RECIBE-RECONOCIMIENTO-DEL-SECTOR-PRIVADO-POR-LOS-AVANCES-EN-LA-ESTRATEGIA-DE-MEJORA-REGULATORIA4-150x150.jpeg\" class=\"attachment-thumbnail size-thumbnail\" alt=\"\" loading=\"lazy\" \/><\/a>\n\t\t\t<\/dt><\/dl><dl class='gallery-item'>\n\t\t\t<dt class='gallery-icon landscape'>\n\t\t\t\t<a href='https:\/\/cuernavaca.gob.mx\/?attachment_id=41469'><img width=\"150\" height=\"150\" src=\"https:\/\/cuernavaca.gob.mx\/wp-content\/uploads\/2024\/06\/AYUNTAMIENTO-DE-CUERNAVACA-RECIBE-RECONOCIMIENTO-DEL-SECTOR-PRIVADO-POR-LOS-AVANCES-EN-LA-ESTRATEGIA-DE-MEJORA-REGULATORIA3-150x150.jpeg\" class=\"attachment-thumbnail size-thumbnail\" alt=\"\" loading=\"lazy\" \/><\/a>\n\t\t\t<\/dt><\/dl><br style=\"clear: both\" \/><dl class='gallery-item'>\n\t\t\t<dt class='gallery-icon landscape'>\n\t\t\t\t<a href='https:\/\/cuernavaca.gob.mx\/?attachment_id=41468'><img width=\"150\" height=\"150\" src=\"https:\/\/cuernavaca.gob.mx\/wp-content\/uploads\/2024\/06\/AYUNTAMIENTO-DE-CUERNAVACA-RECIBE-RECONOCIMIENTO-DEL-SECTOR-PRIVADO-POR-LOS-AVANCES-EN-LA-ESTRATEGIA-DE-MEJORA-REGULATORIA2-150x150.jpeg\" class=\"attachment-thumbnail size-thumbnail\" alt=\"\" loading=\"lazy\" \/><\/a>\n\t\t\t<\/dt><\/dl><dl class='gallery-item'>\n\t\t\t<dt class='gallery-icon landscape'>\n\t\t\t\t<a href='https:\/\/cuernavaca.gob.mx\/?attachment_id=41467'><img width=\"150\" height=\"150\" src=\"https:\/\/cuernavaca.gob.mx\/wp-content\/uploads\/2024\/06\/AYUNTAMIENTO-DE-CUERNAVACA-RECIBE-RECONOCIMIENTO-DEL-SECTOR-PRIVADO-POR-LOS-AVANCES-EN-LA-ESTRATEGIA-DE-MEJORA-REGULATORIA1-150x150.jpeg\" class=\"attachment-thumbnail size-thumbnail\" alt=\"\" loading=\"lazy\" \/><\/a>\n\t\t\t<\/dt><\/dl>\n\t\t\t<br style='clear: both' \/>\n\t\t<\/div>\n\n<div><strong>\u2022 Empresarios respaldan las acciones implementadas en la ciudad que abren oportunidades para invertir, creando una coordinaci\u00f3n entre el gobierno y la iniciativa privada\u00a0<\/strong><\/div>\n<div><\/div>\n<div><strong>\u2022 En el marco de la primera sesi\u00f3n ordinaria 2024 del Consejo de Mejora Regulatoria del Municipio de Cuernavaca se inform\u00f3 sobre la implementaci\u00f3n de la plataforma de Visor Urbano\u00a0<\/strong><\/div>\n<div><\/div>\n<div>Representantes del sector empresarial en Cuernavaca, celebraron las gestiones hechas por el Ayuntamiento de Cuernavaca para eficientar la mejora regulatoria y hacer m\u00e1s productiva la inversi\u00f3n en la capital morelense, a trav\u00e9s de la digitalizaci\u00f3n y simplificaci\u00f3n de tr\u00e1mites y servicios que abonan a mejorar la atenci\u00f3n externa hacia las personas, as\u00ed como la coordinaci\u00f3n entre el gobierno y los empresarios.<\/div>\n<div><\/div>\n<div>Lo anterior, qued\u00f3 refrendando en el marco de la primera sesi\u00f3n ordinaria 2024 del Consejo de Mejora Regulatoria del Municipio de Cuernavaca, donde al dar a conocer el Programa anual de trabajo en la materia correspondiente al 2024, los integrantes del cuerpo colegiado reconocieron la inquietud y el trabajo que existe por parte de la administraci\u00f3n municipal para desarrollar y aplicar proyectos que tienen la finalidad de apoyar al sector privado.<\/div>\n<div><\/div>\n<div>Esto fue expresado por Jos\u00e9 Alfredo Acosta V\u00e1zquez, presidente de la C\u00e1mara Nacional de la Industria de Restaurantes y Alimentos Condimentados (Canirac), quien subray\u00f3 que los proyectos de mejora regulatoria aplicados en Cuernavaca cumplen los objetivos que han impulsado desde hace varios a\u00f1os, como es mejorar la comunicaci\u00f3n con las autoridades administrativas a fin de lograr en gran medida una respuesta oportuna y r\u00e1pida para la realizaci\u00f3n de tr\u00e1mites y servicios, lo cual a su vez abre las oportunidades para invertir.<\/div>\n<div><\/div>\n<div>El secretario de Desarrollo Econ\u00f3mico y Turismo, Humberto Paladino Valdovinos, puntualiz\u00f3 que a trav\u00e9s del programa anual de trabajo de mejora regulatoria se ofrece tambi\u00e9n una orientaci\u00f3n clara sobre como la mejora regulatoria que se aplic\u00f3 en el 2023, a trav\u00e9s de la implementaci\u00f3n del acuerdo de simplificaci\u00f3n, el Programa de Reforma a Sectores Prioritarios y la presentaci\u00f3n de iniciativas de normas en sectores como construcci\u00f3n y publicidad, consolidar\u00e1 un posicionamiento a nivel nacional mejor al que heredaron, priorizando la digitalizaci\u00f3n de los tr\u00e1mites y servicios.<\/div>\n<div><\/div>\n<div>Al ser Cuernavaca el \u00fanico municipio en Morelos que se encuentra certificado con el Sistema de Apertura R\u00e1pida de Empresas (SARE), el director de Mejora Regulatoria, Fernando Sotelo de Gante, inform\u00f3 que actualmente el Ayuntamiento de Cuernavaca se encuentra en un periodo de prueba para la implementaci\u00f3n de la plataforma Visor Urbano que se est\u00e1 desarrollando en alianza con el Gobierno de Jalisco y por la cual se lograr\u00e1 un mejor desarrollo urbano mediante la atenci\u00f3n de tr\u00e1mites y servicios totalmente en l\u00ednea.<\/div>\n<div><\/div>\n<div>La plataforma se encuentra en observaciones y se est\u00e1n haciendo pruebas con usuarios, autorizaciones, usos de suelo y toda la informaci\u00f3n de los predios, estimando que a finales de junio puedan lanzarla.<\/div>\n<div><\/div>\n<div>Como parte del plan de trabajo, se aprob\u00f3 la mesa de trabajo para vigilar la correcta digitalizaci\u00f3n de los tr\u00e1mites y servicios del Sistema Municipal de Tr\u00e1mites y Servicios en l\u00ednea (SIMUTS) que se encuentra en desarrollo y para no repetir los mismos vicios que la plataforma actual se realizar\u00e1 un minucioso seguimiento que garantizar\u00e1 su utilidad y el cumplimiento a su objetivo que son los tr\u00e1mites totalmente en l\u00ednea.<\/div>\n<div><\/div>\n<div>La mesa estar\u00e1 conformada por representantes del Colegio de Ingenieros Civiles del Estado de Morelos, A.C, del Colegio de Arquitectos de Morelos, A.C., del Colegio de Arquitectos e Ingenieros con Especialidades de Morelos A C, de la C\u00e1mara Mexicana de la Industria de la Construcci\u00f3n, de la Asociaci\u00f3n Mexicana de Profesionales Inmobiliarios Secci\u00f3n Cuernavaca, A.C., de la Comisi\u00f3n Estatal de Mejora Regulatoria, de AMIPAC, de CANACO- SERVYTUR, de CANIRAC, de CANACOPE, de CANACINTRA, de COPARMEX, de ADIEM, de la CCE, de la Contralor\u00eda Municipal de Cuernavaca, el director de Mejora Regulatoria de Cuernavaca y de la Direcci\u00f3n General de Informaci\u00f3n y Mejora de Procesos.<\/div>\n<div><\/div>\n<div>Finalmente, la s\u00edndica municipal en funciones de presidenta municipal de Cuernavaca, Catalina Ver\u00f3nica Atenco P\u00e9rez, agradeci\u00f3 su participaci\u00f3n, expresando que para el Ayuntamiento es muy importante escucharlos a fin de seguir materializando en conjunto acciones que abonen a simplificar y actualizar los tr\u00e1mites y servicios, adem\u00e1s de las regulaciones existentes, atendiendo de manera satisfactoria sus peticiones en la materia que a su vez fortalecen el desarrollo econ\u00f3mico de la capital morelense.<\/div>\n<div>\n\n\t\t<style type=\"text\/css\">\n\t\t\t#gallery-2 {\n\t\t\t\tmargin: auto;\n\t\t\t}\n\t\t\t#gallery-2 .gallery-item {\n\t\t\t\tfloat: left;\n\t\t\t\tmargin-top: 10px;\n\t\t\t\ttext-align: center;\n\t\t\t\twidth: 33%;\n\t\t\t}\n\t\t\t#gallery-2 img {\n\t\t\t\tborder: 2px solid #cfcfcf;\n\t\t\t}\n\t\t\t#gallery-2 .gallery-caption {\n\t\t\t\tmargin-left: 0;\n\t\t\t}\n\t\t\t\/* see gallery_shortcode() in wp-includes\/media.php *\/\n\t\t<\/style>\n\t\t<div id='gallery-2' class='gallery galleryid-41466 gallery-columns-3 gallery-size-thumbnail'><dl class='gallery-item'>\n\t\t\t<dt class='gallery-icon landscape'>\n\t\t\t\t<a href='https:\/\/cuernavaca.gob.mx\/?attachment_id=41467'><img width=\"150\" height=\"150\" src=\"https:\/\/cuernavaca.gob.mx\/wp-content\/uploads\/2024\/06\/AYUNTAMIENTO-DE-CUERNAVACA-RECIBE-RECONOCIMIENTO-DEL-SECTOR-PRIVADO-POR-LOS-AVANCES-EN-LA-ESTRATEGIA-DE-MEJORA-REGULATORIA1-150x150.jpeg\" class=\"attachment-thumbnail size-thumbnail\" alt=\"\" loading=\"lazy\" \/><\/a>\n\t\t\t<\/dt><\/dl><dl class='gallery-item'>\n\t\t\t<dt class='gallery-icon landscape'>\n\t\t\t\t<a href='https:\/\/cuernavaca.gob.mx\/?attachment_id=41468'><img width=\"150\" height=\"150\" src=\"https:\/\/cuernavaca.gob.mx\/wp-content\/uploads\/2024\/06\/AYUNTAMIENTO-DE-CUERNAVACA-RECIBE-RECONOCIMIENTO-DEL-SECTOR-PRIVADO-POR-LOS-AVANCES-EN-LA-ESTRATEGIA-DE-MEJORA-REGULATORIA2-150x150.jpeg\" class=\"attachment-thumbnail size-thumbnail\" alt=\"\" loading=\"lazy\" \/><\/a>\n\t\t\t<\/dt><\/dl><dl class='gallery-item'>\n\t\t\t<dt class='gallery-icon landscape'>\n\t\t\t\t<a href='https:\/\/cuernavaca.gob.mx\/?attachment_id=41469'><img width=\"150\" height=\"150\" src=\"https:\/\/cuernavaca.gob.mx\/wp-content\/uploads\/2024\/06\/AYUNTAMIENTO-DE-CUERNAVACA-RECIBE-RECONOCIMIENTO-DEL-SECTOR-PRIVADO-POR-LOS-AVANCES-EN-LA-ESTRATEGIA-DE-MEJORA-REGULATORIA3-150x150.jpeg\" class=\"attachment-thumbnail size-thumbnail\" alt=\"\" loading=\"lazy\" \/><\/a>\n\t\t\t<\/dt><\/dl><br style=\"clear: both\" \/><dl class='gallery-item'>\n\t\t\t<dt class='gallery-icon landscape'>\n\t\t\t\t<a href='https:\/\/cuernavaca.gob.mx\/?attachment_id=41470'><img width=\"150\" height=\"150\" src=\"https:\/\/cuernavaca.gob.mx\/wp-content\/uploads\/2024\/06\/AYUNTAMIENTO-DE-CUERNAVACA-RECIBE-RECONOCIMIENTO-DEL-SECTOR-PRIVADO-POR-LOS-AVANCES-EN-LA-ESTRATEGIA-DE-MEJORA-REGULATORIA4-150x150.jpeg\" class=\"attachment-thumbnail size-thumbnail\" alt=\"\" loading=\"lazy\" \/><\/a>\n\t\t\t<\/dt><\/dl>\n\t\t\t<br style='clear: both' \/>\n\t\t<\/div>\n\n<p>&nbsp;<\/p>\n<\/div>\n","protected":false},"excerpt":{"rendered":"<p>\u2022 Empresarios respaldan las acciones implementadas en la ciudad que abren oportunidades para invertir, creando una coordinaci\u00f3n entre el gobierno y la iniciativa privada\u00a0 \u2022 En el marco de la primera sesi\u00f3n ordinaria 2024 del Consejo de Mejora Regulatoria del Municipio de Cuernavaca se inform\u00f3 sobre la implementaci\u00f3n de la plataforma de Visor Urbano\u00a0 Representantes [&hellip;]<\/p>\n","protected":false},"author":1,"featured_media":41470,"comment_status":"closed","ping_status":"open","sticky":false,"template":"","format":"standard","meta":[],"categories":[20],"tags":[121,120,809,206,3320,127],"aioseo_notices":[],"_links":{"self":[{"href":"https:\/\/cuernavaca.gob.mx\/index.php?rest_route=\/wp\/v2\/posts\/41466"}],"collection":[{"href":"https:\/\/cuernavaca.gob.mx\/index.php?rest_route=\/wp\/v2\/posts"}],"about":[{"href":"https:\/\/cuernavaca.gob.mx\/index.php?rest_route=\/wp\/v2\/types\/post"}],"author":[{"embeddable":true,"href":"https:\/\/cuernavaca.gob.mx\/index.php?rest_route=\/wp\/v2\/users\/1"}],"replies":[{"embeddable":true,"href":"https:\/\/cuernavaca.gob.mx\/index.php?rest_route=%2Fwp%2Fv2%2Fcomments&post=41466"}],"version-history":[{"count":1,"href":"https:\/\/cuernavaca.gob.mx\/index.php?rest_route=\/wp\/v2\/posts\/41466\/revisions"}],"predecessor-version":[{"id":41472,"href":"https:\/\/cuernavaca.gob.mx\/index.php?rest_route=\/wp\/v2\/posts\/41466\/revisions\/41472"}],"wp:featuredmedia":[{"embeddable":true,"href":"https:\/\/cuernavaca.gob.mx\/index.php?rest_route=\/wp\/v2\/media\/41470"}],"wp:attachment":[{"href":"https:\/\/cuernavaca.gob.mx\/index.php?rest_route=%2Fwp%2Fv2%2Fmedia&parent=41466"}],"wp:term":[{"taxonomy":"category","embeddable":true,"href":"https:\/\/cuernavaca.gob.mx\/index.php?rest_route=%2Fwp%2Fv2%2Fcategories&post=41466"},{"taxonomy":"post_tag","embeddable":true,"href":"https:\/\/cuernavaca.gob.mx\/index.php?rest_route=%2Fwp%2Fv2%2Ftags&post=41466"}],"curies":[{"name":"wp","href":"https:\/\/api.w.org\/{rel}","templated":true}]}}