{"id":41473,"date":"2024-06-24T11:19:38","date_gmt":"2024-06-24T17:19:38","guid":{"rendered":"https:\/\/cuernavaca.gob.mx\/?p=41473"},"modified":"2024-06-24T11:19:38","modified_gmt":"2024-06-24T17:19:38","slug":"b1804-24-06-24-se-reincorpora-jose-luis-uriostegui-a-la-presidencia-municipal-con-evaluacion-de-diferentes-areas-del-ayuntamiento-de-cuernavaca","status":"publish","type":"post","link":"https:\/\/cuernavaca.gob.mx\/?p=41473","title":{"rendered":"B1804 24\/06\/24 SE REINCORPORA JOS\u00c9 LUIS URI\u00d3STEGUI A LA PRESIDENCIA MUNICIPAL CON EVALUACI\u00d3N DE DIFERENTES \u00c1REAS DEL AYUNTAMIENTO DE CUERNAVACA"},"content":{"rendered":"<p><strong>\u2022 El alcalde capitalino retom\u00f3 sus funciones desde primera hora de este lunes 24 de junio, al participar en la ceremonia de izamiento de bandera convocada por la SEDEN<\/strong><\/p>\n<p>A primera hora de este lunes 24 de junio, Jos\u00e9 Luis Uri\u00f3stegui Salgado retom\u00f3 de manera formal sus funciones como presidente municipal de Cuernavaca con una serie de reuniones previamente agendadas con integrantes del Gabinete para evaluar cada uno de los proyectos que se tienen en las diferentes dependencias y garantizar la continuidad de los planes de trabajo planteados desde el inicio de la administraci\u00f3n 2022-2024.<\/p>\n<p>Al iniciar de manera formal su agenda de trabajo, Jos\u00e9 Luis Uri\u00f3stegui particip\u00f3 a invitaci\u00f3n de la Secretar\u00eda de la Defensa Nacional (SEDENA) en la ceremonia de izamiento de bandera que tuvo como sede el Monumento a la Revoluci\u00f3n en avenida Plan de Ayala, en la cual estuvo acompa\u00f1ado del General de Brigada Diplomado de Estado Mayor, Jos\u00e9 Luis Bucio Quiroz, comandante de la 24\/a. Zona Militar y del Comisario Gaudencio Ramos Jim\u00e9nez, coordinador estatal de la Guardia Nacional.<\/p>\n<p>El presidente municipal de Cuernavaca inform\u00f3 a representantes de los medios de comunicaci\u00f3n que las reuniones de trabajo ser\u00e1n a lo largo de la semana, a fin de efectuar un an\u00e1lisis de cada de una de las actividades que se est\u00e1n desarrollando a favor de la poblaci\u00f3n, particularmente el Plan Anual de Obra P\u00fablica 2024, el programa de mejora de servicios p\u00fablicos, programas sociales y la disciplina financiera que instruy\u00f3 se mantenga vigente desde que asumi\u00f3 el cargo.<\/p>\n<p>En esta ceremonia c\u00edvica de izamiento y honores a la Bandera, donde tambi\u00e9n asistieron la secretaria de Protecci\u00f3n y Auxilio Ciudadano (SEPRAC) de Cuernavaca, Alicia V\u00e1zquez Luna; y del Doctor Octavio Alejandro Coronado Mu\u00f1oz, director de la UMF No. 20 del Instituto Mexicano del Seguro Social (IMSS), Jos\u00e9 Luis Uri\u00f3stegui aclar\u00f3 que est\u00e1 enfocado en culminar esta administraci\u00f3n en orden, alcanzando los objetivos y resultados planteados desde un inicio, con los cuales han consolidado el renacer de la capital morelense en distintos \u00e1mbitos.<\/p>\n<p>Cabe recordar que Jos\u00e9 Luis Uri\u00f3stegui Salgado solicit\u00f3 al Cabildo licencia en el cargo por hasta 90 d\u00edas naturales para participar en igualdad de condiciones con las dem\u00e1s personas contendientes en la pasada jornada electoral.<\/p>\n\n\t\t<style type=\"text\/css\">\n\t\t\t#gallery-1 {\n\t\t\t\tmargin: auto;\n\t\t\t}\n\t\t\t#gallery-1 .gallery-item {\n\t\t\t\tfloat: left;\n\t\t\t\tmargin-top: 10px;\n\t\t\t\ttext-align: center;\n\t\t\t\twidth: 33%;\n\t\t\t}\n\t\t\t#gallery-1 img {\n\t\t\t\tborder: 2px solid #cfcfcf;\n\t\t\t}\n\t\t\t#gallery-1 .gallery-caption {\n\t\t\t\tmargin-left: 0;\n\t\t\t}\n\t\t\t\/* see gallery_shortcode() in wp-includes\/media.php *\/\n\t\t<\/style>\n\t\t<div id='gallery-1' class='gallery galleryid-41473 gallery-columns-3 gallery-size-thumbnail'><dl class='gallery-item'>\n\t\t\t<dt class='gallery-icon landscape'>\n\t\t\t\t<a href='https:\/\/cuernavaca.gob.mx\/?attachment_id=41474'><img width=\"150\" height=\"150\" src=\"https:\/\/cuernavaca.gob.mx\/wp-content\/uploads\/2024\/06\/SE-REINCORPORA-JOSE\u0301-LUIS-URIO\u0301STEGUI-A-LA-PRESIDENCIA-MUNICIPAL-CON-EVALUACIO\u0301N-DE-DIFERENTES-A\u0301REAS-DEL-AYUNTAMIENTO-DE-CUERNAVACA-1-150x150.jpg\" class=\"attachment-thumbnail size-thumbnail\" alt=\"\" loading=\"lazy\" \/><\/a>\n\t\t\t<\/dt><\/dl><dl class='gallery-item'>\n\t\t\t<dt class='gallery-icon landscape'>\n\t\t\t\t<a href='https:\/\/cuernavaca.gob.mx\/?attachment_id=41475'><img width=\"150\" height=\"150\" src=\"https:\/\/cuernavaca.gob.mx\/wp-content\/uploads\/2024\/06\/SE-REINCORPORA-JOSE\u0301-LUIS-URIO\u0301STEGUI-A-LA-PRESIDENCIA-MUNICIPAL-CON-EVALUACIO\u0301N-DE-DIFERENTES-A\u0301REAS-DEL-AYUNTAMIENTO-DE-CUERNAVACA-2-150x150.jpg\" class=\"attachment-thumbnail size-thumbnail\" alt=\"\" loading=\"lazy\" \/><\/a>\n\t\t\t<\/dt><\/dl><dl class='gallery-item'>\n\t\t\t<dt class='gallery-icon landscape'>\n\t\t\t\t<a href='https:\/\/cuernavaca.gob.mx\/?attachment_id=41476'><img width=\"150\" height=\"150\" src=\"https:\/\/cuernavaca.gob.mx\/wp-content\/uploads\/2024\/06\/SE-REINCORPORA-JOSE\u0301-LUIS-URIO\u0301STEGUI-A-LA-PRESIDENCIA-MUNICIPAL-CON-EVALUACIO\u0301N-DE-DIFERENTES-A\u0301REAS-DEL-AYUNTAMIENTO-DE-CUERNAVACA-3-150x150.jpg\" class=\"attachment-thumbnail size-thumbnail\" alt=\"\" loading=\"lazy\" \/><\/a>\n\t\t\t<\/dt><\/dl><br style=\"clear: both\" \/><dl class='gallery-item'>\n\t\t\t<dt class='gallery-icon landscape'>\n\t\t\t\t<a href='https:\/\/cuernavaca.gob.mx\/?attachment_id=41477'><img width=\"150\" height=\"150\" src=\"https:\/\/cuernavaca.gob.mx\/wp-content\/uploads\/2024\/06\/SE-REINCORPORA-JOSE\u0301-LUIS-URIO\u0301STEGUI-A-LA-PRESIDENCIA-MUNICIPAL-CON-EVALUACIO\u0301N-DE-DIFERENTES-A\u0301REAS-DEL-AYUNTAMIENTO-DE-CUERNAVACA-4-150x150.jpg\" class=\"attachment-thumbnail size-thumbnail\" alt=\"\" loading=\"lazy\" \/><\/a>\n\t\t\t<\/dt><\/dl><dl class='gallery-item'>\n\t\t\t<dt class='gallery-icon portrait'>\n\t\t\t\t<a href='https:\/\/cuernavaca.gob.mx\/?attachment_id=41478'><img width=\"150\" height=\"150\" src=\"https:\/\/cuernavaca.gob.mx\/wp-content\/uploads\/2024\/06\/SE-REINCORPORA-JOSE\u0301-LUIS-URIO\u0301STEGUI-A-LA-PRESIDENCIA-MUNICIPAL-CON-EVALUACIO\u0301N-DE-DIFERENTES-A\u0301REAS-DEL-AYUNTAMIENTO-DE-CUERNAVACA-5-150x150.jpg\" class=\"attachment-thumbnail size-thumbnail\" alt=\"\" loading=\"lazy\" \/><\/a>\n\t\t\t<\/dt><\/dl><dl class='gallery-item'>\n\t\t\t<dt class='gallery-icon landscape'>\n\t\t\t\t<a href='https:\/\/cuernavaca.gob.mx\/?attachment_id=41479'><img width=\"150\" height=\"150\" src=\"https:\/\/cuernavaca.gob.mx\/wp-content\/uploads\/2024\/06\/SE-REINCORPORA-JOSE\u0301-LUIS-URIO\u0301STEGUI-A-LA-PRESIDENCIA-MUNICIPAL-CON-EVALUACIO\u0301N-DE-DIFERENTES-A\u0301REAS-DEL-AYUNTAMIENTO-DE-CUERNAVACA-6-150x150.jpg\" class=\"attachment-thumbnail size-thumbnail\" alt=\"\" loading=\"lazy\" \/><\/a>\n\t\t\t<\/dt><\/dl><br style=\"clear: both\" \/><dl class='gallery-item'>\n\t\t\t<dt class='gallery-icon landscape'>\n\t\t\t\t<a href='https:\/\/cuernavaca.gob.mx\/?attachment_id=41480'><img width=\"150\" height=\"150\" src=\"https:\/\/cuernavaca.gob.mx\/wp-content\/uploads\/2024\/06\/SE-REINCORPORA-JOSE\u0301-LUIS-URIO\u0301STEGUI-A-LA-PRESIDENCIA-MUNICIPAL-CON-EVALUACIO\u0301N-DE-DIFERENTES-A\u0301REAS-DEL-AYUNTAMIENTO-DE-CUERNAVACA-7-150x150.jpg\" class=\"attachment-thumbnail size-thumbnail\" alt=\"\" loading=\"lazy\" \/><\/a>\n\t\t\t<\/dt><\/dl>\n\t\t\t<br style='clear: both' \/>\n\t\t<\/div>\n\n","protected":false},"excerpt":{"rendered":"<p>\u2022 El alcalde capitalino retom\u00f3 sus funciones desde primera hora de este lunes 24 de junio, al participar en la ceremonia de izamiento de bandera convocada por la SEDEN A primera hora de este lunes 24 de junio, Jos\u00e9 Luis Uri\u00f3stegui Salgado retom\u00f3 de manera formal sus funciones como presidente municipal de Cuernavaca con una [&hellip;]<\/p>\n","protected":false},"author":1,"featured_media":41477,"comment_status":"closed","ping_status":"open","sticky":false,"template":"","format":"standard","meta":[],"categories":[20],"tags":[121,120,206,127,372],"aioseo_notices":[],"_links":{"self":[{"href":"https:\/\/cuernavaca.gob.mx\/index.php?rest_route=\/wp\/v2\/posts\/41473"}],"collection":[{"href":"https:\/\/cuernavaca.gob.mx\/index.php?rest_route=\/wp\/v2\/posts"}],"about":[{"href":"https:\/\/cuernavaca.gob.mx\/index.php?rest_route=\/wp\/v2\/types\/post"}],"author":[{"embeddable":true,"href":"https:\/\/cuernavaca.gob.mx\/index.php?rest_route=\/wp\/v2\/users\/1"}],"replies":[{"embeddable":true,"href":"https:\/\/cuernavaca.gob.mx\/index.php?rest_route=%2Fwp%2Fv2%2Fcomments&post=41473"}],"version-history":[{"count":1,"href":"https:\/\/cuernavaca.gob.mx\/index.php?rest_route=\/wp\/v2\/posts\/41473\/revisions"}],"predecessor-version":[{"id":41481,"href":"https:\/\/cuernavaca.gob.mx\/index.php?rest_route=\/wp\/v2\/posts\/41473\/revisions\/41481"}],"wp:featuredmedia":[{"embeddable":true,"href":"https:\/\/cuernavaca.gob.mx\/index.php?rest_route=\/wp\/v2\/media\/41477"}],"wp:attachment":[{"href":"https:\/\/cuernavaca.gob.mx\/index.php?rest_route=%2Fwp%2Fv2%2Fmedia&parent=41473"}],"wp:term":[{"taxonomy":"category","embeddable":true,"href":"https:\/\/cuernavaca.gob.mx\/index.php?rest_route=%2Fwp%2Fv2%2Fcategories&post=41473"},{"taxonomy":"post_tag","embeddable":true,"href":"https:\/\/cuernavaca.gob.mx\/index.php?rest_route=%2Fwp%2Fv2%2Ftags&post=41473"}],"curies":[{"name":"wp","href":"https:\/\/api.w.org\/{rel}","templated":true}]}}