{"id":41482,"date":"2024-06-24T15:27:59","date_gmt":"2024-06-24T21:27:59","guid":{"rendered":"https:\/\/cuernavaca.gob.mx\/?p=41482"},"modified":"2024-06-24T15:27:59","modified_gmt":"2024-06-24T21:27:59","slug":"f819-24-06-24-atiende-bomberos-cuernavaca-afectaciones-registradas-por-lluvias-en-diferentes-puntos-de-la-ciudad","status":"publish","type":"post","link":"https:\/\/cuernavaca.gob.mx\/?p=41482","title":{"rendered":"F819 24\/06\/24 ATIENDE BOMBEROS CUERNAVACA AFECTACIONES REGISTRADAS POR LLUVIAS EN DIFERENTES PUNTOS DE LA CIUDAD"},"content":{"rendered":"<p><strong>\u2022 Particularmente se respondi\u00f3 a reportes de \u00e1rboles ca\u00eddos, encharcamientos y afectaciones en vialidades<\/strong><\/p>\n<p>Derivado de las lluvias registradas en los \u00faltimos d\u00edas, particularmente este lunes, la Direcci\u00f3n de Bomberos, Rescate y Urgencias M\u00e9dicas de la Secretar\u00eda de Protecci\u00f3n y Auxilio Ciudadano (SEPARC) de Cuernavaca, ha atendido reportes de \u00e1rboles ca\u00eddos, encharcamientos y afectaciones en vialidades que se han presentado en diferentes puntos de la capital morelense.<\/p>\n<p>El director de Bomberos Cuernavaca, Rub\u00e9n Casta\u00f1eda Hern\u00e1ndez, inform\u00f3 que del 17 al 23 de junio atendieron 11 reportes de \u00e1rboles y ramas colapsadas por cuestiones del viento, en tanto este lunes 24 de junio luego de la precipitaci\u00f3n pluvial que se registr\u00f3 por la ma\u00f1ana atendieron el reporte de un \u00e1rbol colapsado en la colonia Las \u00c1guilas, donde tambi\u00e9n se registraron inundaciones en las vialidades.<\/p>\n<p>Resalt\u00f3 que, al ser un punto de riesgo en la ciudad, la ma\u00f1ana de este lunes realizaron un recorrido en la colonia Los Pilares, donde verificaron que hasta el momento las condiciones se encuentran estables.<\/p>\n<p>De igual forma en las colonias Chapultepec, Acapantzingo, Cantarranas y Flores Mag\u00f3n, as\u00ed como en la avenida Atlacomulco se reportaron encharcamientos debido a la acumulaci\u00f3n de basura en alcantarillas, por lo cual hizo un llamado a la poblaci\u00f3n a no dejar bolsas de basura en banquetas y en esquinas, particularmente en esta temporada.<\/p>\n<p>Ante cualquier eventualidad se invita a la ciudadan\u00eda a dar aviso a las autoridades locales a trav\u00e9s del n\u00famero de la Central de Emergencias de la Secretar\u00eda de Protecci\u00f3n y Auxilio Ciudadano (SEPRAC) Cuernavaca, al 777 312 1274.<\/p>\n\n\t\t<style type=\"text\/css\">\n\t\t\t#gallery-1 {\n\t\t\t\tmargin: auto;\n\t\t\t}\n\t\t\t#gallery-1 .gallery-item {\n\t\t\t\tfloat: left;\n\t\t\t\tmargin-top: 10px;\n\t\t\t\ttext-align: center;\n\t\t\t\twidth: 33%;\n\t\t\t}\n\t\t\t#gallery-1 img {\n\t\t\t\tborder: 2px solid #cfcfcf;\n\t\t\t}\n\t\t\t#gallery-1 .gallery-caption {\n\t\t\t\tmargin-left: 0;\n\t\t\t}\n\t\t\t\/* see gallery_shortcode() in wp-includes\/media.php *\/\n\t\t<\/style>\n\t\t<div id='gallery-1' class='gallery galleryid-41482 gallery-columns-3 gallery-size-thumbnail'><dl class='gallery-item'>\n\t\t\t<dt class='gallery-icon portrait'>\n\t\t\t\t<a href='https:\/\/cuernavaca.gob.mx\/?attachment_id=41483'><img width=\"150\" height=\"150\" src=\"https:\/\/cuernavaca.gob.mx\/wp-content\/uploads\/2024\/06\/ATIENDE-BOMBEROS-CUERNAVACA-AFECTACIONES-REGISTRADAS-POR-LLUVIAS-EN-DIFERENTES-PUNTOS-DE-LA-CIUDAD-1-150x150.jpg\" class=\"attachment-thumbnail size-thumbnail\" alt=\"\" loading=\"lazy\" \/><\/a>\n\t\t\t<\/dt><\/dl><dl class='gallery-item'>\n\t\t\t<dt class='gallery-icon landscape'>\n\t\t\t\t<a href='https:\/\/cuernavaca.gob.mx\/?attachment_id=41484'><img width=\"150\" height=\"150\" src=\"https:\/\/cuernavaca.gob.mx\/wp-content\/uploads\/2024\/06\/ATIENDE-BOMBEROS-CUERNAVACA-AFECTACIONES-REGISTRADAS-POR-LLUVIAS-EN-DIFERENTES-PUNTOS-DE-LA-CIUDAD-2-150x150.jpg\" class=\"attachment-thumbnail size-thumbnail\" alt=\"\" loading=\"lazy\" \/><\/a>\n\t\t\t<\/dt><\/dl><dl class='gallery-item'>\n\t\t\t<dt class='gallery-icon landscape'>\n\t\t\t\t<a href='https:\/\/cuernavaca.gob.mx\/?attachment_id=41485'><img width=\"150\" height=\"150\" src=\"https:\/\/cuernavaca.gob.mx\/wp-content\/uploads\/2024\/06\/ATIENDE-BOMBEROS-CUERNAVACA-AFECTACIONES-REGISTRADAS-POR-LLUVIAS-EN-DIFERENTES-PUNTOS-DE-LA-CIUDAD-3-150x150.jpg\" class=\"attachment-thumbnail size-thumbnail\" alt=\"\" loading=\"lazy\" \/><\/a>\n\t\t\t<\/dt><\/dl><br style=\"clear: both\" \/><dl class='gallery-item'>\n\t\t\t<dt class='gallery-icon landscape'>\n\t\t\t\t<a href='https:\/\/cuernavaca.gob.mx\/?attachment_id=41486'><img width=\"150\" height=\"150\" src=\"https:\/\/cuernavaca.gob.mx\/wp-content\/uploads\/2024\/06\/ATIENDE-BOMBEROS-CUERNAVACA-AFECTACIONES-REGISTRADAS-POR-LLUVIAS-EN-DIFERENTES-PUNTOS-DE-LA-CIUDAD-4-150x150.jpg\" class=\"attachment-thumbnail size-thumbnail\" alt=\"\" loading=\"lazy\" \/><\/a>\n\t\t\t<\/dt><\/dl>\n\t\t\t<br style='clear: both' \/>\n\t\t<\/div>\n\n","protected":false},"excerpt":{"rendered":"<p>\u2022 Particularmente se respondi\u00f3 a reportes de \u00e1rboles ca\u00eddos, encharcamientos y afectaciones en vialidades Derivado de las lluvias registradas en los \u00faltimos d\u00edas, particularmente este lunes, la Direcci\u00f3n de Bomberos, Rescate y Urgencias M\u00e9dicas de la Secretar\u00eda de Protecci\u00f3n y Auxilio Ciudadano (SEPARC) de Cuernavaca, ha atendido reportes de \u00e1rboles ca\u00eddos, encharcamientos y afectaciones en [&hellip;]<\/p>\n","protected":false},"author":1,"featured_media":41484,"comment_status":"closed","ping_status":"open","sticky":false,"template":"","format":"standard","meta":[],"categories":[2227],"tags":[2162,121,238,120,206,127,2222],"aioseo_notices":[],"_links":{"self":[{"href":"https:\/\/cuernavaca.gob.mx\/index.php?rest_route=\/wp\/v2\/posts\/41482"}],"collection":[{"href":"https:\/\/cuernavaca.gob.mx\/index.php?rest_route=\/wp\/v2\/posts"}],"about":[{"href":"https:\/\/cuernavaca.gob.mx\/index.php?rest_route=\/wp\/v2\/types\/post"}],"author":[{"embeddable":true,"href":"https:\/\/cuernavaca.gob.mx\/index.php?rest_route=\/wp\/v2\/users\/1"}],"replies":[{"embeddable":true,"href":"https:\/\/cuernavaca.gob.mx\/index.php?rest_route=%2Fwp%2Fv2%2Fcomments&post=41482"}],"version-history":[{"count":1,"href":"https:\/\/cuernavaca.gob.mx\/index.php?rest_route=\/wp\/v2\/posts\/41482\/revisions"}],"predecessor-version":[{"id":41487,"href":"https:\/\/cuernavaca.gob.mx\/index.php?rest_route=\/wp\/v2\/posts\/41482\/revisions\/41487"}],"wp:featuredmedia":[{"embeddable":true,"href":"https:\/\/cuernavaca.gob.mx\/index.php?rest_route=\/wp\/v2\/media\/41484"}],"wp:attachment":[{"href":"https:\/\/cuernavaca.gob.mx\/index.php?rest_route=%2Fwp%2Fv2%2Fmedia&parent=41482"}],"wp:term":[{"taxonomy":"category","embeddable":true,"href":"https:\/\/cuernavaca.gob.mx\/index.php?rest_route=%2Fwp%2Fv2%2Fcategories&post=41482"},{"taxonomy":"post_tag","embeddable":true,"href":"https:\/\/cuernavaca.gob.mx\/index.php?rest_route=%2Fwp%2Fv2%2Ftags&post=41482"}],"curies":[{"name":"wp","href":"https:\/\/api.w.org\/{rel}","templated":true}]}}