{"id":41507,"date":"2024-06-24T14:30:26","date_gmt":"2024-06-24T20:30:26","guid":{"rendered":"https:\/\/cuernavaca.gob.mx\/?p=41507"},"modified":"2024-06-25T14:10:33","modified_gmt":"2024-06-25T20:10:33","slug":"f818-24-96-24-imparten-capacitacion-a-personal-del-ayuntamiento-de-cuernavaca-para-preservar-su-salud-mental-en-el-trabajo","status":"publish","type":"post","link":"https:\/\/cuernavaca.gob.mx\/?p=41507","title":{"rendered":"F818 24\/96\/24 IMPARTEN CAPACITACI\u00d3N A PERSONAL DEL AYUNTAMIENTO DE CUERNAVACA PARA PRESERVAR SU SALUD MENTAL EN EL TRABAJO"},"content":{"rendered":"<p>Como parte del aprendizaje continuo que se fomenta entre las y los servidores p\u00fablicos del Ayuntamiento de Cuernavaca para brindarle un mejor servicio a la poblaci\u00f3n, la Secretar\u00eda de Administraci\u00f3n, a trav\u00e9s del \u00e1rea de Recursos Humanos en coordinaci\u00f3n con el Centro de Integraci\u00f3n Juvenil en Adicciones (CIJ), inici\u00f3 una serie de talleres sobre salud mental en el trabajo que busca favorecer la calidad de vida de las y los trabajadores, as\u00ed como su productividad.<\/p>\n<p>En este taller, impartido por la Psic\u00f3loga Alicia \u00c1vila Loera, especialista del CIJ, se establecieron ciertas pr\u00e1cticas encaminadas a preservar la salud mental en el trabajo, permitiendo mejorar la labor cotidiana de las y los servidores p\u00fablicos, al resultar prioritario para potenciar la productividad y el buen trato hacia los otros, particularmente a la ciudadan\u00eda que diariamente asiste al Ayuntamiento para realizar alg\u00fan tipo de tr\u00e1mite o recibir asesor\u00eda.<\/p>\n<p>El taller que consta de tres sesiones contempla un modelo de replicadores para amplificar lo aprendido al resto del personal municipal, particularmente para aquellos que dan atenci\u00f3n de primer contacto a la ciudadan\u00eda, promoviendo su autoconocimiento y la prioridad que se debe de dar a su salud mental para dar un mejor trato a los dem\u00e1s.<\/p>\n\n\t\t<style type=\"text\/css\">\n\t\t\t#gallery-1 {\n\t\t\t\tmargin: auto;\n\t\t\t}\n\t\t\t#gallery-1 .gallery-item {\n\t\t\t\tfloat: left;\n\t\t\t\tmargin-top: 10px;\n\t\t\t\ttext-align: center;\n\t\t\t\twidth: 33%;\n\t\t\t}\n\t\t\t#gallery-1 img {\n\t\t\t\tborder: 2px solid #cfcfcf;\n\t\t\t}\n\t\t\t#gallery-1 .gallery-caption {\n\t\t\t\tmargin-left: 0;\n\t\t\t}\n\t\t\t\/* see gallery_shortcode() in wp-includes\/media.php *\/\n\t\t<\/style>\n\t\t<div id='gallery-1' class='gallery galleryid-41507 gallery-columns-3 gallery-size-thumbnail'><dl class='gallery-item'>\n\t\t\t<dt class='gallery-icon landscape'>\n\t\t\t\t<a href='https:\/\/cuernavaca.gob.mx\/?attachment_id=41512'><img width=\"150\" height=\"150\" src=\"https:\/\/cuernavaca.gob.mx\/wp-content\/uploads\/2024\/06\/IMPARTEN-CAPACITACIO\u0301N-A-PERSONAL-DEL-AYUNTAMIENTO-DE-CUERNAVACA-PARA-PRESERVAR-SU-SALUD-MENTAL-EN-EL-TRABAJO-1-150x150.jpg\" class=\"attachment-thumbnail size-thumbnail\" alt=\"\" loading=\"lazy\" \/><\/a>\n\t\t\t<\/dt><\/dl><dl class='gallery-item'>\n\t\t\t<dt class='gallery-icon landscape'>\n\t\t\t\t<a href='https:\/\/cuernavaca.gob.mx\/?attachment_id=41513'><img width=\"150\" height=\"150\" src=\"https:\/\/cuernavaca.gob.mx\/wp-content\/uploads\/2024\/06\/IMPARTEN-CAPACITACIO\u0301N-A-PERSONAL-DEL-AYUNTAMIENTO-DE-CUERNAVACA-PARA-PRESERVAR-SU-SALUD-MENTAL-EN-EL-TRABAJO-2-150x150.jpg\" class=\"attachment-thumbnail size-thumbnail\" alt=\"\" loading=\"lazy\" \/><\/a>\n\t\t\t<\/dt><\/dl><dl class='gallery-item'>\n\t\t\t<dt class='gallery-icon landscape'>\n\t\t\t\t<a href='https:\/\/cuernavaca.gob.mx\/?attachment_id=41514'><img width=\"150\" height=\"150\" src=\"https:\/\/cuernavaca.gob.mx\/wp-content\/uploads\/2024\/06\/IMPARTEN-CAPACITACIO\u0301N-A-PERSONAL-DEL-AYUNTAMIENTO-DE-CUERNAVACA-PARA-PRESERVAR-SU-SALUD-MENTAL-EN-EL-TRABAJO-3-150x150.jpg\" class=\"attachment-thumbnail size-thumbnail\" alt=\"\" loading=\"lazy\" \/><\/a>\n\t\t\t<\/dt><\/dl><br style=\"clear: both\" \/><dl class='gallery-item'>\n\t\t\t<dt class='gallery-icon landscape'>\n\t\t\t\t<a href='https:\/\/cuernavaca.gob.mx\/?attachment_id=41515'><img width=\"150\" height=\"150\" src=\"https:\/\/cuernavaca.gob.mx\/wp-content\/uploads\/2024\/06\/IMPARTEN-CAPACITACIO\u0301N-A-PERSONAL-DEL-AYUNTAMIENTO-DE-CUERNAVACA-PARA-PRESERVAR-SU-SALUD-MENTAL-EN-EL-TRABAJO-4-150x150.jpg\" class=\"attachment-thumbnail size-thumbnail\" alt=\"\" loading=\"lazy\" \/><\/a>\n\t\t\t<\/dt><\/dl>\n\t\t\t<br style='clear: both' \/>\n\t\t<\/div>\n\n<p>&nbsp;<\/p>\n","protected":false},"excerpt":{"rendered":"<p>Como parte del aprendizaje continuo que se fomenta entre las y los servidores p\u00fablicos del Ayuntamiento de Cuernavaca para brindarle un mejor servicio a la poblaci\u00f3n, la Secretar\u00eda de Administraci\u00f3n, a trav\u00e9s del \u00e1rea de Recursos Humanos en coordinaci\u00f3n con el Centro de Integraci\u00f3n Juvenil en Adicciones (CIJ), inici\u00f3 una serie de talleres sobre salud [&hellip;]<\/p>\n","protected":false},"author":1,"featured_media":41515,"comment_status":"closed","ping_status":"open","sticky":false,"template":"","format":"standard","meta":[],"categories":[1],"tags":[121,120,206,3707,127,161],"aioseo_notices":[],"_links":{"self":[{"href":"https:\/\/cuernavaca.gob.mx\/index.php?rest_route=\/wp\/v2\/posts\/41507"}],"collection":[{"href":"https:\/\/cuernavaca.gob.mx\/index.php?rest_route=\/wp\/v2\/posts"}],"about":[{"href":"https:\/\/cuernavaca.gob.mx\/index.php?rest_route=\/wp\/v2\/types\/post"}],"author":[{"embeddable":true,"href":"https:\/\/cuernavaca.gob.mx\/index.php?rest_route=\/wp\/v2\/users\/1"}],"replies":[{"embeddable":true,"href":"https:\/\/cuernavaca.gob.mx\/index.php?rest_route=%2Fwp%2Fv2%2Fcomments&post=41507"}],"version-history":[{"count":1,"href":"https:\/\/cuernavaca.gob.mx\/index.php?rest_route=\/wp\/v2\/posts\/41507\/revisions"}],"predecessor-version":[{"id":41516,"href":"https:\/\/cuernavaca.gob.mx\/index.php?rest_route=\/wp\/v2\/posts\/41507\/revisions\/41516"}],"wp:featuredmedia":[{"embeddable":true,"href":"https:\/\/cuernavaca.gob.mx\/index.php?rest_route=\/wp\/v2\/media\/41515"}],"wp:attachment":[{"href":"https:\/\/cuernavaca.gob.mx\/index.php?rest_route=%2Fwp%2Fv2%2Fmedia&parent=41507"}],"wp:term":[{"taxonomy":"category","embeddable":true,"href":"https:\/\/cuernavaca.gob.mx\/index.php?rest_route=%2Fwp%2Fv2%2Fcategories&post=41507"},{"taxonomy":"post_tag","embeddable":true,"href":"https:\/\/cuernavaca.gob.mx\/index.php?rest_route=%2Fwp%2Fv2%2Ftags&post=41507"}],"curies":[{"name":"wp","href":"https:\/\/api.w.org\/{rel}","templated":true}]}}