{"id":41615,"date":"2024-06-30T14:00:40","date_gmt":"2024-06-30T20:00:40","guid":{"rendered":"https:\/\/cuernavaca.gob.mx\/?p=41615"},"modified":"2024-06-30T18:59:43","modified_gmt":"2024-07-01T00:59:43","slug":"f825-30-06-24-jose-luis-uriostegui-y-consejo-de-cronistas-de-cuernavaca-acuerdan-dos-proyectos-para-preservar-la-historia-de-cuernavaca","status":"publish","type":"post","link":"https:\/\/cuernavaca.gob.mx\/?p=41615","title":{"rendered":"F825 30\/06\/24 JOS\u00c9 LUIS URI\u00d3STEGUI Y CONSEJO DE CRONISTAS DE CUERNAVACA ACUERDAN DOS PROYECTOS PARA PRESERVAR LA HISTORIA DE CUERNAVACA"},"content":{"rendered":"<p>Al retomar sus funciones como presidente honorario del Consejo de Cronistas del Municipio de Cuernavaca, el alcalde capitalino, Jos\u00e9 Luis Uri\u00f3stegui Salgado, refrend\u00f3 su compromiso por continuar impulsando los proyectos emanados de este \u00f3rgano colegiado y de colaboraci\u00f3n que tiene como objeto florecer a trav\u00e9s de sus palabras el embellecimiento de la capital morelense, preservando su historia.<\/p>\n<p>En el marco de la V sesi\u00f3n ordinaria del consejo, aplaudi\u00f3 y reconoci\u00f3 los avances que se tienen hasta el momento en la integraci\u00f3n del proyecto de colocaci\u00f3n de placas en los edificios hist\u00f3ricos de la ciudad, as\u00ed como en la elaboraci\u00f3n del libro de Historia y Cr\u00f3nica de Cuernavaca, para el cual se propuso como coeditor a la Universidad Aut\u00f3noma del Estado de Morelos (UAEM), plante\u00f3 invitar a la rectora Viridiana Le\u00f3n Hern\u00e1ndez para participar con alg\u00fan texto, ya que la m\u00e1xima casa de estudios se asienta en Cuernavaca y valdr\u00eda la pena que se refleje su representatividad con la poblaci\u00f3n.<\/p>\n<p>En este sentido, se propuso que como parte de las actividades de aniversario de Cuernavaca declarada como capital del estado de Morelos, se lleven a cabo una serie de actividades como la presentaci\u00f3n del libro que contendr\u00e1 gran parte de la historia del municipio.<\/p>\n<p>Con respecto a la preservaci\u00f3n del patrimonio arquitecto de la ciudad, la consejera coordinadora, Mar\u00eda de Lourdes Bejarano Almada, inform\u00f3 que cuentan con un listado final de los edificios donde pretenden color las placas conmemorativas a su historia, as\u00ed como con el dise\u00f1o preliminar de la placa, encontr\u00e1ndose en la b\u00fasqueda de los permisos con las personas titulares de los inmuebles, recordando que este proyecto tiene como finalidad que tanto ciudadanos como turistas conozcan la riqueza cultural que guarda la capital morelense.<\/p>\n\n\t\t<style type=\"text\/css\">\n\t\t\t#gallery-1 {\n\t\t\t\tmargin: auto;\n\t\t\t}\n\t\t\t#gallery-1 .gallery-item {\n\t\t\t\tfloat: left;\n\t\t\t\tmargin-top: 10px;\n\t\t\t\ttext-align: center;\n\t\t\t\twidth: 33%;\n\t\t\t}\n\t\t\t#gallery-1 img {\n\t\t\t\tborder: 2px solid #cfcfcf;\n\t\t\t}\n\t\t\t#gallery-1 .gallery-caption {\n\t\t\t\tmargin-left: 0;\n\t\t\t}\n\t\t\t\/* see gallery_shortcode() in wp-includes\/media.php *\/\n\t\t<\/style>\n\t\t<div id='gallery-1' class='gallery galleryid-41615 gallery-columns-3 gallery-size-thumbnail'><dl class='gallery-item'>\n\t\t\t<dt class='gallery-icon landscape'>\n\t\t\t\t<a href='https:\/\/cuernavaca.gob.mx\/?attachment_id=41616'><img width=\"150\" height=\"150\" src=\"https:\/\/cuernavaca.gob.mx\/wp-content\/uploads\/2024\/06\/JOSE-LUIS-URIOSTEGUI-Y-CONSEJO-DE-CRONISTAS-DE-CUERNAVACA-ACUERDAN-DOS-PROYECTOS-PARA-PRESERVAR-LA-HISTORIA-DE-CUERNAVACA-1-150x150.jpeg\" class=\"attachment-thumbnail size-thumbnail\" alt=\"\" loading=\"lazy\" \/><\/a>\n\t\t\t<\/dt><\/dl><dl class='gallery-item'>\n\t\t\t<dt class='gallery-icon landscape'>\n\t\t\t\t<a href='https:\/\/cuernavaca.gob.mx\/?attachment_id=41617'><img width=\"150\" height=\"150\" src=\"https:\/\/cuernavaca.gob.mx\/wp-content\/uploads\/2024\/06\/JOSE-LUIS-URIOSTEGUI-Y-CONSEJO-DE-CRONISTAS-DE-CUERNAVACA-ACUERDAN-DOS-PROYECTOS-PARA-PRESERVAR-LA-HISTORIA-DE-CUERNAVACA-2-150x150.jpeg\" class=\"attachment-thumbnail size-thumbnail\" alt=\"\" loading=\"lazy\" \/><\/a>\n\t\t\t<\/dt><\/dl><dl class='gallery-item'>\n\t\t\t<dt class='gallery-icon landscape'>\n\t\t\t\t<a href='https:\/\/cuernavaca.gob.mx\/?attachment_id=41618'><img width=\"150\" height=\"150\" src=\"https:\/\/cuernavaca.gob.mx\/wp-content\/uploads\/2024\/06\/JOSE-LUIS-URIOSTEGUI-Y-CONSEJO-DE-CRONISTAS-DE-CUERNAVACA-ACUERDAN-DOS-PROYECTOS-PARA-PRESERVAR-LA-HISTORIA-DE-CUERNAVACA-3-150x150.jpeg\" class=\"attachment-thumbnail size-thumbnail\" alt=\"\" loading=\"lazy\" \/><\/a>\n\t\t\t<\/dt><\/dl><br style=\"clear: both\" \/><dl class='gallery-item'>\n\t\t\t<dt class='gallery-icon landscape'>\n\t\t\t\t<a href='https:\/\/cuernavaca.gob.mx\/?attachment_id=41619'><img width=\"150\" height=\"150\" src=\"https:\/\/cuernavaca.gob.mx\/wp-content\/uploads\/2024\/06\/JOSE-LUIS-URIOSTEGUI-Y-CONSEJO-DE-CRONISTAS-DE-CUERNAVACA-ACUERDAN-DOS-PROYECTOS-PARA-PRESERVAR-LA-HISTORIA-DE-CUERNAVACA-4-150x150.jpeg\" class=\"attachment-thumbnail size-thumbnail\" alt=\"\" loading=\"lazy\" \/><\/a>\n\t\t\t<\/dt><\/dl><dl class='gallery-item'>\n\t\t\t<dt class='gallery-icon landscape'>\n\t\t\t\t<a href='https:\/\/cuernavaca.gob.mx\/?attachment_id=41620'><img width=\"150\" height=\"150\" src=\"https:\/\/cuernavaca.gob.mx\/wp-content\/uploads\/2024\/06\/JOSE-LUIS-URIOSTEGUI-Y-CONSEJO-DE-CRONISTAS-DE-CUERNAVACA-ACUERDAN-DOS-PROYECTOS-PARA-PRESERVAR-LA-HISTORIA-DE-CUERNAVACA-5-150x150.jpeg\" class=\"attachment-thumbnail size-thumbnail\" alt=\"\" loading=\"lazy\" \/><\/a>\n\t\t\t<\/dt><\/dl><dl class='gallery-item'>\n\t\t\t<dt class='gallery-icon landscape'>\n\t\t\t\t<a href='https:\/\/cuernavaca.gob.mx\/?attachment_id=41621'><img width=\"150\" height=\"150\" src=\"https:\/\/cuernavaca.gob.mx\/wp-content\/uploads\/2024\/06\/JOSE-LUIS-URIOSTEGUI-Y-CONSEJO-DE-CRONISTAS-DE-CUERNAVACA-ACUERDAN-DOS-PROYECTOS-PARA-PRESERVAR-LA-HISTORIA-DE-CUERNAVACA-6-150x150.jpeg\" class=\"attachment-thumbnail size-thumbnail\" alt=\"\" loading=\"lazy\" \/><\/a>\n\t\t\t<\/dt><\/dl><br style=\"clear: both\" \/>\n\t\t<\/div>\n\n","protected":false},"excerpt":{"rendered":"<p>Al retomar sus funciones como presidente honorario del Consejo de Cronistas del Municipio de Cuernavaca, el alcalde capitalino, Jos\u00e9 Luis Uri\u00f3stegui Salgado, refrend\u00f3 su compromiso por continuar impulsando los proyectos emanados de este \u00f3rgano colegiado y de colaboraci\u00f3n que tiene como objeto florecer a trav\u00e9s de sus palabras el embellecimiento de la capital morelense, preservando [&hellip;]<\/p>\n","protected":false},"author":1,"featured_media":41621,"comment_status":"closed","ping_status":"open","sticky":false,"template":"","format":"standard","meta":[],"categories":[2292],"tags":[2515,121,190,1071,3713,3712,206,127],"aioseo_notices":[],"_links":{"self":[{"href":"https:\/\/cuernavaca.gob.mx\/index.php?rest_route=\/wp\/v2\/posts\/41615"}],"collection":[{"href":"https:\/\/cuernavaca.gob.mx\/index.php?rest_route=\/wp\/v2\/posts"}],"about":[{"href":"https:\/\/cuernavaca.gob.mx\/index.php?rest_route=\/wp\/v2\/types\/post"}],"author":[{"embeddable":true,"href":"https:\/\/cuernavaca.gob.mx\/index.php?rest_route=\/wp\/v2\/users\/1"}],"replies":[{"embeddable":true,"href":"https:\/\/cuernavaca.gob.mx\/index.php?rest_route=%2Fwp%2Fv2%2Fcomments&post=41615"}],"version-history":[{"count":2,"href":"https:\/\/cuernavaca.gob.mx\/index.php?rest_route=\/wp\/v2\/posts\/41615\/revisions"}],"predecessor-version":[{"id":41623,"href":"https:\/\/cuernavaca.gob.mx\/index.php?rest_route=\/wp\/v2\/posts\/41615\/revisions\/41623"}],"wp:featuredmedia":[{"embeddable":true,"href":"https:\/\/cuernavaca.gob.mx\/index.php?rest_route=\/wp\/v2\/media\/41621"}],"wp:attachment":[{"href":"https:\/\/cuernavaca.gob.mx\/index.php?rest_route=%2Fwp%2Fv2%2Fmedia&parent=41615"}],"wp:term":[{"taxonomy":"category","embeddable":true,"href":"https:\/\/cuernavaca.gob.mx\/index.php?rest_route=%2Fwp%2Fv2%2Fcategories&post=41615"},{"taxonomy":"post_tag","embeddable":true,"href":"https:\/\/cuernavaca.gob.mx\/index.php?rest_route=%2Fwp%2Fv2%2Ftags&post=41615"}],"curies":[{"name":"wp","href":"https:\/\/api.w.org\/{rel}","templated":true}]}}