{"id":41682,"date":"2024-07-03T15:23:08","date_gmt":"2024-07-03T21:23:08","guid":{"rendered":"https:\/\/cuernavaca.gob.mx\/?p=41682"},"modified":"2024-07-03T16:16:37","modified_gmt":"2024-07-03T22:16:37","slug":"b1816-03-07-24-el-ayuntamiento-de-cuernavaca-refrenda-compromiso-para-reconstruir-el-tejido-social-en-la-feria-de-paz-y-desarme-voluntario","status":"publish","type":"post","link":"https:\/\/cuernavaca.gob.mx\/?p=41682","title":{"rendered":"B1816 03\/07\/24 EL AYUNTAMIENTO DE CUERNAVACA REFRENDA COMPROMISO PARA RECONSTRUIR EL TEJIDO SOCIAL EN LA FERIA DE PAZ Y DESARME VOLUNTARIO"},"content":{"rendered":"<p>\u2022 La SEPRAC, el Instituto de la Mujer de Cuernavaca, el DIF Cuernavaca, la Secretar\u00eda de Desarrollo Humano, as\u00ed como el Secretariado Ejecutivo del Consejo Municipal de Seguridad P\u00fablica participan en esta convocatoria<\/p>\n<p>Como parte de las acciones de pacificaci\u00f3n que se han implementado en la ciudad capital de Morelos, el Ayuntamiento de Cuernavaca particip\u00f3 este mi\u00e9rcoles en la Feria de Paz y Desarme Voluntario Cuernavaca 2024 convocada por el Gobierno Federal y organizada en conjunto con los tres \u00f3rdenes de gobierno para promover a trav\u00e9s de la participaci\u00f3n activa de la ciudadan\u00eda la reconstrucci\u00f3n del tejido social, a fin de reducir violencias y conductas delictivas.<\/p>\n<p>En esta iniciativa que tuvo como sede la explanada de Plaza de Armas, titulares y personal de la Secretar\u00eda de Protecci\u00f3n y Auxilio Ciudadano (SEPRAC), el Instituto de la Mujer de Cuernavaca (IMC), el Secretariado Ejecutivo del Consejo Municipal de Seguridad P\u00fablica, el Sistema Municipal DIF Cuernavaca y la Secretar\u00eda de Desarrollo Humano y Participaci\u00f3n Social, dieron a conocer con diversas actividades los servicios que ofrecen en materia de prevenci\u00f3n de la violencia y del delito, brindando tambi\u00e9n asesor\u00edas y atenci\u00f3n a la poblaci\u00f3n que lo requiri\u00f3.<\/p>\n<p>Al respecto, el secretario ejecutivo del Consejo Municipal de Seguridad P\u00fablica, Marco Olvera Benedicto, destac\u00f3 que al ser el Ayuntamiento la instancia que mantiene un contacto directo con la ciudadan\u00eda es fundamental su presencia en esta feria que abona a fortalecer la cultura de paz que ha sido un eje rector en la administraci\u00f3n, creando entornos seguros con la participaci\u00f3n de ni\u00f1as y ni\u00f1os, adolescentes, j\u00f3venes y adultos.<\/p>\n<p>La feria emana de la Estrategia Especial para la Construcci\u00f3n de Paz en 50 municipios prioritarios del pa\u00eds, siendo uno de ellos Cuernavaca, misma que est\u00e1 encabezada por la Secretar\u00eda de Seguridad y Protecci\u00f3n Ciudadana del Gobierno Federal; aqu\u00ed adem\u00e1s de ofrecerse pl\u00e1ticas, talleres, servicios de salud gratuitos, programas, apoyos sociales y becas educativas, se canjearon armas por compensaciones econ\u00f3micas con el objetivo de disminuir los \u00edndices delictivos, combatiendo la percepci\u00f3n err\u00f3nea de que el armamento en el hogar es necesario para sentirse seguros.<\/p>\n<p>Cabe mencionar que por parte de SEPRAC estuvieron presentes la Direcci\u00f3n de Bomberos, Rescate y Urgencias M\u00e9dicas, la Coordinaci\u00f3n Municipal de Protecci\u00f3n Civil, la Direcci\u00f3n de Prevenci\u00f3n Social de la Violencia e instalaron un m\u00f3dulo denominado \u201cAct\u00edvate con Beto\u201d, donde con el apoyo de la Facultad del Deporte de la Universidad Aut\u00f3noma del Estado de Morelos (UAEM) se fomentaron los factores de protecci\u00f3n y la construcci\u00f3n de paz a trav\u00e9s de actividades deportivas.<\/p>\n<p>Tambi\u00e9n colaboraron el Instituto de la Juventud, as\u00ed como las Direcciones de Atenci\u00f3n a Grupos Vulnerables y de la Diversidad Sexual del Ayuntamiento de Cuernavaca.<\/p>\n\n\t\t<style type=\"text\/css\">\n\t\t\t#gallery-1 {\n\t\t\t\tmargin: auto;\n\t\t\t}\n\t\t\t#gallery-1 .gallery-item {\n\t\t\t\tfloat: left;\n\t\t\t\tmargin-top: 10px;\n\t\t\t\ttext-align: center;\n\t\t\t\twidth: 33%;\n\t\t\t}\n\t\t\t#gallery-1 img {\n\t\t\t\tborder: 2px solid #cfcfcf;\n\t\t\t}\n\t\t\t#gallery-1 .gallery-caption {\n\t\t\t\tmargin-left: 0;\n\t\t\t}\n\t\t\t\/* see gallery_shortcode() in wp-includes\/media.php *\/\n\t\t<\/style>\n\t\t<div id='gallery-1' class='gallery galleryid-41682 gallery-columns-3 gallery-size-thumbnail'><dl class='gallery-item'>\n\t\t\t<dt class='gallery-icon landscape'>\n\t\t\t\t<a href='https:\/\/cuernavaca.gob.mx\/?attachment_id=41684'><img width=\"150\" height=\"150\" src=\"https:\/\/cuernavaca.gob.mx\/wp-content\/uploads\/2024\/07\/EL-AYUNTAMIENTO-DE-CUERNAVACA-REFRENDA-COMPROMISO-PARA-RECONSTRUIR-EL-TEJIDO-SOCIAL-EN-LA-FERIA-DE-PAZ-Y-DESARME-VOLUNTARIO_1-150x150.jpg\" class=\"attachment-thumbnail size-thumbnail\" alt=\"\" loading=\"lazy\" \/><\/a>\n\t\t\t<\/dt><\/dl><dl class='gallery-item'>\n\t\t\t<dt class='gallery-icon landscape'>\n\t\t\t\t<a href='https:\/\/cuernavaca.gob.mx\/?attachment_id=41685'><img width=\"150\" height=\"150\" src=\"https:\/\/cuernavaca.gob.mx\/wp-content\/uploads\/2024\/07\/EL-AYUNTAMIENTO-DE-CUERNAVACA-REFRENDA-COMPROMISO-PARA-RECONSTRUIR-EL-TEJIDO-SOCIAL-EN-LA-FERIA-DE-PAZ-Y-DESARME-VOLUNTARIO_2-150x150.jpg\" class=\"attachment-thumbnail size-thumbnail\" alt=\"\" loading=\"lazy\" \/><\/a>\n\t\t\t<\/dt><\/dl><dl class='gallery-item'>\n\t\t\t<dt class='gallery-icon landscape'>\n\t\t\t\t<a href='https:\/\/cuernavaca.gob.mx\/?attachment_id=41686'><img width=\"150\" height=\"150\" src=\"https:\/\/cuernavaca.gob.mx\/wp-content\/uploads\/2024\/07\/EL-AYUNTAMIENTO-DE-CUERNAVACA-REFRENDA-COMPROMISO-PARA-RECONSTRUIR-EL-TEJIDO-SOCIAL-EN-LA-FERIA-DE-PAZ-Y-DESARME-VOLUNTARIO_3-150x150.jpg\" class=\"attachment-thumbnail size-thumbnail\" alt=\"\" loading=\"lazy\" \/><\/a>\n\t\t\t<\/dt><\/dl><br style=\"clear: both\" \/><dl class='gallery-item'>\n\t\t\t<dt class='gallery-icon landscape'>\n\t\t\t\t<a href='https:\/\/cuernavaca.gob.mx\/?attachment_id=41687'><img width=\"150\" height=\"150\" src=\"https:\/\/cuernavaca.gob.mx\/wp-content\/uploads\/2024\/07\/EL-AYUNTAMIENTO-DE-CUERNAVACA-REFRENDA-COMPROMISO-PARA-RECONSTRUIR-EL-TEJIDO-SOCIAL-EN-LA-FERIA-DE-PAZ-Y-DESARME-VOLUNTARIO_4-150x150.jpg\" class=\"attachment-thumbnail size-thumbnail\" alt=\"\" loading=\"lazy\" \/><\/a>\n\t\t\t<\/dt><\/dl><dl class='gallery-item'>\n\t\t\t<dt class='gallery-icon landscape'>\n\t\t\t\t<a href='https:\/\/cuernavaca.gob.mx\/?attachment_id=41688'><img width=\"150\" height=\"150\" src=\"https:\/\/cuernavaca.gob.mx\/wp-content\/uploads\/2024\/07\/EL-AYUNTAMIENTO-DE-CUERNAVACA-REFRENDA-COMPROMISO-PARA-RECONSTRUIR-EL-TEJIDO-SOCIAL-EN-LA-FERIA-DE-PAZ-Y-DESARME-VOLUNTARIO_5-150x150.jpg\" class=\"attachment-thumbnail size-thumbnail\" alt=\"\" loading=\"lazy\" \/><\/a>\n\t\t\t<\/dt><\/dl><dl class='gallery-item'>\n\t\t\t<dt class='gallery-icon landscape'>\n\t\t\t\t<a href='https:\/\/cuernavaca.gob.mx\/?attachment_id=41689'><img width=\"150\" height=\"150\" src=\"https:\/\/cuernavaca.gob.mx\/wp-content\/uploads\/2024\/07\/EL-AYUNTAMIENTO-DE-CUERNAVACA-REFRENDA-COMPROMISO-PARA-RECONSTRUIR-EL-TEJIDO-SOCIAL-EN-LA-FERIA-DE-PAZ-Y-DESARME-VOLUNTARIO_6-150x150.jpg\" class=\"attachment-thumbnail size-thumbnail\" alt=\"\" loading=\"lazy\" \/><\/a>\n\t\t\t<\/dt><\/dl><br style=\"clear: both\" \/><dl class='gallery-item'>\n\t\t\t<dt class='gallery-icon landscape'>\n\t\t\t\t<a href='https:\/\/cuernavaca.gob.mx\/?attachment_id=41690'><img width=\"150\" height=\"150\" src=\"https:\/\/cuernavaca.gob.mx\/wp-content\/uploads\/2024\/07\/EL-AYUNTAMIENTO-DE-CUERNAVACA-REFRENDA-COMPROMISO-PARA-RECONSTRUIR-EL-TEJIDO-SOCIAL-EN-LA-FERIA-DE-PAZ-Y-DESARME-VOLUNTARIO_7-150x150.jpg\" class=\"attachment-thumbnail size-thumbnail\" alt=\"\" loading=\"lazy\" \/><\/a>\n\t\t\t<\/dt><\/dl><dl class='gallery-item'>\n\t\t\t<dt class='gallery-icon landscape'>\n\t\t\t\t<a href='https:\/\/cuernavaca.gob.mx\/?attachment_id=41691'><img width=\"150\" height=\"150\" src=\"https:\/\/cuernavaca.gob.mx\/wp-content\/uploads\/2024\/07\/EL-AYUNTAMIENTO-DE-CUERNAVACA-REFRENDA-COMPROMISO-PARA-RECONSTRUIR-EL-TEJIDO-SOCIAL-EN-LA-FERIA-DE-PAZ-Y-DESARME-VOLUNTARIO_8-150x150.jpg\" class=\"attachment-thumbnail size-thumbnail\" alt=\"\" loading=\"lazy\" \/><\/a>\n\t\t\t<\/dt><\/dl><dl class='gallery-item'>\n\t\t\t<dt class='gallery-icon landscape'>\n\t\t\t\t<a href='https:\/\/cuernavaca.gob.mx\/?attachment_id=41692'><img width=\"150\" height=\"150\" src=\"https:\/\/cuernavaca.gob.mx\/wp-content\/uploads\/2024\/07\/EL-AYUNTAMIENTO-DE-CUERNAVACA-REFRENDA-COMPROMISO-PARA-RECONSTRUIR-EL-TEJIDO-SOCIAL-EN-LA-FERIA-DE-PAZ-Y-DESARME-VOLUNTARIO_9-150x150.jpg\" class=\"attachment-thumbnail size-thumbnail\" alt=\"\" loading=\"lazy\" \/><\/a>\n\t\t\t<\/dt><\/dl><br style=\"clear: both\" \/><dl class='gallery-item'>\n\t\t\t<dt class='gallery-icon landscape'>\n\t\t\t\t<a href='https:\/\/cuernavaca.gob.mx\/?attachment_id=41693'><img width=\"150\" height=\"150\" src=\"https:\/\/cuernavaca.gob.mx\/wp-content\/uploads\/2024\/07\/EL-AYUNTAMIENTO-DE-CUERNAVACA-REFRENDA-COMPROMISO-PARA-RECONSTRUIR-EL-TEJIDO-SOCIAL-EN-LA-FERIA-DE-PAZ-Y-DESARME-VOLUNTARIO_10-150x150.jpg\" class=\"attachment-thumbnail size-thumbnail\" alt=\"\" loading=\"lazy\" \/><\/a>\n\t\t\t<\/dt><\/dl>\n\t\t\t<br style='clear: both' \/>\n\t\t<\/div>\n\n","protected":false},"excerpt":{"rendered":"<p>\u2022 La SEPRAC, el Instituto de la Mujer de Cuernavaca, el DIF Cuernavaca, la Secretar\u00eda de Desarrollo Humano, as\u00ed como el Secretariado Ejecutivo del Consejo Municipal de Seguridad P\u00fablica participan en esta convocatoria Como parte de las acciones de pacificaci\u00f3n que se han implementado en la ciudad capital de Morelos, el Ayuntamiento de Cuernavaca particip\u00f3 [&hellip;]<\/p>\n","protected":false},"author":1,"featured_media":41684,"comment_status":"closed","ping_status":"open","sticky":false,"template":"","format":"standard","meta":[],"categories":[17],"tags":[2500,3034,3717,121,132,637,3036,120,1583,125,252],"aioseo_notices":[],"_links":{"self":[{"href":"https:\/\/cuernavaca.gob.mx\/index.php?rest_route=\/wp\/v2\/posts\/41682"}],"collection":[{"href":"https:\/\/cuernavaca.gob.mx\/index.php?rest_route=\/wp\/v2\/posts"}],"about":[{"href":"https:\/\/cuernavaca.gob.mx\/index.php?rest_route=\/wp\/v2\/types\/post"}],"author":[{"embeddable":true,"href":"https:\/\/cuernavaca.gob.mx\/index.php?rest_route=\/wp\/v2\/users\/1"}],"replies":[{"embeddable":true,"href":"https:\/\/cuernavaca.gob.mx\/index.php?rest_route=%2Fwp%2Fv2%2Fcomments&post=41682"}],"version-history":[{"count":1,"href":"https:\/\/cuernavaca.gob.mx\/index.php?rest_route=\/wp\/v2\/posts\/41682\/revisions"}],"predecessor-version":[{"id":41694,"href":"https:\/\/cuernavaca.gob.mx\/index.php?rest_route=\/wp\/v2\/posts\/41682\/revisions\/41694"}],"wp:featuredmedia":[{"embeddable":true,"href":"https:\/\/cuernavaca.gob.mx\/index.php?rest_route=\/wp\/v2\/media\/41684"}],"wp:attachment":[{"href":"https:\/\/cuernavaca.gob.mx\/index.php?rest_route=%2Fwp%2Fv2%2Fmedia&parent=41682"}],"wp:term":[{"taxonomy":"category","embeddable":true,"href":"https:\/\/cuernavaca.gob.mx\/index.php?rest_route=%2Fwp%2Fv2%2Fcategories&post=41682"},{"taxonomy":"post_tag","embeddable":true,"href":"https:\/\/cuernavaca.gob.mx\/index.php?rest_route=%2Fwp%2Fv2%2Ftags&post=41682"}],"curies":[{"name":"wp","href":"https:\/\/api.w.org\/{rel}","templated":true}]}}