{"id":41719,"date":"2024-07-04T14:57:00","date_gmt":"2024-07-04T20:57:00","guid":{"rendered":"https:\/\/cuernavaca.gob.mx\/?p=41719"},"modified":"2024-07-04T14:57:00","modified_gmt":"2024-07-04T20:57:00","slug":"b1817-04-07-24-celebran-en-cuernavaca-50-anos-del-centro-inah-morelos-con-la-fiesta-cultural-inah-fest-2024","status":"publish","type":"post","link":"https:\/\/cuernavaca.gob.mx\/?p=41719","title":{"rendered":"B1817 04\/07\/24 CELEBRAN EN CUERNAVACA 50 A\u00d1OS DEL CENTRO INAH MORELOS CON LA FIESTA CULTURAL \u201cINAH FEST 2024"},"content":{"rendered":"<p><strong>\u2022 El presidente municipal Jos\u00e9 Luis Uri\u00f3stegui, particip\u00f3 este jueves en la inauguraci\u00f3n de esta verbena del conocimiento en el Museo Regional de los Pueblos de Morelos-Palacio de Cort\u00e9s<\/strong><\/p>\n<p><strong>\u2022 Del 04 al 06 de julio de 2024 se llevar\u00e1 a cabo esta tercera edici\u00f3n en el estado con actividades totalmente gratuitas para toda la familia<\/strong><\/p>\n<p>La ciudad de Cuernavaca est\u00e1 renaciendo y como muestra es que por tercer a\u00f1o consecutivo es sede oficial del INAHFest, proyecto de difusi\u00f3n cultural que naci\u00f3 en la capital morelense, convocado por el Instituto Nacional de Antropolog\u00eda e Historia (INAH), que del 04 al 06 de julio celebrar\u00e1 a trav\u00e9s de distintas actividades acad\u00e9micas y culturales la labor de investigaci\u00f3n hecha por el Centro INAH Morelos desde hace 50 a\u00f1os.<\/p>\n<p>Teniendo como escenario el Museo Regional de los Pueblos de Morelos-Palacio de Cort\u00e9s, el presidente municipal de Cuernavaca, Jos\u00e9 Luis Uri\u00f3stegui Salgado, celebr\u00f3 la realizaci\u00f3n de esta verbena del conocimiento que demuestra lo que est\u00e1 sucediendo en la capital morelense, la recuperaci\u00f3n de actividades para la identidad, la diversi\u00f3n, la cultura y el conocimiento, sumando esfuerzos, tanto de la iniciativa privada como la p\u00fablica para lograrlo.<\/p>\n<p>En el acto inaugural, el director del Centro INAH Morelos, V\u00edctor Hugo Valencia Valera, inform\u00f3 que en esta importante edici\u00f3n del INAHFest dar\u00e1n cuenta del crecimiento que ha tenido la instituci\u00f3n en 50 a\u00f1os con mesas redondas, conversatorios, talleres educativos, proyecciones y exposiciones gratuitas que se centrar\u00e1n en la labor arqueol\u00f3gica, hist\u00f3rica, antropol\u00f3gica y paleontol\u00f3gica que ha realizado el instituto en el estado.<br \/>\nAnte representantes de la sociedad civil organizada, de acad\u00e9micos y de autoridades de los distintos niveles de gobierno, la coordinadora nacional de Difusi\u00f3n del INAH, Beatriz Quintanar Hinojosa, destac\u00f3 la voluntad que tuvo el Centro INAH Morelos para desarrollar desde el 2022 tras la pandemia de Covid-19 este evento que celebra el patrimonio, mismo que ante la gran aceptaci\u00f3n que ha tenido se ha replicado en otros estados de la Rep\u00fablica, buscando integrar en cada edici\u00f3n un programa pensado en las preocupaciones, habilidades e intereses de las comunidades.<\/p>\n<p>En representaci\u00f3n del director general del INAH, Diego Prieto Hern\u00e1ndez, el secretario t\u00e9cnico del INAH, Jos\u00e9 Luis Perea Gonz\u00e1lez, dio por inaugurado el evento que puntualiz\u00f3 se ha destacado en estos tres a\u00f1os por su eficacia para divulgar el vasto conocimiento que produce el INAH y sus contextos a la recuperaci\u00f3n del saber, con la reflexi\u00f3n de las memorias e identidades, pero adem\u00e1s en esta edici\u00f3n 2024 se reconoce la digna trayectoria del Centro INAH Morelos.<\/p>\n<p>En el acto inaugural se cont\u00f3 con la presencia del titular del Museo Regional de los Pueblos de Morelos-Palacio de Cort\u00e9s, Rodolfo Candelas Casta\u00f1eda, los regidores Wendi Salinas Ruiz y Fernando Carrillo Alvarado del Cabildo, as\u00ed como del Consejo Municipal de Cultura y las Artes y del Consejo de Cronistas del Municipio de Cuernavaca; la secretaria de Turismo y Cultura estatal, Julieta Goldzweig Cornejo; de la secretaria de Desarrollo Econ\u00f3mico y del Trabajo del estado, Ana Cecilia Rodr\u00edguez Gonz\u00e1lez; del director del Centro INAH Guerrero, Arturo Mart\u00ednez N\u00fa\u00f1ez, entre otros asistentes.<\/p>\n<p>El programa completo est\u00e1 disponible en la liga https:\/\/bit.ly\/453vjQD y las redes sociales oficiales del Municipio de Cuernavaca y del Centro INAH Morelos.<\/p>\n\n\t\t<style type=\"text\/css\">\n\t\t\t#gallery-1 {\n\t\t\t\tmargin: auto;\n\t\t\t}\n\t\t\t#gallery-1 .gallery-item {\n\t\t\t\tfloat: left;\n\t\t\t\tmargin-top: 10px;\n\t\t\t\ttext-align: center;\n\t\t\t\twidth: 33%;\n\t\t\t}\n\t\t\t#gallery-1 img {\n\t\t\t\tborder: 2px solid #cfcfcf;\n\t\t\t}\n\t\t\t#gallery-1 .gallery-caption {\n\t\t\t\tmargin-left: 0;\n\t\t\t}\n\t\t\t\/* see gallery_shortcode() in wp-includes\/media.php *\/\n\t\t<\/style>\n\t\t<div id='gallery-1' class='gallery galleryid-41719 gallery-columns-3 gallery-size-thumbnail'><dl class='gallery-item'>\n\t\t\t<dt class='gallery-icon landscape'>\n\t\t\t\t<a href='https:\/\/cuernavaca.gob.mx\/?attachment_id=41722'><img width=\"150\" height=\"150\" src=\"https:\/\/cuernavaca.gob.mx\/wp-content\/uploads\/2024\/07\/CELEBRAN-EN-CUERNAVACA-50-AN\u0303OS-DEL-CENTRO-INAH-MORELOS-CON-LA-FIESTA-CULTURAL-INAH-FEST-2024-1-150x150.jpg\" class=\"attachment-thumbnail size-thumbnail\" alt=\"\" loading=\"lazy\" \/><\/a>\n\t\t\t<\/dt><\/dl><dl class='gallery-item'>\n\t\t\t<dt class='gallery-icon landscape'>\n\t\t\t\t<a href='https:\/\/cuernavaca.gob.mx\/?attachment_id=41723'><img width=\"150\" height=\"150\" src=\"https:\/\/cuernavaca.gob.mx\/wp-content\/uploads\/2024\/07\/CELEBRAN-EN-CUERNAVACA-50-AN\u0303OS-DEL-CENTRO-INAH-MORELOS-CON-LA-FIESTA-CULTURAL-INAH-FEST-2024-2-150x150.jpg\" class=\"attachment-thumbnail size-thumbnail\" alt=\"\" loading=\"lazy\" \/><\/a>\n\t\t\t<\/dt><\/dl><dl class='gallery-item'>\n\t\t\t<dt class='gallery-icon landscape'>\n\t\t\t\t<a href='https:\/\/cuernavaca.gob.mx\/?attachment_id=41724'><img width=\"150\" height=\"150\" src=\"https:\/\/cuernavaca.gob.mx\/wp-content\/uploads\/2024\/07\/CELEBRAN-EN-CUERNAVACA-50-AN\u0303OS-DEL-CENTRO-INAH-MORELOS-CON-LA-FIESTA-CULTURAL-INAH-FEST-2024-3-150x150.jpg\" class=\"attachment-thumbnail size-thumbnail\" alt=\"\" loading=\"lazy\" \/><\/a>\n\t\t\t<\/dt><\/dl><br style=\"clear: both\" \/><dl class='gallery-item'>\n\t\t\t<dt class='gallery-icon landscape'>\n\t\t\t\t<a href='https:\/\/cuernavaca.gob.mx\/?attachment_id=41725'><img width=\"150\" height=\"150\" src=\"https:\/\/cuernavaca.gob.mx\/wp-content\/uploads\/2024\/07\/CELEBRAN-EN-CUERNAVACA-50-AN\u0303OS-DEL-CENTRO-INAH-MORELOS-CON-LA-FIESTA-CULTURAL-INAH-FEST-2024-4-150x150.jpg\" class=\"attachment-thumbnail size-thumbnail\" alt=\"\" loading=\"lazy\" \/><\/a>\n\t\t\t<\/dt><\/dl><dl class='gallery-item'>\n\t\t\t<dt class='gallery-icon landscape'>\n\t\t\t\t<a href='https:\/\/cuernavaca.gob.mx\/?attachment_id=41726'><img width=\"150\" height=\"150\" src=\"https:\/\/cuernavaca.gob.mx\/wp-content\/uploads\/2024\/07\/CELEBRAN-EN-CUERNAVACA-50-AN\u0303OS-DEL-CENTRO-INAH-MORELOS-CON-LA-FIESTA-CULTURAL-INAH-FEST-2024-5-150x150.jpg\" class=\"attachment-thumbnail size-thumbnail\" alt=\"\" loading=\"lazy\" \/><\/a>\n\t\t\t<\/dt><\/dl><dl class='gallery-item'>\n\t\t\t<dt class='gallery-icon landscape'>\n\t\t\t\t<a href='https:\/\/cuernavaca.gob.mx\/?attachment_id=41727'><img width=\"150\" height=\"150\" src=\"https:\/\/cuernavaca.gob.mx\/wp-content\/uploads\/2024\/07\/CELEBRAN-EN-CUERNAVACA-50-AN\u0303OS-DEL-CENTRO-INAH-MORELOS-CON-LA-FIESTA-CULTURAL-INAH-FEST-2024-6-150x150.jpg\" class=\"attachment-thumbnail size-thumbnail\" alt=\"\" loading=\"lazy\" \/><\/a>\n\t\t\t<\/dt><\/dl><br style=\"clear: both\" \/><dl class='gallery-item'>\n\t\t\t<dt class='gallery-icon landscape'>\n\t\t\t\t<a href='https:\/\/cuernavaca.gob.mx\/?attachment_id=41728'><img width=\"150\" height=\"150\" src=\"https:\/\/cuernavaca.gob.mx\/wp-content\/uploads\/2024\/07\/CELEBRAN-EN-CUERNAVACA-50-AN\u0303OS-DEL-CENTRO-INAH-MORELOS-CON-LA-FIESTA-CULTURAL-INAH-FEST-2024-7-150x150.jpg\" class=\"attachment-thumbnail size-thumbnail\" alt=\"\" loading=\"lazy\" \/><\/a>\n\t\t\t<\/dt><\/dl>\n\t\t\t<br style='clear: both' \/>\n\t\t<\/div>\n\n","protected":false},"excerpt":{"rendered":"<p>\u2022 El presidente municipal Jos\u00e9 Luis Uri\u00f3stegui, particip\u00f3 este jueves en la inauguraci\u00f3n de esta verbena del conocimiento en el Museo Regional de los Pueblos de Morelos-Palacio de Cort\u00e9s \u2022 Del 04 al 06 de julio de 2024 se llevar\u00e1 a cabo esta tercera edici\u00f3n en el estado con actividades totalmente gratuitas para toda la [&hellip;]<\/p>\n","protected":false},"author":1,"featured_media":41726,"comment_status":"closed","ping_status":"open","sticky":false,"template":"","format":"standard","meta":[],"categories":[2292],"tags":[121,190,1071,2460,120,206,844,1274,3722,127],"aioseo_notices":[],"_links":{"self":[{"href":"https:\/\/cuernavaca.gob.mx\/index.php?rest_route=\/wp\/v2\/posts\/41719"}],"collection":[{"href":"https:\/\/cuernavaca.gob.mx\/index.php?rest_route=\/wp\/v2\/posts"}],"about":[{"href":"https:\/\/cuernavaca.gob.mx\/index.php?rest_route=\/wp\/v2\/types\/post"}],"author":[{"embeddable":true,"href":"https:\/\/cuernavaca.gob.mx\/index.php?rest_route=\/wp\/v2\/users\/1"}],"replies":[{"embeddable":true,"href":"https:\/\/cuernavaca.gob.mx\/index.php?rest_route=%2Fwp%2Fv2%2Fcomments&post=41719"}],"version-history":[{"count":1,"href":"https:\/\/cuernavaca.gob.mx\/index.php?rest_route=\/wp\/v2\/posts\/41719\/revisions"}],"predecessor-version":[{"id":41729,"href":"https:\/\/cuernavaca.gob.mx\/index.php?rest_route=\/wp\/v2\/posts\/41719\/revisions\/41729"}],"wp:featuredmedia":[{"embeddable":true,"href":"https:\/\/cuernavaca.gob.mx\/index.php?rest_route=\/wp\/v2\/media\/41726"}],"wp:attachment":[{"href":"https:\/\/cuernavaca.gob.mx\/index.php?rest_route=%2Fwp%2Fv2%2Fmedia&parent=41719"}],"wp:term":[{"taxonomy":"category","embeddable":true,"href":"https:\/\/cuernavaca.gob.mx\/index.php?rest_route=%2Fwp%2Fv2%2Fcategories&post=41719"},{"taxonomy":"post_tag","embeddable":true,"href":"https:\/\/cuernavaca.gob.mx\/index.php?rest_route=%2Fwp%2Fv2%2Ftags&post=41719"}],"curies":[{"name":"wp","href":"https:\/\/api.w.org\/{rel}","templated":true}]}}