{"id":41804,"date":"2024-07-06T14:15:28","date_gmt":"2024-07-06T20:15:28","guid":{"rendered":"https:\/\/cuernavaca.gob.mx\/?p=41804"},"modified":"2024-07-06T14:15:28","modified_gmt":"2024-07-06T20:15:28","slug":"b1820-06-07-24-habitantes-de-cuernavaca-reconocen-esfuerzos-del-gobierno-municipal-para-reactivar-la-obra-publica-a-favor-de-colonias-y-poblados","status":"publish","type":"post","link":"https:\/\/cuernavaca.gob.mx\/?p=41804","title":{"rendered":"B1820 06\/07\/24 HABITANTES DE CUERNAVACA RECONOCEN ESFUERZOS DEL GOBIERNO MUNICIPAL PARA REACTIVAR LA OBRA PUBLICA A FAVOR DE COLONIAS Y POBLADOS"},"content":{"rendered":"<p><strong>\u2022 As\u00ed qued\u00f3 de manifiesto por integrantes de la Comisi\u00f3n de Planificaci\u00f3n y Desarrollo en sesi\u00f3n de trabajo con el Comit\u00e9 de Planeaci\u00f3n para el Desarrollo Municipal<\/strong><\/p>\n<p>El Ayuntamiento de Cuernavaca encabezado por Jos\u00e9 Luis Uri\u00f3stegui Salgado ha recibiendo la aceptaci\u00f3n y reconocimiento de la poblaci\u00f3n en cada una de las obras p\u00fablicas que se han realizado para atender sus necesidades m\u00e1s apremiantes y a\u00f1ejas, ya que, en casi tres a\u00f1os de administraci\u00f3n, no solo se han mejorado las calles y avenidas, sino tambi\u00e9n, alumbrado p\u00fablico y el servicio de distribuci\u00f3n de agua potable.<\/p>\n<p>Lo anterior, fue expresado en la Comisi\u00f3n de Planificaci\u00f3n y Desarrollo que preside el regidor V\u00edctor Manzo God\u00ednez, que en reuni\u00f3n de trabajo con el Comit\u00e9 de Planeaci\u00f3n para el Desarrollo Municipal de Cuernavaca (COPLADEMUN), cuyo titular, Luis Enrique Mart\u00ednez Catal\u00e1n, rindi\u00f3 un informe sobre los avances del Programa Anual de Obra P\u00fablica 2024, el cual cuenta con tres fondos de distribuci\u00f3n, el Fondo de Aportaciones para la Infraestructura Social Municipal (FAISMUN), recursos propios municipales y el Fondo de Infraestructura Regional Municipal creado por el Congreso del Estado.<\/p>\n<p>Para este 2024 el Cabildo de Cuernavaca autoriz\u00f3 un presupuesto de 270 millones de pesos para un intenso programa de obra p\u00fablica que incluye proyectos en diversos rubros, desde pavimentaci\u00f3n hasta la sustituci\u00f3n de l\u00edneas de agua potable, en las cuales se ha priorizado la vinculaci\u00f3n social y la participaci\u00f3n ciudadana como ha ocurrido desde el inicio de la administraci\u00f3n.<\/p>\n<p>En este sentido, el regidor V\u00edctor Manzo, resalt\u00f3 que en Cuernavaca las obras se han estado realizando, manifestando la ciudadan\u00eda su benepl\u00e1cito por las mismas, toda vez que han mejorado la movilidad y la calidad de vida de los cuernavaquenses.<\/p>\n<p>Cabe resaltar que el Gobierno de Cuernavaca ha hecho inversiones hist\u00f3ricas en materia de p\u00fablica que se tradujeron en 2022 en 56 acciones, el a\u00f1o pasado en 83 y este 2024 en m\u00e1s de 119 intervenciones.<\/p>\n\n\t\t<style type=\"text\/css\">\n\t\t\t#gallery-1 {\n\t\t\t\tmargin: auto;\n\t\t\t}\n\t\t\t#gallery-1 .gallery-item {\n\t\t\t\tfloat: left;\n\t\t\t\tmargin-top: 10px;\n\t\t\t\ttext-align: center;\n\t\t\t\twidth: 33%;\n\t\t\t}\n\t\t\t#gallery-1 img {\n\t\t\t\tborder: 2px solid #cfcfcf;\n\t\t\t}\n\t\t\t#gallery-1 .gallery-caption {\n\t\t\t\tmargin-left: 0;\n\t\t\t}\n\t\t\t\/* see gallery_shortcode() in wp-includes\/media.php *\/\n\t\t<\/style>\n\t\t<div id='gallery-1' class='gallery galleryid-41804 gallery-columns-3 gallery-size-thumbnail'><dl class='gallery-item'>\n\t\t\t<dt class='gallery-icon landscape'>\n\t\t\t\t<a href='https:\/\/cuernavaca.gob.mx\/?attachment_id=41805'><img width=\"150\" height=\"150\" src=\"https:\/\/cuernavaca.gob.mx\/wp-content\/uploads\/2024\/07\/HABITANTES-DE-CUERNAVACA-RECONOCEN-ESFUERZOS-DEL-GOBIERNO-MUNICIPAL-PARA-REACTIVAR-LA-OBRA-PUBLICA-A-FAVOR-DE-COLONIAS-Y-POBLADOS-1-150x150.jpg\" class=\"attachment-thumbnail size-thumbnail\" alt=\"\" loading=\"lazy\" \/><\/a>\n\t\t\t<\/dt><\/dl><dl class='gallery-item'>\n\t\t\t<dt class='gallery-icon landscape'>\n\t\t\t\t<a href='https:\/\/cuernavaca.gob.mx\/?attachment_id=41806'><img width=\"150\" height=\"150\" src=\"https:\/\/cuernavaca.gob.mx\/wp-content\/uploads\/2024\/07\/HABITANTES-DE-CUERNAVACA-RECONOCEN-ESFUERZOS-DEL-GOBIERNO-MUNICIPAL-PARA-REACTIVAR-LA-OBRA-PUBLICA-A-FAVOR-DE-COLONIAS-Y-POBLADOS-2-150x150.jpg\" class=\"attachment-thumbnail size-thumbnail\" alt=\"\" loading=\"lazy\" \/><\/a>\n\t\t\t<\/dt><\/dl><dl class='gallery-item'>\n\t\t\t<dt class='gallery-icon landscape'>\n\t\t\t\t<a href='https:\/\/cuernavaca.gob.mx\/?attachment_id=41807'><img width=\"150\" height=\"150\" src=\"https:\/\/cuernavaca.gob.mx\/wp-content\/uploads\/2024\/07\/HABITANTES-DE-CUERNAVACA-RECONOCEN-ESFUERZOS-DEL-GOBIERNO-MUNICIPAL-PARA-REACTIVAR-LA-OBRA-PUBLICA-A-FAVOR-DE-COLONIAS-Y-POBLADOS-3-150x150.jpg\" class=\"attachment-thumbnail size-thumbnail\" alt=\"\" loading=\"lazy\" \/><\/a>\n\t\t\t<\/dt><\/dl><br style=\"clear: both\" \/><dl class='gallery-item'>\n\t\t\t<dt class='gallery-icon landscape'>\n\t\t\t\t<a href='https:\/\/cuernavaca.gob.mx\/?attachment_id=41808'><img width=\"150\" height=\"150\" src=\"https:\/\/cuernavaca.gob.mx\/wp-content\/uploads\/2024\/07\/HABITANTES-DE-CUERNAVACA-RECONOCEN-ESFUERZOS-DEL-GOBIERNO-MUNICIPAL-PARA-REACTIVAR-LA-OBRA-PUBLICA-A-FAVOR-DE-COLONIAS-Y-POBLADOS-4-150x150.jpg\" class=\"attachment-thumbnail size-thumbnail\" alt=\"\" loading=\"lazy\" \/><\/a>\n\t\t\t<\/dt><\/dl><dl class='gallery-item'>\n\t\t\t<dt class='gallery-icon landscape'>\n\t\t\t\t<a href='https:\/\/cuernavaca.gob.mx\/?attachment_id=41809'><img width=\"150\" height=\"150\" src=\"https:\/\/cuernavaca.gob.mx\/wp-content\/uploads\/2024\/07\/HABITANTES-DE-CUERNAVACA-RECONOCEN-ESFUERZOS-DEL-GOBIERNO-MUNICIPAL-PARA-REACTIVAR-LA-OBRA-PUBLICA-A-FAVOR-DE-COLONIAS-Y-POBLADOS-5-150x150.jpg\" class=\"attachment-thumbnail size-thumbnail\" alt=\"\" loading=\"lazy\" \/><\/a>\n\t\t\t<\/dt><\/dl>\n\t\t\t<br style='clear: both' \/>\n\t\t<\/div>\n\n","protected":false},"excerpt":{"rendered":"<p>\u2022 As\u00ed qued\u00f3 de manifiesto por integrantes de la Comisi\u00f3n de Planificaci\u00f3n y Desarrollo en sesi\u00f3n de trabajo con el Comit\u00e9 de Planeaci\u00f3n para el Desarrollo Municipal El Ayuntamiento de Cuernavaca encabezado por Jos\u00e9 Luis Uri\u00f3stegui Salgado ha recibiendo la aceptaci\u00f3n y reconocimiento de la poblaci\u00f3n en cada una de las obras p\u00fablicas que se [&hellip;]<\/p>\n","protected":false},"author":1,"featured_media":41808,"comment_status":"closed","ping_status":"open","sticky":false,"template":"","format":"standard","meta":[],"categories":[18],"tags":[916,121,836,515,120,206,1075,213,127],"aioseo_notices":[],"_links":{"self":[{"href":"https:\/\/cuernavaca.gob.mx\/index.php?rest_route=\/wp\/v2\/posts\/41804"}],"collection":[{"href":"https:\/\/cuernavaca.gob.mx\/index.php?rest_route=\/wp\/v2\/posts"}],"about":[{"href":"https:\/\/cuernavaca.gob.mx\/index.php?rest_route=\/wp\/v2\/types\/post"}],"author":[{"embeddable":true,"href":"https:\/\/cuernavaca.gob.mx\/index.php?rest_route=\/wp\/v2\/users\/1"}],"replies":[{"embeddable":true,"href":"https:\/\/cuernavaca.gob.mx\/index.php?rest_route=%2Fwp%2Fv2%2Fcomments&post=41804"}],"version-history":[{"count":1,"href":"https:\/\/cuernavaca.gob.mx\/index.php?rest_route=\/wp\/v2\/posts\/41804\/revisions"}],"predecessor-version":[{"id":41810,"href":"https:\/\/cuernavaca.gob.mx\/index.php?rest_route=\/wp\/v2\/posts\/41804\/revisions\/41810"}],"wp:featuredmedia":[{"embeddable":true,"href":"https:\/\/cuernavaca.gob.mx\/index.php?rest_route=\/wp\/v2\/media\/41808"}],"wp:attachment":[{"href":"https:\/\/cuernavaca.gob.mx\/index.php?rest_route=%2Fwp%2Fv2%2Fmedia&parent=41804"}],"wp:term":[{"taxonomy":"category","embeddable":true,"href":"https:\/\/cuernavaca.gob.mx\/index.php?rest_route=%2Fwp%2Fv2%2Fcategories&post=41804"},{"taxonomy":"post_tag","embeddable":true,"href":"https:\/\/cuernavaca.gob.mx\/index.php?rest_route=%2Fwp%2Fv2%2Ftags&post=41804"}],"curies":[{"name":"wp","href":"https:\/\/api.w.org\/{rel}","templated":true}]}}