{"id":41811,"date":"2024-07-06T14:43:55","date_gmt":"2024-07-06T20:43:55","guid":{"rendered":"https:\/\/cuernavaca.gob.mx\/?p=41811"},"modified":"2024-07-06T14:43:55","modified_gmt":"2024-07-06T20:43:55","slug":"b1821-06-07-24-la-policia-de-cuernavaca-pone-a-disposicion-a-presuntos-responsables-hechos-ilicitos-y-asegura-vehiculos-con-reporte-de-robo","status":"publish","type":"post","link":"https:\/\/cuernavaca.gob.mx\/?p=41811","title":{"rendered":"B1821 06\/07\/24 LA POLIC\u00cdA DE CUERNAVACA PONE A DISPOSICI\u00d3N A PRESUNTOS RESPONSABLES HECHOS IL\u00cdCITOS Y ASEGURA VEH\u00cdCULOS CON REPORTE DE ROBO"},"content":{"rendered":"<p><strong>\u2022 En la \u00faltima semana la Secretar\u00eda de Protecci\u00f3n y Auxilio Ciudadano (SEPRAC) de Cuernavaca detuvo a 52 personas, de las cuales 10 fueron puestas a disposici\u00f3n del Ministerio P\u00fablico y 42 al Juez C\u00edvico<\/strong><\/p>\n<p>Del 24 al 30 de junio la Secretar\u00eda de Protecci\u00f3n y Auxilio Ciudadano (SEPRAC) de Cuernavaca detuvo a 52 personas, de las cuales 10 fueron puestas a disposici\u00f3n del Ministerio P\u00fablico y 42 al Juez C\u00edvico por diversos delitos, entre ellos por poseer veh\u00edculos con reporte de robo vigente y con alteraciones en sus medios de identificativos que han dado como resultado que del 01 de enero al 30 de junio del 2024 la Unidad de Prevenci\u00f3n al Robo de Veh\u00edculos (UPRV) ha recuperado un total de 111 unidades.<\/p>\n<p>El subsecretario de la Polic\u00eda Preventiva, Christian M\u00e9ndez Quintana, rindi\u00f3 un informe sobre las detenciones realizadas, destacando el aseguramiento en Ciudad Chapultepec de Jorge \u201cN\u201d por poseer una motocicleta marca Italika, tipo DF150, color azul con verde, a\u00f1o 2020 y serie 3SCTDSEA8L1020337, con reporte de robo vigente.<\/p>\n<p>Mencion\u00f3 que en la colonia Ricardo Flores Mag\u00f3n se detuvo y puso a disposici\u00f3n del Ministerio P\u00fablico a Alan \u201cN\u201d por poseer un veh\u00edculo con alteraciones en sus medios identificativos, a quien le aseguraron un autom\u00f3vil marca Nissan, submarca Versa, color gris, a\u00f1o 2016, serie 3N1AB7AE7GL603383 con placas de circulaci\u00f3n MJB142A del Estado de M\u00e9xico.<\/p>\n<p>De igual forma, en la colonia Centro se detuvo y se puso a disposici\u00f3n del Ministerio P\u00fablico a Anthony \u201cN\u201d, por poseer un veh\u00edculo marca Chevrolet, submarca Aveo, color blanco, serie 3G1TA5AF6FL110579, con reporte de robo vigente de fecha 19 de junio de 2024 relacionado con la carpeta de investigaci\u00f3n FRV01\/1429\/2024.<\/p>\n<p>Cabe resaltar que Anthony \u201cN\u201d ha sido puesto a disposici\u00f3n del Ministerio P\u00fablico en dos ocasiones: el 22 de septiembre de 2023 por posesi\u00f3n de un veh\u00edculo de procedencia il\u00edcita y el 07 de noviembre de 2023 por robo de cable.<\/p>\n<p>El subsecretario destac\u00f3 que tambi\u00e9n en esta semana detuvieron en la colonia Ejidos de Chipitl\u00e1n a J. Isabel \u201cN\u201d por el delito de allanamiento de morada, mientras que en la colonia Tulipanes aseguraron a Kuanari \u201cN\u201d por su probable participaci\u00f3n en el delito de robo en agravio del establecimiento Sanborns y en la colonia Centro detuvieron a Julio C\u00e9sar \u201cN\u201d por su probable participaci\u00f3n en la conducta de robo en agravio de la empresa TELMEX, quien cuenta con antecedentes penales relacionados al robo de cable y allanamiento de morada.<\/p>\n<p>En la colonia Universo detuvieron a Luis Arturo &#8220;N&#8221; por su probable participaci\u00f3n en el delito de robo en agravio del establecimiento 3B, en el Centro aseguraron a Carlos \u201cN\u201d por su probable participaci\u00f3n en el delito de robo en agravio del establecimiento OXXO y en la colonia Cantarranas detuvieron a V\u00edctor Hugo \u201cN\u201d y John Joaqu\u00edn \u201cN\u201d por su probable participaci\u00f3n en el delito de robo en agravio del establecimiento OXXO.<\/p>\n<p>Finalmente, record\u00f3 que para reportar cualquier auxilio pueden comunicarse a la Central de Emergencias del C4 de Cuernavaca, al 777 312 12 74, donde son atendidos a la brevedad las 24 horas del d\u00eda.<\/p>\n\n\t\t<style type=\"text\/css\">\n\t\t\t#gallery-1 {\n\t\t\t\tmargin: auto;\n\t\t\t}\n\t\t\t#gallery-1 .gallery-item {\n\t\t\t\tfloat: left;\n\t\t\t\tmargin-top: 10px;\n\t\t\t\ttext-align: center;\n\t\t\t\twidth: 33%;\n\t\t\t}\n\t\t\t#gallery-1 img {\n\t\t\t\tborder: 2px solid #cfcfcf;\n\t\t\t}\n\t\t\t#gallery-1 .gallery-caption {\n\t\t\t\tmargin-left: 0;\n\t\t\t}\n\t\t\t\/* see gallery_shortcode() in wp-includes\/media.php *\/\n\t\t<\/style>\n\t\t<div id='gallery-1' class='gallery galleryid-41811 gallery-columns-3 gallery-size-thumbnail'><dl class='gallery-item'>\n\t\t\t<dt class='gallery-icon landscape'>\n\t\t\t\t<a href='https:\/\/cuernavaca.gob.mx\/?attachment_id=41812'><img width=\"150\" height=\"150\" src=\"https:\/\/cuernavaca.gob.mx\/wp-content\/uploads\/2024\/07\/LA-POLICI\u0301A-DE-CUERNAVACA-PONE-A-DISPOSICIO\u0301N-A-PRESUNTOS-RESPONSABLES-HECHOS-ILI\u0301CITOS-Y-ASEGURA-VEHI\u0301CULOS-CON-REPORTE-DE-ROBO-1-150x150.jpg\" class=\"attachment-thumbnail size-thumbnail\" alt=\"\" loading=\"lazy\" \/><\/a>\n\t\t\t<\/dt><\/dl><dl class='gallery-item'>\n\t\t\t<dt class='gallery-icon landscape'>\n\t\t\t\t<a href='https:\/\/cuernavaca.gob.mx\/?attachment_id=41813'><img width=\"150\" height=\"150\" src=\"https:\/\/cuernavaca.gob.mx\/wp-content\/uploads\/2024\/07\/LA-POLICI\u0301A-DE-CUERNAVACA-PONE-A-DISPOSICIO\u0301N-A-PRESUNTOS-RESPONSABLES-HECHOS-ILI\u0301CITOS-Y-ASEGURA-VEHI\u0301CULOS-CON-REPORTE-DE-ROBO-2-150x150.jpg\" class=\"attachment-thumbnail size-thumbnail\" alt=\"\" loading=\"lazy\" \/><\/a>\n\t\t\t<\/dt><\/dl><dl class='gallery-item'>\n\t\t\t<dt class='gallery-icon landscape'>\n\t\t\t\t<a href='https:\/\/cuernavaca.gob.mx\/?attachment_id=41814'><img width=\"150\" height=\"150\" src=\"https:\/\/cuernavaca.gob.mx\/wp-content\/uploads\/2024\/07\/LA-POLICI\u0301A-DE-CUERNAVACA-PONE-A-DISPOSICIO\u0301N-A-PRESUNTOS-RESPONSABLES-HECHOS-ILI\u0301CITOS-Y-ASEGURA-VEHI\u0301CULOS-CON-REPORTE-DE-ROBO-3-150x150.jpg\" class=\"attachment-thumbnail size-thumbnail\" alt=\"\" loading=\"lazy\" \/><\/a>\n\t\t\t<\/dt><\/dl><br style=\"clear: both\" \/><dl class='gallery-item'>\n\t\t\t<dt class='gallery-icon landscape'>\n\t\t\t\t<a href='https:\/\/cuernavaca.gob.mx\/?attachment_id=41815'><img width=\"150\" height=\"150\" src=\"https:\/\/cuernavaca.gob.mx\/wp-content\/uploads\/2024\/07\/LA-POLICI\u0301A-DE-CUERNAVACA-PONE-A-DISPOSICIO\u0301N-A-PRESUNTOS-RESPONSABLES-HECHOS-ILI\u0301CITOS-Y-ASEGURA-VEHI\u0301CULOS-CON-REPORTE-DE-ROBO-4-150x150.jpg\" class=\"attachment-thumbnail size-thumbnail\" alt=\"\" loading=\"lazy\" \/><\/a>\n\t\t\t<\/dt><\/dl><dl class='gallery-item'>\n\t\t\t<dt class='gallery-icon landscape'>\n\t\t\t\t<a href='https:\/\/cuernavaca.gob.mx\/?attachment_id=41816'><img width=\"150\" height=\"150\" src=\"https:\/\/cuernavaca.gob.mx\/wp-content\/uploads\/2024\/07\/LA-POLICI\u0301A-DE-CUERNAVACA-PONE-A-DISPOSICIO\u0301N-A-PRESUNTOS-RESPONSABLES-HECHOS-ILI\u0301CITOS-Y-ASEGURA-VEHI\u0301CULOS-CON-REPORTE-DE-ROBO-5-150x150.jpg\" class=\"attachment-thumbnail size-thumbnail\" alt=\"\" loading=\"lazy\" \/><\/a>\n\t\t\t<\/dt><\/dl><dl class='gallery-item'>\n\t\t\t<dt class='gallery-icon landscape'>\n\t\t\t\t<a href='https:\/\/cuernavaca.gob.mx\/?attachment_id=41817'><img width=\"150\" height=\"150\" src=\"https:\/\/cuernavaca.gob.mx\/wp-content\/uploads\/2024\/07\/LA-POLICI\u0301A-DE-CUERNAVACA-PONE-A-DISPOSICIO\u0301N-A-PRESUNTOS-RESPONSABLES-HECHOS-ILI\u0301CITOS-Y-ASEGURA-VEHI\u0301CULOS-CON-REPORTE-DE-ROBO-6-150x150.jpg\" class=\"attachment-thumbnail size-thumbnail\" alt=\"\" loading=\"lazy\" \/><\/a>\n\t\t\t<\/dt><\/dl><br style=\"clear: both\" \/><dl class='gallery-item'>\n\t\t\t<dt class='gallery-icon landscape'>\n\t\t\t\t<a href='https:\/\/cuernavaca.gob.mx\/?attachment_id=41818'><img width=\"150\" height=\"150\" src=\"https:\/\/cuernavaca.gob.mx\/wp-content\/uploads\/2024\/07\/LA-POLICI\u0301A-DE-CUERNAVACA-PONE-A-DISPOSICIO\u0301N-A-PRESUNTOS-RESPONSABLES-HECHOS-ILI\u0301CITOS-Y-ASEGURA-VEHI\u0301CULOS-CON-REPORTE-DE-ROBO-7-150x150.jpg\" class=\"attachment-thumbnail size-thumbnail\" alt=\"\" loading=\"lazy\" \/><\/a>\n\t\t\t<\/dt><\/dl><dl class='gallery-item'>\n\t\t\t<dt class='gallery-icon landscape'>\n\t\t\t\t<a href='https:\/\/cuernavaca.gob.mx\/?attachment_id=41819'><img width=\"150\" height=\"150\" src=\"https:\/\/cuernavaca.gob.mx\/wp-content\/uploads\/2024\/07\/LA-POLICI\u0301A-DE-CUERNAVACA-PONE-A-DISPOSICIO\u0301N-A-PRESUNTOS-RESPONSABLES-HECHOS-ILI\u0301CITOS-Y-ASEGURA-VEHI\u0301CULOS-CON-REPORTE-DE-ROBO-8-150x150.jpg\" class=\"attachment-thumbnail size-thumbnail\" alt=\"\" loading=\"lazy\" \/><\/a>\n\t\t\t<\/dt><\/dl>\n\t\t\t<br style='clear: both' \/>\n\t\t<\/div>\n\n","protected":false},"excerpt":{"rendered":"<p>\u2022 En la \u00faltima semana la Secretar\u00eda de Protecci\u00f3n y Auxilio Ciudadano (SEPRAC) de Cuernavaca detuvo a 52 personas, de las cuales 10 fueron puestas a disposici\u00f3n del Ministerio P\u00fablico y 42 al Juez C\u00edvico Del 24 al 30 de junio la Secretar\u00eda de Protecci\u00f3n y Auxilio Ciudadano (SEPRAC) de Cuernavaca detuvo a 52 personas, [&hellip;]<\/p>\n","protected":false},"author":1,"featured_media":41812,"comment_status":"closed","ping_status":"open","sticky":false,"template":"","format":"standard","meta":[],"categories":[17],"tags":[2582,121,120,206,3235,127,414,125],"aioseo_notices":[],"_links":{"self":[{"href":"https:\/\/cuernavaca.gob.mx\/index.php?rest_route=\/wp\/v2\/posts\/41811"}],"collection":[{"href":"https:\/\/cuernavaca.gob.mx\/index.php?rest_route=\/wp\/v2\/posts"}],"about":[{"href":"https:\/\/cuernavaca.gob.mx\/index.php?rest_route=\/wp\/v2\/types\/post"}],"author":[{"embeddable":true,"href":"https:\/\/cuernavaca.gob.mx\/index.php?rest_route=\/wp\/v2\/users\/1"}],"replies":[{"embeddable":true,"href":"https:\/\/cuernavaca.gob.mx\/index.php?rest_route=%2Fwp%2Fv2%2Fcomments&post=41811"}],"version-history":[{"count":1,"href":"https:\/\/cuernavaca.gob.mx\/index.php?rest_route=\/wp\/v2\/posts\/41811\/revisions"}],"predecessor-version":[{"id":41820,"href":"https:\/\/cuernavaca.gob.mx\/index.php?rest_route=\/wp\/v2\/posts\/41811\/revisions\/41820"}],"wp:featuredmedia":[{"embeddable":true,"href":"https:\/\/cuernavaca.gob.mx\/index.php?rest_route=\/wp\/v2\/media\/41812"}],"wp:attachment":[{"href":"https:\/\/cuernavaca.gob.mx\/index.php?rest_route=%2Fwp%2Fv2%2Fmedia&parent=41811"}],"wp:term":[{"taxonomy":"category","embeddable":true,"href":"https:\/\/cuernavaca.gob.mx\/index.php?rest_route=%2Fwp%2Fv2%2Fcategories&post=41811"},{"taxonomy":"post_tag","embeddable":true,"href":"https:\/\/cuernavaca.gob.mx\/index.php?rest_route=%2Fwp%2Fv2%2Ftags&post=41811"}],"curies":[{"name":"wp","href":"https:\/\/api.w.org\/{rel}","templated":true}]}}