{"id":41821,"date":"2024-07-06T15:04:30","date_gmt":"2024-07-06T21:04:30","guid":{"rendered":"https:\/\/cuernavaca.gob.mx\/?p=41821"},"modified":"2024-07-06T15:04:30","modified_gmt":"2024-07-06T21:04:30","slug":"f837-06-07-24-incrementa-en-los-ultimos-dias-accidentes-viales-por-distracciones-en-cuernavaca","status":"publish","type":"post","link":"https:\/\/cuernavaca.gob.mx\/?p=41821","title":{"rendered":"F837 06\/07\/24 INCREMENTA EN LOS \u00daLTIMOS DIAS ACCIDENTES VIALES POR DISTRACCIONES EN CUERNAVACA"},"content":{"rendered":"<p>La Secretar\u00eda de Protecci\u00f3n y Auxilio Ciudadano (SEPRAC) de Cuernavaca hace un llamado a la poblaci\u00f3n a conducir de manera de manera responsable y con precauci\u00f3n para salvaguardar su integridad y la de terceros derivado de que en \u00faltimos meses los accidentes viales han ido en aumento, particularmente por conducir bajo los efectos de bebidas alcoh\u00f3licas, distracciones y llamadas con tel\u00e9fonos m\u00f3viles, registrando la semana del 24 al 30 de junio un total de 33.<\/p>\n<p>El director de Polic\u00eda Vial, Javier Tencle Santiago, inform\u00f3 que los fines de semana son los de mayor incidencia, atendiendo el reporte promedio de 12 accidentes, sin embargo, el pasado fin de semana hubo un total de 33 accidentes, de las cuales 19 unidades fueron trasladadas al dep\u00f3sito vehicular para su respectiva puesta a disposici\u00f3n, toda vez que no se llegaron a acuerdos entre los particulares.<\/p>\n<p>Por otra parte, en acciones preventivas que se han implementado en Cuernavaca, se\u00f1al\u00f3 que contin\u00faan con el operativo de \u201cMoto Segura\u201d ingresando al dep\u00f3sito oficial 25 veh\u00edculos, seis motos y 19 autom\u00f3viles por incumplir lo establecido en el Reglamento de Tr\u00e1nsito.<\/p>\n<p>A\u00f1adi\u00f3 tambi\u00e9n las labores de reparaci\u00f3n y mantenimiento del sistema semaf\u00f3rico aislado que se han llevado a cabo en la ciudad, destacando la reparaci\u00f3n de los sem\u00e1foros de avenida Plan de Ayala desde El Vergel hasta la glorieta de La Luna, del crucero de Poder Legislativo y calle Taxco, as\u00ed como del crucero entre las avenidas Teopanzolco y R\u00edo Mayo.<\/p>\n\n\t\t<style type=\"text\/css\">\n\t\t\t#gallery-1 {\n\t\t\t\tmargin: auto;\n\t\t\t}\n\t\t\t#gallery-1 .gallery-item {\n\t\t\t\tfloat: left;\n\t\t\t\tmargin-top: 10px;\n\t\t\t\ttext-align: center;\n\t\t\t\twidth: 33%;\n\t\t\t}\n\t\t\t#gallery-1 img {\n\t\t\t\tborder: 2px solid #cfcfcf;\n\t\t\t}\n\t\t\t#gallery-1 .gallery-caption {\n\t\t\t\tmargin-left: 0;\n\t\t\t}\n\t\t\t\/* see gallery_shortcode() in wp-includes\/media.php *\/\n\t\t<\/style>\n\t\t<div id='gallery-1' class='gallery galleryid-41821 gallery-columns-3 gallery-size-thumbnail'><dl class='gallery-item'>\n\t\t\t<dt class='gallery-icon portrait'>\n\t\t\t\t<a href='https:\/\/cuernavaca.gob.mx\/?attachment_id=41822'><img width=\"150\" height=\"150\" src=\"https:\/\/cuernavaca.gob.mx\/wp-content\/uploads\/2024\/07\/INCREMENTA-EN-LOS-U\u0301LTIMOS-DIAS-ACCIDENTES-VIALES-POR-DISTRACCIONES-EN-CUERNAVACA-1-150x150.jpg\" class=\"attachment-thumbnail size-thumbnail\" alt=\"\" loading=\"lazy\" \/><\/a>\n\t\t\t<\/dt><\/dl><dl class='gallery-item'>\n\t\t\t<dt class='gallery-icon portrait'>\n\t\t\t\t<a href='https:\/\/cuernavaca.gob.mx\/?attachment_id=41823'><img width=\"150\" height=\"150\" src=\"https:\/\/cuernavaca.gob.mx\/wp-content\/uploads\/2024\/07\/INCREMENTA-EN-LOS-U\u0301LTIMOS-DIAS-ACCIDENTES-VIALES-POR-DISTRACCIONES-EN-CUERNAVACA-2-150x150.jpg\" class=\"attachment-thumbnail size-thumbnail\" alt=\"\" loading=\"lazy\" \/><\/a>\n\t\t\t<\/dt><\/dl><dl class='gallery-item'>\n\t\t\t<dt class='gallery-icon landscape'>\n\t\t\t\t<a href='https:\/\/cuernavaca.gob.mx\/?attachment_id=41824'><img width=\"150\" height=\"150\" src=\"https:\/\/cuernavaca.gob.mx\/wp-content\/uploads\/2024\/07\/INCREMENTA-EN-LOS-U\u0301LTIMOS-DIAS-ACCIDENTES-VIALES-POR-DISTRACCIONES-EN-CUERNAVACA-3-150x150.jpg\" class=\"attachment-thumbnail size-thumbnail\" alt=\"\" loading=\"lazy\" \/><\/a>\n\t\t\t<\/dt><\/dl><br style=\"clear: both\" \/>\n\t\t<\/div>\n\n","protected":false},"excerpt":{"rendered":"<p>La Secretar\u00eda de Protecci\u00f3n y Auxilio Ciudadano (SEPRAC) de Cuernavaca hace un llamado a la poblaci\u00f3n a conducir de manera de manera responsable y con precauci\u00f3n para salvaguardar su integridad y la de terceros derivado de que en \u00faltimos meses los accidentes viales han ido en aumento, particularmente por conducir bajo los efectos de bebidas [&hellip;]<\/p>\n","protected":false},"author":1,"featured_media":41822,"comment_status":"closed","ping_status":"open","sticky":false,"template":"","format":"standard","meta":[],"categories":[17],"tags":[2009,121,120,206,127,403,2222,241],"aioseo_notices":[],"_links":{"self":[{"href":"https:\/\/cuernavaca.gob.mx\/index.php?rest_route=\/wp\/v2\/posts\/41821"}],"collection":[{"href":"https:\/\/cuernavaca.gob.mx\/index.php?rest_route=\/wp\/v2\/posts"}],"about":[{"href":"https:\/\/cuernavaca.gob.mx\/index.php?rest_route=\/wp\/v2\/types\/post"}],"author":[{"embeddable":true,"href":"https:\/\/cuernavaca.gob.mx\/index.php?rest_route=\/wp\/v2\/users\/1"}],"replies":[{"embeddable":true,"href":"https:\/\/cuernavaca.gob.mx\/index.php?rest_route=%2Fwp%2Fv2%2Fcomments&post=41821"}],"version-history":[{"count":1,"href":"https:\/\/cuernavaca.gob.mx\/index.php?rest_route=\/wp\/v2\/posts\/41821\/revisions"}],"predecessor-version":[{"id":41825,"href":"https:\/\/cuernavaca.gob.mx\/index.php?rest_route=\/wp\/v2\/posts\/41821\/revisions\/41825"}],"wp:featuredmedia":[{"embeddable":true,"href":"https:\/\/cuernavaca.gob.mx\/index.php?rest_route=\/wp\/v2\/media\/41822"}],"wp:attachment":[{"href":"https:\/\/cuernavaca.gob.mx\/index.php?rest_route=%2Fwp%2Fv2%2Fmedia&parent=41821"}],"wp:term":[{"taxonomy":"category","embeddable":true,"href":"https:\/\/cuernavaca.gob.mx\/index.php?rest_route=%2Fwp%2Fv2%2Fcategories&post=41821"},{"taxonomy":"post_tag","embeddable":true,"href":"https:\/\/cuernavaca.gob.mx\/index.php?rest_route=%2Fwp%2Fv2%2Ftags&post=41821"}],"curies":[{"name":"wp","href":"https:\/\/api.w.org\/{rel}","templated":true}]}}